{"id":84597,"date":"2020-07-01T18:00:13","date_gmt":"2020-07-01T22:00:13","guid":{"rendered":"https:\/\/www.iaff.org\/news\/un-membre-de-virginia-en-vedette-dans-une-nouvelle-serie-televisee-de-competition\/"},"modified":"2025-08-11T11:50:18","modified_gmt":"2025-08-11T15:50:18","slug":"un-membre-de-virginia-en-vedette-dans-une-nouvelle-serie-televisee-de-competition","status":"publish","type":"news","link":"https:\/\/www.iaff.org\/fr-ca\/news\/un-membre-de-virginia-en-vedette-dans-une-nouvelle-serie-televisee-de-competition\/","title":{"rendered":"Un membre de Virginia en vedette dans une nouvelle s\u00e9rie t\u00e9l\u00e9vis\u00e9e de comp\u00e9tition"},"content":{"rendered":"<div class=\"wp-block-paragraph \">\n<p>Young An, membre de la section locale 2141 d\u2019Alexandria, en Virginie, un v\u00e9t\u00e9ran de neuf ans en tant que pompier, participera \u00e0 une nouvelle s\u00e9rie de comp\u00e9titions intitul\u00e9e Tough as Nails.<br\/><br\/>L\u2019\u00e9mission compte six concurrents masculins et six f\u00e9minins. Chacun d\u2019eux occupe un emploi n\u00e9cessitant de la force mentale et physique. Les comp\u00e9tences qu\u2019ils ont acquises en cours d\u2019emploi les aideront \u00e0 surmonter une s\u00e9rie de d\u00e9fis p\u00e9nibles tout au long de la s\u00e9rie. \u00c0 la fin, l\u2019un d\u2019entre eux sera couronn\u00e9 dur comme des clous.   <\/p>\n<\/div><div class=\"wp-block-paragraph \">\n<p>\u00ab Un d\u00e9fi que nous avons eu au d\u00e9but a \u00e9t\u00e9 appel\u00e9 \u00e0 juste titre le \u00ab\u00a0d\u00e9fi brutal\u00a0\u00bb. Pour cela, nous avons d\u00fb faire autant de burpees que possible pendant huit minutes \u00bb, explique Young An, membre de la section locale 2141. <\/p>\n<\/div><div class=\"wp-block-paragraph \">\n<p>Alors qu\u2019ils cherchaient des concurrents, le cr\u00e9ateur et animateur de l\u2019\u00e9mission, Phil Keoghan, qui a d\u00e9clar\u00e9 franchement son soutien aux syndicats et au mouvement syndical, a contact\u00e9 l\u2019Alliance des sportifs syndicaux pour obtenir de l\u2019aide. An et Tara Davis, membre de la section locale 2141, se sont joints \u00e0 la liste des concurrents. <\/p>\n<\/div><div class=\"wp-block-paragraph \">\n<p>L\u2019\u00e9mission commence le mercredi 8 juillet sur CBS. Consultez votre programmation locale pour conna\u00eetre les horaires. <\/p>\n<\/div>","protected":false},"featured_media":1404,"menu_order":0,"template":"","tags":[],"class_list":["post-84597","news","type-news","status-publish","has-post-thumbnail","hentry"],"acf":[],"publishpress_future_workflow_manual_trigger":{"enabledWorkflows":[]},"_links":{"self":[{"href":"https:\/\/www.iaff.org\/fr-ca\/wp-json\/wp\/v2\/news\/84597","targetHints":{"allow":["GET"]}}],"collection":[{"href":"https:\/\/www.iaff.org\/fr-ca\/wp-json\/wp\/v2\/news"}],"about":[{"href":"https:\/\/www.iaff.org\/fr-ca\/wp-json\/wp\/v2\/types\/news"}],"version-history":[{"count":0,"href":"https:\/\/www.iaff.org\/fr-ca\/wp-json\/wp\/v2\/news\/84597\/revisions"}],"wp:featuredmedia":[{"embeddable":true,"href":"https:\/\/www.iaff.org\/fr-ca\/wp-json\/wp\/v2\/media\/1404"}],"wp:attachment":[{"href":"https:\/\/www.iaff.org\/fr-ca\/wp-json\/wp\/v2\/media?parent=84597"}],"wp:term":[{"taxonomy":"post_tag","embeddable":true,"href":"https:\/\/www.iaff.org\/fr-ca\/wp-json\/wp\/v2\/tags?post=84597"}],"curies":[{"name":"wp","href":"https:\/\/api.w.org\/{rel}","templated":true}]}}