{"id":84590,"date":"2020-06-25T13:57:51","date_gmt":"2020-06-25T17:57:51","guid":{"rendered":"https:\/\/www.iaff.org\/news\/la-section-locale-5273-de-mexia-fait-partie-des-plus-recents-affilies-de-laip\/"},"modified":"2025-10-06T10:46:09","modified_gmt":"2025-10-06T14:46:09","slug":"la-section-locale-5273-de-mexia-fait-partie-des-plus-recents-affilies-de-laip","status":"publish","type":"news","link":"https:\/\/www.iaff.org\/fr-ca\/news\/la-section-locale-5273-de-mexia-fait-partie-des-plus-recents-affilies-de-laip\/","title":{"rendered":"La section locale 5273 de Mexia fait partie des plus r\u00e9cents affili\u00e9s de l\u2019AIP"},"content":{"rendered":"<div class=\"wp-block-paragraph \">\n<p>L\u2019IAFF accueille la section locale 5273 de Mexia, TX.<\/p>\n<\/div><div class=\"wp-block-paragraph \">\n<p>La section locale 5273 repr\u00e9sente les int\u00e9r\u00eats des pompiers professionnels employ\u00e9s par le service d\u2019incendie de Mexia. La ville de Mexia se trouve \u00e0 environ 40 milles \u00e0 l\u2019est de Waco et \u00e0 environ 1,5 heure au sud de Dallas. <\/p>\n<\/div>\n<figure class=\"wp-block-image aligncenter size-large\"><img decoding=\"async\" src=\"https:\/\/www.iaff.org\/wp-content\/uploads\/\/Mexia-300x115.jpg\" alt=\"\"><\/figure>\n<div class=\"wp-block-paragraph \">\n<p>\u00ab Notre premi\u00e8re priorit\u00e9 est d\u2019\u00eatre un atout \u00e0 long terme pour la ville de Mexia et toutes les communaut\u00e9s locales que nous servons. Nous avons l\u2019intention d\u2019aider \u00e0 combler les \u00e9carts entre les co\u00fbts croissants d\u2019exploitation d\u2019un service d\u2019incendie et ce que le service est r\u00e9ellement budg\u00e9t\u00e9 chaque ann\u00e9e \u00bb, a d\u00e9clar\u00e9 le pr\u00e9sident de la section locale 5273, Kyle Hancock. \u00ab Nous avons \u00e9galement h\u00e2te de parler avec les dirigeants de la ville et du comt\u00e9 et de travailler main dans la main pour am\u00e9liorer la qualit\u00e9 et la s\u00e9curit\u00e9 de notre service. \u00bb <\/p>\n<\/div><div class=\"wp-block-paragraph \">\n<p>Le vice-pr\u00e9sident Johnnie Brown, le secr\u00e9taire Brad Mills et le tr\u00e9sorier Brent Rudd se joignent au pr\u00e9sident Hancock au conseil ex\u00e9cutif de la section locale 5273.<\/p>\n<\/div>","protected":false},"featured_media":1413,"menu_order":0,"template":"","tags":[],"class_list":["post-84590","news","type-news","status-publish","has-post-thumbnail","hentry"],"acf":[],"publishpress_future_workflow_manual_trigger":{"enabledWorkflows":[]},"_links":{"self":[{"href":"https:\/\/www.iaff.org\/fr-ca\/wp-json\/wp\/v2\/news\/84590","targetHints":{"allow":["GET"]}}],"collection":[{"href":"https:\/\/www.iaff.org\/fr-ca\/wp-json\/wp\/v2\/news"}],"about":[{"href":"https:\/\/www.iaff.org\/fr-ca\/wp-json\/wp\/v2\/types\/news"}],"version-history":[{"count":0,"href":"https:\/\/www.iaff.org\/fr-ca\/wp-json\/wp\/v2\/news\/84590\/revisions"}],"wp:featuredmedia":[{"embeddable":true,"href":"https:\/\/www.iaff.org\/fr-ca\/wp-json\/wp\/v2\/media\/1413"}],"wp:attachment":[{"href":"https:\/\/www.iaff.org\/fr-ca\/wp-json\/wp\/v2\/media?parent=84590"}],"wp:term":[{"taxonomy":"post_tag","embeddable":true,"href":"https:\/\/www.iaff.org\/fr-ca\/wp-json\/wp\/v2\/tags?post=84590"}],"curies":[{"name":"wp","href":"https:\/\/api.w.org\/{rel}","templated":true}]}}