{"id":84587,"date":"2020-06-16T13:36:49","date_gmt":"2020-06-16T17:36:49","guid":{"rendered":"https:\/\/www.iaff.org\/news\/la-vice-presidente-mcghee-temoigne-sur-le-role-des-subventions-afg-et-safer-pendant-la-covid-19\/"},"modified":"2025-08-11T16:04:48","modified_gmt":"2025-08-11T20:04:48","slug":"la-vice-presidente-mcghee-temoigne-sur-le-role-des-subventions-afg-et-safer-pendant-la-covid-19","status":"publish","type":"news","link":"https:\/\/www.iaff.org\/fr-ca\/news\/la-vice-presidente-mcghee-temoigne-sur-le-role-des-subventions-afg-et-safer-pendant-la-covid-19\/","title":{"rendered":"La vice-pr\u00e9sidente McGhee t\u00e9moigne sur le r\u00f4le des subventions AFG et SAFER pendant la COVID-19"},"content":{"rendered":"<div class=\"wp-block-paragraph \">\n<p>T\u00e9moignant devant le Comit\u00e9 des sciences, de l\u2019espace et de la technologie de la Chambre des repr\u00e9sentants des \u00c9tats-Unis sur le r\u00f4le des subventions d\u2019aide aux pompiers (AFG) et de dotation en personnel pour une intervention ad\u00e9quate en cas d\u2019incendie et d\u2019urgence (SAFER) \u00e0 la suite de la pand\u00e9mie de COVID-19, la vice-pr\u00e9sidente du 11e district, Sandy McGhee, a d\u00e9clar\u00e9 : \u00ab Nous nous attendons \u00e0 ce que les pompiers soient l\u00e0 pour nous en temps de crise.  Et le gouvernement f\u00e9d\u00e9ral a un r\u00f4le important \u00e0 jouer pour aider les pompiers \u00e0 servir leurs communaut\u00e9s. \u00ab En fournissant des fonds directement aux services d\u2019incendie locaux qui ont besoin d\u2019\u00e9quipement, y compris d\u2019\u00e9quipement de protection individuelle (EPI) et de personnel, les programmes de subventions AFG et SAFER sont l\u2019un des outils les plus importants \u00e0 la disposition du gouvernement f\u00e9d\u00e9ral pour s\u2019assurer que les pompiers locaux demeurent en sant\u00e9 et en mesure de servir leurs communaut\u00e9s. \u00bb<\/p>\n<\/div><div class=\"wp-block-paragraph \">\n<p>Le comit\u00e9, dirig\u00e9 par la pr\u00e9sidente Eddie Bernice Johnson (D-TX) et le membre de rang Frank Lucas (R-OK), a entendu des t\u00e9moignages pour aider le Congr\u00e8s \u00e0 \u00e9tablir des priorit\u00e9s en mati\u00e8re de financement et de politiques au cours des semaines et des mois \u00e0 venir.<\/p>\n<\/div><div class=\"wp-block-paragraph \">\n<p>Les pompiers de tout le pays continuent de r\u00e9pondre aux appels, y compris aux patients potentiels atteints de la COVID, sans EPI ad\u00e9quat. Le Congr\u00e8s a commenc\u00e9 \u00e0 s\u2019attaquer \u00e0 ce probl\u00e8me en affectant 100 millions de dollars en fonds AFG sp\u00e9cifiquement pour l\u2019EPI \u00e0 la mi-avril et envisage actuellement une loi connue sous le nom de HEROES Act pour fournir 500 millions de dollars suppl\u00e9mentaires pour le programme. <\/p>\n<\/div><div class=\"wp-block-paragraph \">\n<p>L\u2019\u00e9conomie a \u00e9galement forc\u00e9 un grand nombre de services d\u2019incendie \u00e0 faire face \u00e0 de lourdes compressions budg\u00e9taires et \u00e0 des mises \u00e0 pied ou \u00e0 des cong\u00e9s potentiels. La loi HEROES pr\u00e9voirait \u00e9galement 500 millions de dollars pour le programme de subventions SAFER, ainsi que des d\u00e9rogations \u00e0 certaines exigences l\u00e9gales permettant aux b\u00e9n\u00e9ficiaires d\u2019utiliser des fonds pour r\u00e9embaucher ou retenir des pompiers. <\/p>\n<\/div><div class=\"wp-block-paragraph \">\n<p>M. McGhee a applaudi le projet de loi, soulignant l\u2019importance d\u2019une dotation compl\u00e8te en temps de pand\u00e9mie. \u00ab Les mises \u00e0 pied et les cong\u00e9s sont \u00e9galement particuli\u00e8rement difficiles alors que nous continuons \u00e0 faire face au virus de la COVID-19 \u00bb, a t\u00e9moign\u00e9. \u00ab \u00c0 ce jour, l\u2019AIP a enregistr\u00e9 plus de 8 000 membres en quarantaine et plus de 4 500 plac\u00e9s en isolement, et manifestement incapables de travailler. Ces absences exercent une pression suppl\u00e9mentaire sur l\u2019intervention ad\u00e9quate, ce qui rend encore plus important le maintien d\u2019un niveau de dotation en personnel complet.  <\/p>\n<\/div><div class=\"wp-block-paragraph \">\n<p>La loi HEROES a \u00e9t\u00e9 adopt\u00e9e par la Chambre des repr\u00e9sentants des \u00c9tats-Unis le mois dernier et est actuellement examin\u00e9e par le S\u00e9nat am\u00e9ricain.<\/p>\n<\/div><div class=\"wp-block-paragraph \">\n<p>Lisez le t\u00e9moignage complet de McGhee <a href=\"https:\/\/www.iaff.org\/wp-content\/uploads\/IAFF-McGhee-Testimony-061220-.pdf\">ici.<\/a><\/p>\n<\/div>","protected":false},"featured_media":323,"menu_order":0,"template":"","tags":[],"class_list":["post-84587","news","type-news","status-publish","has-post-thumbnail","hentry"],"acf":[],"publishpress_future_workflow_manual_trigger":{"enabledWorkflows":[]},"_links":{"self":[{"href":"https:\/\/www.iaff.org\/fr-ca\/wp-json\/wp\/v2\/news\/84587","targetHints":{"allow":["GET"]}}],"collection":[{"href":"https:\/\/www.iaff.org\/fr-ca\/wp-json\/wp\/v2\/news"}],"about":[{"href":"https:\/\/www.iaff.org\/fr-ca\/wp-json\/wp\/v2\/types\/news"}],"version-history":[{"count":0,"href":"https:\/\/www.iaff.org\/fr-ca\/wp-json\/wp\/v2\/news\/84587\/revisions"}],"wp:featuredmedia":[{"embeddable":true,"href":"https:\/\/www.iaff.org\/fr-ca\/wp-json\/wp\/v2\/media\/323"}],"wp:attachment":[{"href":"https:\/\/www.iaff.org\/fr-ca\/wp-json\/wp\/v2\/media?parent=84587"}],"wp:term":[{"taxonomy":"post_tag","embeddable":true,"href":"https:\/\/www.iaff.org\/fr-ca\/wp-json\/wp\/v2\/tags?post=84587"}],"curies":[{"name":"wp","href":"https:\/\/api.w.org\/{rel}","templated":true}]}}