{"id":84586,"date":"2020-06-23T20:10:50","date_gmt":"2020-06-24T00:10:50","guid":{"rendered":"https:\/\/www.iaff.org\/news\/deces-du-secretaire-tresorier-emerite-de-laip-frank-a-palumbo\/"},"modified":"2025-10-06T10:46:09","modified_gmt":"2025-10-06T14:46:09","slug":"deces-du-secretaire-tresorier-emerite-de-laip-frank-a-palumbo","status":"publish","type":"news","link":"https:\/\/www.iaff.org\/fr-ca\/news\/deces-du-secretaire-tresorier-emerite-de-laip-frank-a-palumbo\/","title":{"rendered":"D\u00e9c\u00e8s du secr\u00e9taire-tr\u00e9sorier \u00e9m\u00e9rite de l\u2019IAFF, Frank A. Palumbo"},"content":{"rendered":"<div class=\"wp-block-paragraph \">\n<p>L\u2019IAFF est attrist\u00e9e d\u2019annoncer le d\u00e9c\u00e8s du secr\u00e9taire-tr\u00e9sorier \u00e9m\u00e9rite de l\u2019IAFF, Frank A. Palumbo, survenu le 16 juin. Il avait 90 ans. <\/p>\n<\/div><div class=\"wp-block-paragraph \">\n<p>\u00ab Au cours de ses 10 ann\u00e9es \u00e0 titre de secr\u00e9taire-tr\u00e9sorier g\u00e9n\u00e9ral, le leadership de Frank Palumbo a permis \u00e0 ce grand syndicat de rester sur la voie d\u2019un avenir prometteur \u00bb, a d\u00e9clar\u00e9 le pr\u00e9sident g\u00e9n\u00e9ral Harold Schaitberger. \u00ab Nos pens\u00e9es et nos pri\u00e8res accompagnent la famille Palumbo. \u00bb <\/p>\n<\/div><div class=\"wp-block-paragraph \">\n<p>Palumbo a d\u2019abord servi son pays lorsqu\u2019il s\u2019est enr\u00f4l\u00e9 dans l\u2019arm\u00e9e am\u00e9ricaine d\u00e8s sa sortie du secondaire. Apr\u00e8s avoir quitt\u00e9 le service, il s\u2019est joint au service d\u2019incendie de New York et \u00e0 la section locale 94 de l\u2019Association des pompiers en uniforme (UFA) en 1956. <\/p>\n<\/div><div class=\"wp-block-paragraph \">\n<p>Il a d\u2019abord servi la section locale 94 en tant que d\u00e9l\u00e9gu\u00e9 de l\u2019entreprise. Toujours d\u00e9sireux d\u2019en faire plus pour ses coll\u00e8gues, il continue d\u2019assumer plus de responsabilit\u00e9s en tant que sergent d\u2019armes, puis vice-pr\u00e9sident. <\/p>\n<\/div><div class=\"wp-block-paragraph \">\n<p>Palumbo a \u00e9t\u00e9 \u00e9lu vice-pr\u00e9sident du 1er district en 1970 et deux ans plus tard, les d\u00e9l\u00e9gu\u00e9s du congr\u00e8s l\u2019ont \u00e9lu secr\u00e9taire-tr\u00e9sorier, poste qu\u2019il a occup\u00e9 jusqu\u2019en 1980.<\/p>\n<\/div><div class=\"wp-block-paragraph \">\n<p>Il laisse dans le deuil Constance, son \u00e9pouse depuis 64 ans, ses enfants Barbara, Joseph et Lorraine, sept petits-enfants, deux arri\u00e8re-petits-fils, son fr\u00e8re Victor, sa s\u0153ur Irene et de nombreux neveux et ni\u00e8ces.<\/p>\n<\/div><div class=\"wp-block-paragraph \">\n<p>Au lieu de fleurs, des dons peuvent \u00eatre faits \u00e0 la m\u00e9moire de Frank \u00e0 l\u2019h\u00f4pital pour enfants St. Jude.<\/p>\n<\/div>","protected":false},"featured_media":1419,"menu_order":0,"template":"","tags":[],"class_list":["post-84586","news","type-news","status-publish","has-post-thumbnail","hentry"],"acf":[],"publishpress_future_workflow_manual_trigger":{"enabledWorkflows":[]},"_links":{"self":[{"href":"https:\/\/www.iaff.org\/fr-ca\/wp-json\/wp\/v2\/news\/84586","targetHints":{"allow":["GET"]}}],"collection":[{"href":"https:\/\/www.iaff.org\/fr-ca\/wp-json\/wp\/v2\/news"}],"about":[{"href":"https:\/\/www.iaff.org\/fr-ca\/wp-json\/wp\/v2\/types\/news"}],"version-history":[{"count":0,"href":"https:\/\/www.iaff.org\/fr-ca\/wp-json\/wp\/v2\/news\/84586\/revisions"}],"wp:featuredmedia":[{"embeddable":true,"href":"https:\/\/www.iaff.org\/fr-ca\/wp-json\/wp\/v2\/media\/1419"}],"wp:attachment":[{"href":"https:\/\/www.iaff.org\/fr-ca\/wp-json\/wp\/v2\/media?parent=84586"}],"wp:term":[{"taxonomy":"post_tag","embeddable":true,"href":"https:\/\/www.iaff.org\/fr-ca\/wp-json\/wp\/v2\/tags?post=84586"}],"curies":[{"name":"wp","href":"https:\/\/api.w.org\/{rel}","templated":true}]}}