{"id":84583,"date":"2020-05-26T15:43:08","date_gmt":"2020-05-26T19:43:08","guid":{"rendered":"https:\/\/www.iaff.org\/news\/hommage-aux-ambulanciers-paramedicaux-de-laip-canada\/"},"modified":"2025-09-29T15:15:34","modified_gmt":"2025-09-29T19:15:34","slug":"hommage-aux-ambulanciers-paramedicaux-de-laip-canada","status":"publish","type":"news","link":"https:\/\/www.iaff.org\/fr-ca\/news\/hommage-aux-ambulanciers-paramedicaux-de-laip-canada\/","title":{"rendered":"Hommage IAFF Canada aux ambulanciers param\u00e9dicaux"},"content":{"rendered":"<div class=\"wp-block-paragraph \">\n<p><a href=\"https:\/\/www.iaff.org\/laip-du-canada-salue-les-paramedics\/\">En Francais<\/a><\/p>\n<\/div><div class=\"wp-block-paragraph \">\n<p><em>24-30 mai 2020 \u2013 <\/em><em>Semaine des services param\u00e9dicaux<\/em> <\/p>\n<\/div><div class=\"wp-block-paragraph \">\n<p>Au cours de la Semaine des services param\u00e9dicaux 2020, l\u2019AIP salue tous les ambulanciers param\u00e9dicaux du Canada et tous ceux qui sont en premi\u00e8re ligne pour fournir des soins m\u00e9dicaux d\u2019urgence lorsque les Canadiens sont dans leurs plus grands moments de besoin.  <\/p>\n<\/div><div class=\"wp-block-paragraph \">\n<p>L\u2019AIP est fi\u00e8re de repr\u00e9senter les ambulanciers param\u00e9dicaux et les fournisseurs de services param\u00e9dicaux dans de nombreuses r\u00e9gions du Canada, y compris la section locale 3270 d\u2019Ambulance de Saskatoon, et les nombreux pompiers-ambulanciers param\u00e9dicaux \u00e0 double formation qui fournissent des soins pr\u00e9hospitaliers efficaces dans plusieurs collectivit\u00e9s de l\u2019Alberta \u2013 Lethbridge, Fort McMurray, St. Albert, Leduc, Strathcona County, Red Deer et Spruce Grove.  <\/p>\n<\/div>\n<figure class=\"wp-block-image aligncenter size-large\"><img decoding=\"async\" src=\"https:\/\/www.iaff.org\/wp-content\/uploads\/Canada-EMS.png\" alt=\"\"><\/figure>\n<div class=\"wp-block-paragraph \">\n<p>Nous saluons et reconnaissons nos membres de l\u2019AIP \u00e0 Winnipeg, Brandon et Thompson, au Manitoba, et \u00e0 Riverview, au Nouveau-Brunswick, qui ont re\u00e7u une formation d\u2019ambulancier param\u00e9dical et qui interviennent rapidement par l\u2019interm\u00e9diaire du service d\u2019incendie, et nous reconnaissons les membres de la Colombie-Britannique, de l\u2019Ontario et d\u2019ailleurs qui s\u2019efforcent d\u2019am\u00e9liorer la s\u00e9curit\u00e9 publique en augmentant leur \u00e9ventail de comp\u00e9tences m\u00e9dicales afin qu\u2019ils puissent en faire plus pour aider les gens s\u2019ils arrivent d\u2019abord sur les lieux d\u2019une urgence.  <\/p>\n<\/div><div class=\"wp-block-paragraph \">\n<p>l\u2019AIP est fi\u00e8re de repr\u00e9senter depuis longtemps les personnes qui fournissent des soins m\u00e9dicaux d\u2019urgence au Canada, avant que les services ambulanciers modernes ne soient d\u00e9velopp\u00e9s. <\/p>\n<\/div><div class=\"wp-block-paragraph \">\n<p>Aujourd\u2019hui, dans presque toutes les villes du Canada, les membres de l\u2019AIP dot\u00e9s d\u2019une formation et d\u2019un \u00e9quipement m\u00e9dicaux font une diff\u00e9rence chaque jour en r\u00e9pondant rapidement et en fournissant des soins aux patients avant l\u2019arriv\u00e9e de l\u2019ambulance, puis en travaillant aux c\u00f4t\u00e9s des ambulanciers param\u00e9dicaux et en les aidant avec des services essentiels tels que l\u2019acc\u00e8s aux patients, la s\u00e9curit\u00e9 sur les lieux, le levage des patients et le soutien aux familles sur les lieux.  <\/p>\n<\/div><div class=\"wp-block-paragraph \">\n<p>Au cours de la Semaine des services param\u00e9dicaux 2020, l\u2019AIP rend hommage aux ambulanciers param\u00e9dicaux du Canada et \u00e0 tous ceux qui jouent un r\u00f4le important dans les soins pr\u00e9hospitaliers.  <\/p>\n<\/div><div class=\"wp-block-paragraph \">\n<p><strong><em>Les Canadiens sont plus en s\u00e9curit\u00e9 gr\u00e2ce \u00e0 vous \u2013 merci!  <\/em><\/strong>  <\/p>\n<\/div>","protected":false},"featured_media":1450,"menu_order":0,"template":"","tags":[],"class_list":["post-84583","news","type-news","status-publish","has-post-thumbnail","hentry"],"acf":[],"publishpress_future_workflow_manual_trigger":{"enabledWorkflows":[]},"_links":{"self":[{"href":"https:\/\/www.iaff.org\/fr-ca\/wp-json\/wp\/v2\/news\/84583","targetHints":{"allow":["GET"]}}],"collection":[{"href":"https:\/\/www.iaff.org\/fr-ca\/wp-json\/wp\/v2\/news"}],"about":[{"href":"https:\/\/www.iaff.org\/fr-ca\/wp-json\/wp\/v2\/types\/news"}],"version-history":[{"count":0,"href":"https:\/\/www.iaff.org\/fr-ca\/wp-json\/wp\/v2\/news\/84583\/revisions"}],"wp:featuredmedia":[{"embeddable":true,"href":"https:\/\/www.iaff.org\/fr-ca\/wp-json\/wp\/v2\/media\/1450"}],"wp:attachment":[{"href":"https:\/\/www.iaff.org\/fr-ca\/wp-json\/wp\/v2\/media?parent=84583"}],"wp:term":[{"taxonomy":"post_tag","embeddable":true,"href":"https:\/\/www.iaff.org\/fr-ca\/wp-json\/wp\/v2\/tags?post=84583"}],"curies":[{"name":"wp","href":"https:\/\/api.w.org\/{rel}","templated":true}]}}