{"id":84577,"date":"2020-05-27T13:45:58","date_gmt":"2020-05-27T17:45:58","guid":{"rendered":"https:\/\/www.iaff.org\/news\/laip-pleure-la-perte-de-lancien-vice-president-du-5e-district-de-laip-bill-jordan\/"},"modified":"2025-10-06T10:46:09","modified_gmt":"2025-10-06T14:46:09","slug":"laip-pleure-la-perte-de-lancien-vice-president-du-5e-district-de-laip-bill-jordan","status":"publish","type":"news","link":"https:\/\/www.iaff.org\/fr-ca\/news\/laip-pleure-la-perte-de-lancien-vice-president-du-5e-district-de-laip-bill-jordan\/","title":{"rendered":"L\u2019IAFF pleure la perte de Bill Jordan, ancien vice-pr\u00e9sident du 5e district de l\u2019IAFF"},"content":{"rendered":"<div class=\"wp-block-paragraph \">\n<p>L\u2019IAFF est attrist\u00e9e d\u2019annoncer que l\u2019ancien vice-pr\u00e9sident du 5e district de l\u2019IAFF, William \u00ab Bill \u00bb Jordan, a perdu son combat contre le cancer le 11 mai. Il avait 75 ans. <\/p>\n<\/div><div class=\"wp-block-paragraph \">\n<p>\u00ab Bien que cela fasse de nombreuses ann\u00e9es, je me souviens de lui comme d\u2019un dirigeant syndical et d\u2019un ami appr\u00e9ci\u00e9 \u00bb, a d\u00e9clar\u00e9 le pr\u00e9sident g\u00e9n\u00e9ral Harold Schaitberger. \u00ab Mes pens\u00e9es et mes pri\u00e8res vont \u00e0 sa famille et \u00e0 ses amis en cette p\u00e9riode difficile. \u00bb <\/p>\n<\/div><div class=\"wp-block-paragraph \">\n<p>\u00ab Mon meilleur souvenir de fr\u00e8re Jordan est le temps o\u00f9 nous avons servi ensemble \u00e0 la caserne de pompiers \u00bb, dit le vice-pr\u00e9sident du 5e district, Thomas Thornberg. \u00ab C\u2019\u00e9tait un grand leader et un pompier. Il nous manquera. <\/p>\n<\/div><div class=\"wp-block-paragraph \">\n<p>Jordan \u00e9tait un fier membre de la section locale 82 de Minneapolis, au Minnesota. Toujours d\u00e9sireux d\u2019en faire plus au nom de ses coll\u00e8gues pompiers, il a \u00e9t\u00e9 pr\u00e9sident de la section locale 82 avant d\u2019\u00eatre \u00e9lu vice-pr\u00e9sident du 5e district, poste qu\u2019il a occup\u00e9 de 1986 \u00e0 1990. <\/p>\n<\/div><div class=\"wp-block-paragraph \">\n<p>Jordan laisse dans le deuil sa femme, deux filles, deux s\u0153urs et sa famille \u00e9largie.<\/p>\n<\/div>","protected":false},"featured_media":1447,"menu_order":0,"template":"","tags":[],"class_list":["post-84577","news","type-news","status-publish","has-post-thumbnail","hentry"],"acf":[],"publishpress_future_workflow_manual_trigger":{"enabledWorkflows":[]},"_links":{"self":[{"href":"https:\/\/www.iaff.org\/fr-ca\/wp-json\/wp\/v2\/news\/84577","targetHints":{"allow":["GET"]}}],"collection":[{"href":"https:\/\/www.iaff.org\/fr-ca\/wp-json\/wp\/v2\/news"}],"about":[{"href":"https:\/\/www.iaff.org\/fr-ca\/wp-json\/wp\/v2\/types\/news"}],"version-history":[{"count":0,"href":"https:\/\/www.iaff.org\/fr-ca\/wp-json\/wp\/v2\/news\/84577\/revisions"}],"wp:featuredmedia":[{"embeddable":true,"href":"https:\/\/www.iaff.org\/fr-ca\/wp-json\/wp\/v2\/media\/1447"}],"wp:attachment":[{"href":"https:\/\/www.iaff.org\/fr-ca\/wp-json\/wp\/v2\/media?parent=84577"}],"wp:term":[{"taxonomy":"post_tag","embeddable":true,"href":"https:\/\/www.iaff.org\/fr-ca\/wp-json\/wp\/v2\/tags?post=84577"}],"curies":[{"name":"wp","href":"https:\/\/api.w.org\/{rel}","templated":true}]}}