{"id":84575,"date":"2020-05-15T18:34:21","date_gmt":"2020-05-15T22:34:21","guid":{"rendered":"https:\/\/www.iaff.org\/news\/la-loi-sur-le-safr-prevoit-des-prestations-federales-en-cas-de-deces-ou-dinvalidite-lies-a-la-covid-19\/"},"modified":"2025-08-11T16:28:38","modified_gmt":"2025-08-11T20:28:38","slug":"la-loi-sur-le-safr-prevoit-des-prestations-federales-en-cas-de-deces-ou-dinvalidite-lies-a-la-covid-19","status":"publish","type":"news","link":"https:\/\/www.iaff.org\/fr-ca\/news\/la-loi-sur-le-safr-prevoit-des-prestations-federales-en-cas-de-deces-ou-dinvalidite-lies-a-la-covid-19\/","title":{"rendered":"La Loi sur le SAFR pr\u00e9voit des prestations f\u00e9d\u00e9rales en cas de d\u00e9c\u00e8s ou d\u2019invalidit\u00e9 li\u00e9s \u00e0 la COVID-19"},"content":{"rendered":"<div class=\"wp-block-paragraph \">\n<p>Le S\u00e9nat am\u00e9ricain a adopt\u00e9 \u00e0 l\u2019unanimit\u00e9 une l\u00e9gislation visant \u00e0 garantir que les pompiers qui meurent ou sont totalement invalides de fa\u00e7on permanente en raison de la COVID-19 re\u00e7oivent toutes les prestations f\u00e9d\u00e9rales. S 3607, la loi de 2020 sur la protection des premiers r\u00e9pondants am\u00e9ricains (SAFR), a \u00e9t\u00e9 pr\u00e9sent\u00e9e il y a quelques jours seulement par les s\u00e9nateurs Chuck Grassley (R-IA) et Cory Booker (D-NJ). <\/p>\n<\/div><div class=\"wp-block-paragraph \">\n<p>\u00ab Les pompiers sont en premi\u00e8re ligne de la lutte contre la pand\u00e9mie actuelle \u00bb, a d\u00e9clar\u00e9 le pr\u00e9sident g\u00e9n\u00e9ral Harold Schaitberger. \u00ab Ceux qui meurent dans l\u2019exercice de leurs fonctions ne devraient pas avoir \u00e0 prouver comment ils ont contract\u00e9 la COVID-19. La loi SAFR garantit que les familles des personnes d\u00e9c\u00e9d\u00e9es re\u00e7oivent rapidement les prestations m\u00e9rit\u00e9es. <\/p>\n<\/div><div class=\"wp-block-paragraph \">\n<p>En tant que premiers fournisseurs de soins de sant\u00e9 \u00e0 r\u00e9pondre aux appels pr\u00e9hospitaliers au 9-1-1, les pompiers sont constamment \u00e0 proximit\u00e9 des patients n\u00e9cessitant des soins m\u00e9dicaux et \u00e0 risque \u00e9lev\u00e9 de contracter la maladie. En l\u2019absence de la couverture pr\u00e9sum\u00e9e fournie par le S 3607, les pompiers seraient tenus de d\u00e9montrer qu\u2019ils ont contract\u00e9 le virus sur le lieu de travail, une t\u00e2che presque impossible. Dans la plupart des cas, les intervenants ne savent pas si un patient a la COVID-19. De plus, de nombreux patients ne pr\u00e9sentent pas de sympt\u00f4mes typiques. Les pompiers et le personnel m\u00e9dical d\u2019urgence effectuent g\u00e9n\u00e9ralement plusieurs appels m\u00e9dicaux par jour et n\u2019ont aucun moyen de savoir si une interaction individuelle a entra\u00een\u00e9 la transmission.    <\/p>\n<\/div><div class=\"wp-block-paragraph \">\n<p>\u00c0 ce jour, au moins huit membres de l\u2019AIP sont morts de la COVID-19 et des dizaines de milliers de membres ont \u00e9t\u00e9 expos\u00e9s. Ces chiffres sont garantis d\u2019augmenter. <\/p>\n<\/div><div class=\"wp-block-paragraph \">\n<p>\u00ab Les pompiers risquent leur vie pour servir leurs communaut\u00e9s et aider \u00e0 arr\u00eater la propagation du virus \u00bb, explique M. Schaitberger. \u00ab Ils m\u00e9ritent de savoir que leur famille sera prise en charge s\u2019ils meurent dans l\u2019exercice de leurs fonctions. \u00bb <\/p>\n<\/div><div class=\"wp-block-paragraph \">\n<p>l\u2019AIP travaille avec la Chambre des repr\u00e9sentants des \u00c9tats-Unis pour planifier un vote afin que le projet de loi puisse \u00eatre rapidement promulgu\u00e9.<\/p>\n<\/div>","protected":false},"featured_media":323,"menu_order":0,"template":"","tags":[],"class_list":["post-84575","news","type-news","status-publish","has-post-thumbnail","hentry"],"acf":[],"publishpress_future_workflow_manual_trigger":{"enabledWorkflows":[]},"_links":{"self":[{"href":"https:\/\/www.iaff.org\/fr-ca\/wp-json\/wp\/v2\/news\/84575","targetHints":{"allow":["GET"]}}],"collection":[{"href":"https:\/\/www.iaff.org\/fr-ca\/wp-json\/wp\/v2\/news"}],"about":[{"href":"https:\/\/www.iaff.org\/fr-ca\/wp-json\/wp\/v2\/types\/news"}],"version-history":[{"count":0,"href":"https:\/\/www.iaff.org\/fr-ca\/wp-json\/wp\/v2\/news\/84575\/revisions"}],"wp:featuredmedia":[{"embeddable":true,"href":"https:\/\/www.iaff.org\/fr-ca\/wp-json\/wp\/v2\/media\/323"}],"wp:attachment":[{"href":"https:\/\/www.iaff.org\/fr-ca\/wp-json\/wp\/v2\/media?parent=84575"}],"wp:term":[{"taxonomy":"post_tag","embeddable":true,"href":"https:\/\/www.iaff.org\/fr-ca\/wp-json\/wp\/v2\/tags?post=84575"}],"curies":[{"name":"wp","href":"https:\/\/api.w.org\/{rel}","templated":true}]}}