{"id":84572,"date":"2020-04-22T15:19:10","date_gmt":"2020-04-22T19:19:10","guid":{"rendered":"https:\/\/www.iaff.org\/news\/le-jour-commemoratif-des-travailleurs-et-le-jour-de-deuil-national-sont-le-28-avril-2\/"},"modified":"2025-08-12T09:45:04","modified_gmt":"2025-08-12T13:45:04","slug":"le-jour-commemoratif-des-travailleurs-et-le-jour-de-deuil-national-sont-le-28-avril-2","status":"publish","type":"news","link":"https:\/\/www.iaff.org\/fr-ca\/news\/le-jour-commemoratif-des-travailleurs-et-le-jour-de-deuil-national-sont-le-28-avril-2\/","title":{"rendered":"Le Jour comm\u00e9moratif des travailleurs et le Jour de deuil national sont le 28 avril"},"content":{"rendered":"<div class=\"wp-block-paragraph \">\n<p>Le Jour comm\u00e9moratif des travailleurs et le Jour de deuil national, le 28 avril, comm\u00e9morent les travailleurs qui ont \u00e9t\u00e9 bless\u00e9s, tu\u00e9s ou malades \u00e0 la suite d\u2019accidents et de risques professionnels.  <\/p>\n<\/div><div class=\"wp-block-paragraph \">\n<p>Cette ann\u00e9e, la journ\u00e9e prend une signification suppl\u00e9mentaire alors que les membres se joignent aux travailleurs am\u00e9ricains et canadiens pour rendre hommage aux travailleurs de la sant\u00e9, aux employ\u00e9s d\u2019\u00e9picerie et au personnel de service qui se joignent \u00e0 eux en premi\u00e8re ligne alors qu\u2019ils luttent pour assurer la s\u00e9curit\u00e9 des citoyens pendant la pand\u00e9mie de COVID-19.  <\/p>\n<\/div><div class=\"wp-block-paragraph \">\n<p>Le Jour comm\u00e9moratif des travailleurs, le 28 avril, marque le 50e anniversaire de l\u2019adoption de l\u2019Occupational Safety and Health Act par le Congr\u00e8s am\u00e9ricain. La loi promet \u00e0 chaque travailleur le droit \u00e0 un emploi s\u00fbr. Depuis, les syndicats ont continu\u00e9 de se battre pour ajouter d\u2019autres lois prot\u00e9geant les travailleurs.    <\/p>\n<\/div><div class=\"wp-block-paragraph \">\n<p>Le 28 avril est \u00e9galement le Jour de deuil canadien. En 1984, le Congr\u00e8s du travail du Canada (CTC) a accept\u00e9 de r\u00e9server cette journ\u00e9e pour reconna\u00eetre la n\u00e9cessit\u00e9 d\u2019adopter une approche proactive pour pr\u00e9venir les d\u00e9c\u00e8s, les maladies et les blessures en milieu de travail.   <\/p>\n<\/div><div class=\"wp-block-paragraph \">\n<p>Normalement, l\u2019AFL-CIO et le Centre canadien d\u2019hygi\u00e8ne et de s\u00e9curit\u00e9 au travail (CCHST) encourageraient les membres du syndicat \u00e0 organiser des \u00e9v\u00e9nements mettant l\u2019accent sur l\u2019application et la cr\u00e9ation de politiques s\u00e9curitaires en milieu de travail, mais en raison du virus, les \u00e9v\u00e9nements publics ne sont pas possibles. Les deux organisations encouragent les \u00e9v\u00e9nements non traditionnels gr\u00e2ce \u00e0 l\u2019utilisation de la technologie virtuelle et d\u2019autres m\u00e9thodes sans contact.   <\/p>\n<\/div><div class=\"wp-block-paragraph \">\n<p>Les ressources de l\u2019AFL-CIO pour le Jour comm\u00e9moratif des travailleurs peuvent \u00eatre trouv\u00e9es <a href=\"https:\/\/aflcio.org\/about-us\/conferences-and-events\/workers-memorial-day\" target=\"_blank\" rel=\"noreferrer noopener\">ici<\/a> et le Jour de deuil national <a href=\"https:\/\/www.ccohs.ca\/events\/mourning\/\" target=\"_blank\" rel=\"noreferrer noopener\">ici<\/a>.<\/p>\n<\/div>","protected":false},"featured_media":1479,"menu_order":0,"template":"","tags":[],"class_list":["post-84572","news","type-news","status-publish","has-post-thumbnail","hentry"],"acf":[],"publishpress_future_workflow_manual_trigger":{"enabledWorkflows":[]},"_links":{"self":[{"href":"https:\/\/www.iaff.org\/fr-ca\/wp-json\/wp\/v2\/news\/84572","targetHints":{"allow":["GET"]}}],"collection":[{"href":"https:\/\/www.iaff.org\/fr-ca\/wp-json\/wp\/v2\/news"}],"about":[{"href":"https:\/\/www.iaff.org\/fr-ca\/wp-json\/wp\/v2\/types\/news"}],"version-history":[{"count":0,"href":"https:\/\/www.iaff.org\/fr-ca\/wp-json\/wp\/v2\/news\/84572\/revisions"}],"wp:featuredmedia":[{"embeddable":true,"href":"https:\/\/www.iaff.org\/fr-ca\/wp-json\/wp\/v2\/media\/1479"}],"wp:attachment":[{"href":"https:\/\/www.iaff.org\/fr-ca\/wp-json\/wp\/v2\/media?parent=84572"}],"wp:term":[{"taxonomy":"post_tag","embeddable":true,"href":"https:\/\/www.iaff.org\/fr-ca\/wp-json\/wp\/v2\/tags?post=84572"}],"curies":[{"name":"wp","href":"https:\/\/api.w.org\/{rel}","templated":true}]}}