{"id":84565,"date":"2020-04-14T13:55:15","date_gmt":"2020-04-14T17:55:15","guid":{"rendered":"https:\/\/www.iaff.org\/news\/fema-le-maillon-faible-de-la-chaine-dapprovisionnement\/"},"modified":"2025-08-12T11:40:11","modified_gmt":"2025-08-12T15:40:11","slug":"fema-le-maillon-faible-de-la-chaine-dapprovisionnement","status":"publish","type":"news","link":"https:\/\/www.iaff.org\/fr-ca\/news\/fema-le-maillon-faible-de-la-chaine-dapprovisionnement\/","title":{"rendered":"FEMA : le maillon faible de la cha\u00eene d\u2019approvisionnement"},"content":{"rendered":"<div class=\"wp-block-paragraph \">\n<p>Un article du <a href=\"https:\/\/www.washingtonpost.com\/politics\/as-feds-play-backup-states-take-unorthodox-steps-to-compete-in-cutthroat-global-market-for-coronavirus-supplies\/2020\/04\/11\/609b5d84-7a70-11ea-a130-df573469f094_story.html\" target=\"_blank\" rel=\"noreferrer noopener\">11 avril dans le Washington Post<\/a> confirme ce que de nombreux affili\u00e9s de l\u2019AIP et des juridictions locales vivent de premi\u00e8re main depuis un certain temps : l\u2019Agence f\u00e9d\u00e9rale de gestion des urgences (FEMA) n\u2019a pas r\u00e9ussi \u00e0 obtenir, \u00e0 prioriser et \u00e0 livrer des fournitures ad\u00e9quates de masques N95 et d\u2019autres \u00e9quipements de protection individuelle (EPI) aux services d\u2019incendie et d\u2019urgence.<\/p>\n<\/div><div class=\"wp-block-paragraph \">\n<p>Malgr\u00e9 les assurances quotidiennes de la FEMA, la cha\u00eene d\u2019approvisionnement de ces ressources d\u00e9sesp\u00e9r\u00e9ment n\u00e9cessaires n\u2019atteint pas les services d\u2019incendie au niveau local. Le rapport du Post d\u00e9crit les efforts chaotiques et qui se chevauchent pour acqu\u00e9rir et distribuer des fournitures m\u00e9dicales \u00e0 travers le pays, alors que la FEMA se lance r\u00e9guli\u00e8rement dans des transactions priv\u00e9es, soit en annulant un achat, soit en le saisissant lorsqu\u2019il est transport\u00e9 vers l\u2019h\u00f4pital ou l\u2019\u00c9tat qui l\u2019a achet\u00e9. <\/p>\n<\/div><div class=\"wp-block-paragraph \">\n<p>La FEMA dispose de plus de 95 milliards de dollars en secours en cas de catastrophe pour lutter contre cette pand\u00e9mie, mais au lieu d\u2019envoyer des fournitures \u00e0 des points chauds \u00e0 travers le pays ou dans d\u2019autres municipalit\u00e9s en manque ou en p\u00e9nurie, la FEMA livre des fournitures aux distributeurs m\u00e9dicaux <strong>pour les revendre, et ces distributeurs majorent les fournitures \u00e0 des niveaux de prix inabordables pour les juridictions.<\/strong><strong> <\/strong><\/p>\n<\/div><div class=\"wp-block-paragraph \">\n<p>La Conf\u00e9rence des maires des \u00c9tats-Unis a r\u00e9cemment men\u00e9 un <a href=\"https:\/\/www.usmayors.org\/issues\/covid-19\/equipment-survey\/\" target=\"_blank\" rel=\"noreferrer noopener\">sondage<\/a> pour mesurer les p\u00e9nuries d\u2019\u00e9quipement d\u2019urgence COVID-19. Des r\u00e9ponses ont \u00e9t\u00e9 re\u00e7ues de 213 villes de 41 \u00c9tats et de Porto Rico. Les r\u00e9sultats montrent que la plupart des villes n\u2019ont pas et ne peuvent pas obtenir l\u2019\u00e9quipement et les fournitures ad\u00e9quats.  <\/p>\n<\/div><div class=\"wp-block-list\">\n<ul class=\"wp-block-list\">\n<li>91,5% (192) des villes n\u2019ont pas un approvisionnement ad\u00e9quat en masques faciaux pour leurs premiers intervenants (y compris les policiers, les pompiers et les ambulanciers) et le personnel m\u00e9dical.<\/li>\n\n\n\n<li>88,2% (186) n\u2019ont pas suffisamment d\u2019\u00e9quipement de protection individuelle (EPI) autre que des masques faciaux pour prot\u00e9ger ces travailleurs.<\/li>\n\n\n\n<li>92,1% (186) n\u2019ont pas un approvisionnement suffisant en trousses de d\u00e9pistage.<\/li>\n\n\n\n<li>85% (164) ne disposent pas d\u2019un approvisionnement suffisant en ventilateurs pour les \u00e9tablissements de sant\u00e9 de leur ville ou de leur r\u00e9gion.<\/li>\n\n\n\n<li>62,4% (131) n\u2019ont pas re\u00e7u d\u2019\u00e9quipement ou de fournitures d\u2019urgence de leur \u00c9tat. Parmi ceux qui re\u00e7oivent de l\u2019aide de leur \u00c9tat, 84,6% (66) disent qu\u2019elle n\u2019est pas suffisante pour r\u00e9pondre \u00e0 leurs besoins. <\/li>\n<\/ul>\n<\/div><div class=\"wp-block-paragraph \">\n<p>Pendant ce temps, la pand\u00e9mie de COVID-19 continue de peser sur nos membres aux \u00c9tats-Unis et au Canada. Des milliers de personnes ont \u00e9t\u00e9 test\u00e9es positives au virus, au moins trois pompiers sont morts dans l\u2019exercice de leurs fonctions, pr\u00e8s de 6 000 ont \u00e9t\u00e9 plac\u00e9s en quarantaine et 4 500 autres ont \u00e9t\u00e9 isol\u00e9s, et les chiffres augmentent chaque jour. <\/p>\n<\/div><div class=\"wp-block-paragraph \">\n<p>En mars, l\u2019AIP a re\u00e7u l\u2019assurance que des repr\u00e9sentants de la FEMA et du groupe de travail sur la r\u00e9silience des soins de sant\u00e9 et des services sociaux avaient \u00e9tabli que les services d\u2019incendie et les services m\u00e9dicaux d\u2019urgence \u00e9taient au m\u00eame niveau de priorit\u00e9 pour l\u2019EPI que les h\u00f4pitaux et les \u00e9tablissements de sant\u00e9. Pourtant, de son propre aveu, le chef du groupe de travail sur la r\u00e9silience de la cha\u00eene d\u2019approvisionnement COVID-19, le contre-amiral John Polowczyk, les <strong>services d\u2019incendie et les services m\u00e9dicaux d\u2019urgence ne sont pas au m\u00eame niveau de priorit\u00e9.<\/strong> <\/p>\n<\/div><div class=\"wp-block-paragraph \">\n<p>Lors d\u2019une r\u00e9union du groupe de travail sur le coronavirus de la Maison-Blanche le 4 avril, il a d\u00e9clar\u00e9 en faisant r\u00e9f\u00e9rence \u00e0 la cha\u00eene d\u2019approvisionnement de distribution : \u00ab Nous alignons g\u00e9ographiquement la cha\u00eene d\u2019approvisionnement&#8230; jusqu\u2019au niveau du comt\u00e9&#8230; puis l\u2019aligner sur les priorit\u00e9s du point de service : h\u00f4pitaux publics d\u2019abord, h\u00f4pitaux VA, h\u00f4pitaux priv\u00e9s, maisons de soins infirmiers, premiers intervenants, soins actifs \u00bb \u2013 clairement pas la m\u00eame priorit\u00e9.<\/p>\n<\/div><div class=\"wp-block-paragraph \">\n<p>Selon le plan de la FEMA, nous avons conseill\u00e9 aux affili\u00e9s de d\u00e9clarer les stocks et les taux de br\u00fblage de l\u2019EPI et de coordonner avec les bureaux locaux de gestion des urgences et les agences de gestion des urgences des \u00c9tats sur les demandes d\u2019EPI.<\/p>\n<\/div><div class=\"wp-block-paragraph \">\n<p>Le 10 avril, l\u2019AIP a alert\u00e9 les dirigeants locaux de l\u2019\u00e9chec de la FEMA \u00e0 fournir suffisamment d\u2019EPI et a exhort\u00e9 les affili\u00e9s \u00e0<strong>nous demander des comptes \u00e0 la FEMA en racontant<\/strong>leur histoire aux m\u00e9dias locaux sur le besoin urgent de fournitures dans votre service d\u2019incendie.<\/p>\n<\/div><div class=\"wp-block-paragraph \">\n<p>l\u2019AIP est disponible pour aider \u00e0 raconter ces histoires de sections locales qui travaillent sans EPI ad\u00e9quat. Communiquez avec le directeur des campagnes strat\u00e9giques et des relations avec les m\u00e9dias de l\u2019AIP, Doug Stern, de <a href=\"mailto:dstern@iaff.org\">dstern@iaff.org<\/a> pour obtenir de l\u2019aide. <\/p>\n<\/div><div class=\"wp-block-paragraph \">\n<p>Restez au courant des ressources et des conseils sur la COVID-19 \u00e0 <a href=\"https:\/\/www.iaff.org\/coronavirus?link_id=3&amp;can_id=f64fc84982fba80a967f20cfe3e08344&amp;source=email-request-ppe-and-medical-supplies-for-your-department&amp;email_referrer=&amp;email_subject=request-ppe-and-medical-supplies-for-your-department&amp;link_id=2&amp;can_id=f64fc84982fba80a967f20cfe3e08344&amp;email_referrer=&amp;email_subject=fema-the-weak-link-in-the-supply-chain\"><strong>l\u2019intention<\/strong><\/a> des membres de l\u2019AIP \u00e0 www.iaff.org\/coronavirus.<\/p>\n<\/div>","protected":false},"featured_media":1065,"menu_order":0,"template":"","tags":[],"class_list":["post-84565","news","type-news","status-publish","has-post-thumbnail","hentry"],"acf":[],"publishpress_future_workflow_manual_trigger":{"enabledWorkflows":[]},"_links":{"self":[{"href":"https:\/\/www.iaff.org\/fr-ca\/wp-json\/wp\/v2\/news\/84565","targetHints":{"allow":["GET"]}}],"collection":[{"href":"https:\/\/www.iaff.org\/fr-ca\/wp-json\/wp\/v2\/news"}],"about":[{"href":"https:\/\/www.iaff.org\/fr-ca\/wp-json\/wp\/v2\/types\/news"}],"version-history":[{"count":0,"href":"https:\/\/www.iaff.org\/fr-ca\/wp-json\/wp\/v2\/news\/84565\/revisions"}],"wp:featuredmedia":[{"embeddable":true,"href":"https:\/\/www.iaff.org\/fr-ca\/wp-json\/wp\/v2\/media\/1065"}],"wp:attachment":[{"href":"https:\/\/www.iaff.org\/fr-ca\/wp-json\/wp\/v2\/media?parent=84565"}],"wp:term":[{"taxonomy":"post_tag","embeddable":true,"href":"https:\/\/www.iaff.org\/fr-ca\/wp-json\/wp\/v2\/tags?post=84565"}],"curies":[{"name":"wp","href":"https:\/\/api.w.org\/{rel}","templated":true}]}}