{"id":84564,"date":"2020-04-13T14:44:33","date_gmt":"2020-04-13T18:44:33","guid":{"rendered":"https:\/\/www.iaff.org\/news\/la-periode-de-demande-de-safer-est-maintenant-ouverte\/"},"modified":"2025-08-12T12:12:24","modified_gmt":"2025-08-12T16:12:24","slug":"la-periode-de-demande-de-safer-est-maintenant-ouverte","status":"publish","type":"news","link":"https:\/\/www.iaff.org\/fr-ca\/news\/la-periode-de-demande-de-safer-est-maintenant-ouverte\/","title":{"rendered":"La p\u00e9riode de demande de SAFER est maintenant ouverte"},"content":{"rendered":"<div class=\"wp-block-paragraph \">\n<p>La p\u00e9riode de demande de dotation en cas d\u2019incendie et d\u2019intervention d\u2019urgence ad\u00e9quates (SAFER) pour l\u2019exercice 2019 est maintenant ouverte. La date limite de pr\u00e9sentation des demandes est le vendredi 15 mai 2020 \u00e0 17 h 00 (HE). Il y a 350 millions de dollars disponibles en subventions f\u00e9d\u00e9rales pour ajouter des pompiers aux minist\u00e8res dans le besoin. Les services de carri\u00e8re, mixtes et volontaires sont admissibles.   <\/p>\n<\/div><div class=\"wp-block-paragraph \">\n<p>Pour plus d\u2019informations, <a href=\"https:\/\/www.fema.gov\/media-library\/assets\/documents\/186739\" target=\"_blank\" rel=\"noreferrer noopener\">cliquez ici<\/a>.<\/p>\n<\/div><div class=\"wp-block-paragraph \">\n<p>Le programme de subventions SAFER a \u00e9t\u00e9 cr\u00e9\u00e9 pour fournir du financement directement aux services d\u2019incendie afin d\u2019augmenter le nombre de pompiers de premi\u00e8re ligne form\u00e9s dans leurs communaut\u00e9s.<\/p>\n<\/div><div class=\"wp-block-paragraph \">\n<p>l\u2019AIP est disponible pour vous aider et examiner votre demande de subvention jusqu\u2019au 15 mai. Contactez-nous \u00e0 <a href=\"mailto:firegrants@iaff.org\">firegrants@iaff.org<\/a>. <\/p>\n<\/div><div class=\"wp-block-paragraph \">\n<p>La p\u00e9riode de demande de dotation en cas d\u2019incendie et d\u2019intervention d\u2019urgence ad\u00e9quates (SAFER) pour l\u2019exercice 2019 est maintenant ouverte. La date limite de pr\u00e9sentation des demandes est le vendredi 15 mai 2020 \u00e0 17 h 00 (HE). Il y a 350 millions de dollars disponibles en subventions f\u00e9d\u00e9rales pour ajouter des pompiers aux minist\u00e8res dans le besoin. Les services de carri\u00e8re, mixtes et volontaires sont admissibles.   <\/p>\n<\/div><div class=\"wp-block-paragraph \">\n<p>Pour plus d\u2019informations, <a href=\"https:\/\/www.fema.gov\/media-library\/assets\/documents\/186739\" target=\"_blank\" rel=\"noreferrer noopener\">cliquez ici<\/a>.<\/p>\n<\/div><div class=\"wp-block-paragraph \">\n<p>Le programme de subventions SAFER a \u00e9t\u00e9 cr\u00e9\u00e9 pour fournir du financement directement aux services d\u2019incendie afin d\u2019augmenter le nombre de pompiers de premi\u00e8re ligne form\u00e9s dans leurs communaut\u00e9s.<\/p>\n<\/div><div class=\"wp-block-paragraph \">\n<p>l\u2019AIP est disponible pour vous aider et examiner votre demande de subvention jusqu\u2019au 15 mai. Contactez-nous \u00e0 <a href=\"mailto:firegrants@iaff.org\">firegrants@iaff.org<\/a>. <\/p>\n<\/div>","protected":false},"featured_media":1492,"menu_order":0,"template":"","tags":[],"class_list":["post-84564","news","type-news","status-publish","has-post-thumbnail","hentry"],"acf":[],"publishpress_future_workflow_manual_trigger":{"enabledWorkflows":[]},"_links":{"self":[{"href":"https:\/\/www.iaff.org\/fr-ca\/wp-json\/wp\/v2\/news\/84564","targetHints":{"allow":["GET"]}}],"collection":[{"href":"https:\/\/www.iaff.org\/fr-ca\/wp-json\/wp\/v2\/news"}],"about":[{"href":"https:\/\/www.iaff.org\/fr-ca\/wp-json\/wp\/v2\/types\/news"}],"version-history":[{"count":0,"href":"https:\/\/www.iaff.org\/fr-ca\/wp-json\/wp\/v2\/news\/84564\/revisions"}],"wp:featuredmedia":[{"embeddable":true,"href":"https:\/\/www.iaff.org\/fr-ca\/wp-json\/wp\/v2\/media\/1492"}],"wp:attachment":[{"href":"https:\/\/www.iaff.org\/fr-ca\/wp-json\/wp\/v2\/media?parent=84564"}],"wp:term":[{"taxonomy":"post_tag","embeddable":true,"href":"https:\/\/www.iaff.org\/fr-ca\/wp-json\/wp\/v2\/tags?post=84564"}],"curies":[{"name":"wp","href":"https:\/\/api.w.org\/{rel}","templated":true}]}}