{"id":84556,"date":"2020-03-23T16:18:59","date_gmt":"2020-03-23T20:18:59","guid":{"rendered":"https:\/\/www.iaff.org\/news\/appel-de-candidatures-pour-les-prix-du-leadership-2020\/"},"modified":"2025-08-12T12:33:52","modified_gmt":"2025-08-12T16:33:52","slug":"appel-de-candidatures-pour-les-prix-du-leadership-2020","status":"publish","type":"news","link":"https:\/\/www.iaff.org\/fr-ca\/news\/appel-de-candidatures-pour-les-prix-du-leadership-2020\/","title":{"rendered":"Appel de candidatures pour les Prix du leadership 2020"},"content":{"rendered":"<div class=\"wp-block-paragraph \">\n<p>Les mises en candidature pour les <a href=\"https:\/\/www.iaff.org\/2020LeadershipAwards\">Prix de leadership local 2020<\/a> doivent \u00eatre soumises avant 17 h 00 (heure de l\u2019Est) le vendredi 1er mai.<\/p>\n<\/div><div class=\"wp-block-paragraph \">\n<p>Les agents locaux actifs et retrait\u00e9s actifs (actuels et pass\u00e9s) qui ont consacr\u00e9 15 ans ou plus \u00e0 leur section locale sont admissibles \u00e0 la mise en candidature.<\/p>\n<\/div><div class=\"wp-block-paragraph \">\n<p>Le programme honore et reconna\u00eet les dirigeants locaux de l\u2019AIP qui se sont surpass\u00e9s en repr\u00e9sentant leurs membres \u00e0 l\u2019\u00e9chelle locale, \u00e9tatique ou provinciale pendant de nombreuses ann\u00e9es. Les prix sont d\u00e9cern\u00e9s \u00e0 un maximum de dirigeants locaux de chacun des 16 districts de l\u2019AIP. <\/p>\n<\/div><div class=\"wp-block-paragraph \">\n<p>Pour soumettre une candidature, <a href=\"https:\/\/www.iaff.org\/2020LeadershipAwards\">cliquez ici<\/a>, cr\u00e9ez un identifiant, remplissez le court formulaire de mise en candidature et soumettez-le.<\/p>\n<\/div><div class=\"wp-block-paragraph \">\n<p>Le pr\u00e9sident g\u00e9n\u00e9ral Harold Schaitberger remettra les prix lors du <a href=\"https:\/\/convention2020.iaff.org\/\" target=\"_blank\" rel=\"noreferrer noopener\">55e congr\u00e8s de l\u2019AIP<\/a> \u00e0 Orlando, en Floride, du 10 au 14 ao\u00fbt 2020. Tous les laur\u00e9ats seront avis\u00e9s avant le congr\u00e8s. <\/p>\n<\/div><div class=\"wp-block-paragraph \">\n<p>Pour de plus amples renseignements, communiquez avec le Service des communications et des m\u00e9dias de l\u2019AIP au leadershipawards@iaff.org ou au (202) 824-1567.<\/p>\n<\/div>","protected":false},"featured_media":1514,"menu_order":0,"template":"","tags":[],"class_list":["post-84556","news","type-news","status-publish","has-post-thumbnail","hentry"],"acf":[],"publishpress_future_workflow_manual_trigger":{"enabledWorkflows":[]},"_links":{"self":[{"href":"https:\/\/www.iaff.org\/fr-ca\/wp-json\/wp\/v2\/news\/84556","targetHints":{"allow":["GET"]}}],"collection":[{"href":"https:\/\/www.iaff.org\/fr-ca\/wp-json\/wp\/v2\/news"}],"about":[{"href":"https:\/\/www.iaff.org\/fr-ca\/wp-json\/wp\/v2\/types\/news"}],"version-history":[{"count":0,"href":"https:\/\/www.iaff.org\/fr-ca\/wp-json\/wp\/v2\/news\/84556\/revisions"}],"wp:featuredmedia":[{"embeddable":true,"href":"https:\/\/www.iaff.org\/fr-ca\/wp-json\/wp\/v2\/media\/1514"}],"wp:attachment":[{"href":"https:\/\/www.iaff.org\/fr-ca\/wp-json\/wp\/v2\/media?parent=84556"}],"wp:term":[{"taxonomy":"post_tag","embeddable":true,"href":"https:\/\/www.iaff.org\/fr-ca\/wp-json\/wp\/v2\/tags?post=84556"}],"curies":[{"name":"wp","href":"https:\/\/api.w.org\/{rel}","templated":true}]}}