{"id":84551,"date":"2020-02-28T21:06:20","date_gmt":"2020-02-29T02:06:20","guid":{"rendered":"https:\/\/www.iaff.org\/news\/une-nouvelle-section-locale-de-la-louisiane-recoit-une-charte\/"},"modified":"2025-08-12T12:49:19","modified_gmt":"2025-08-12T16:49:19","slug":"une-nouvelle-section-locale-de-la-louisiane-recoit-une-charte","status":"publish","type":"news","link":"https:\/\/www.iaff.org\/fr-ca\/news\/une-nouvelle-section-locale-de-la-louisiane-recoit-une-charte\/","title":{"rendered":"Une nouvelle section locale de la Louisiane re\u00e7oit une charte"},"content":{"rendered":"<div class=\"wp-block-paragraph \">\n<p>Lors du congr\u00e8s de l\u2019Association des pompiers professionnels de Louisiane, le pr\u00e9sident g\u00e9n\u00e9ral Harold Schaitberger et le vice-pr\u00e9sident du 14e district, Danny Todd, ont remis \u00e0 l\u2019une de nos plus r\u00e9centes filiales \u2013 Jennings, LA Local 5239 \u2013 une copie encadr\u00e9e de sa charte.<\/p>\n<\/div><div class=\"wp-block-paragraph \">\n<p>\u00ab Accueillir une nouvelle section locale dans la famille de l\u2019AIP est l\u2019une des meilleures parties de mon travail \u00bb, d\u00e9clare le vice-pr\u00e9sident du 14e district, Todd. \u00ab Les membres de notre nouvelle section locale \u00e0 Jennings sont un groupe de pompiers motiv\u00e9s. Je suis convaincu qu\u2019ils seront un excellent ajout \u00e0 cette union audacieuse. <\/p>\n<\/div><div class=\"wp-block-paragraph \">\n<p>\u00ab Ce fut un honneur de recevoir notre charte \u00bb, a d\u00e9clar\u00e9 le pr\u00e9sident de la section locale 5239, Corey LaMarque. \u00ab Tout le monde \u00e0 la convention de l\u2019\u00c9tat nous a fait nous sentir chez nous. Nous avons h\u00e2te de r\u00e9seauter et d\u2019obtenir des id\u00e9es sur l\u2019\u00e9tablissement d\u2019une solide relation patronale-syndicale avec la Ville de Jennings et d\u2019apprendre les meilleures strat\u00e9gies pour aider nos membres. <\/p>\n<\/div><div class=\"wp-block-paragraph \">\n<p>LaMarque dit que les membres ont inform\u00e9 les d\u00e9cideurs municipaux de la formation de la section locale et que les deux parties travaillent \u00e0 avoir un dialogue ouvert sur les questions.<\/p>\n<\/div><div class=\"wp-block-paragraph \">\n<p>Le pr\u00e9sident LaMarque au sein du conseil ex\u00e9cutif de la section locale 5239 est accompagn\u00e9 de la vice-pr\u00e9sidente Coty Courville, du secr\u00e9taire Joshua Sonnier et du tr\u00e9sorier Shawn O\u2019Quinn.<\/p>\n<\/div>","protected":false},"featured_media":1534,"menu_order":0,"template":"","tags":[],"class_list":["post-84551","news","type-news","status-publish","has-post-thumbnail","hentry"],"acf":[],"publishpress_future_workflow_manual_trigger":{"enabledWorkflows":[]},"_links":{"self":[{"href":"https:\/\/www.iaff.org\/fr-ca\/wp-json\/wp\/v2\/news\/84551","targetHints":{"allow":["GET"]}}],"collection":[{"href":"https:\/\/www.iaff.org\/fr-ca\/wp-json\/wp\/v2\/news"}],"about":[{"href":"https:\/\/www.iaff.org\/fr-ca\/wp-json\/wp\/v2\/types\/news"}],"version-history":[{"count":0,"href":"https:\/\/www.iaff.org\/fr-ca\/wp-json\/wp\/v2\/news\/84551\/revisions"}],"wp:featuredmedia":[{"embeddable":true,"href":"https:\/\/www.iaff.org\/fr-ca\/wp-json\/wp\/v2\/media\/1534"}],"wp:attachment":[{"href":"https:\/\/www.iaff.org\/fr-ca\/wp-json\/wp\/v2\/media?parent=84551"}],"wp:term":[{"taxonomy":"post_tag","embeddable":true,"href":"https:\/\/www.iaff.org\/fr-ca\/wp-json\/wp\/v2\/tags?post=84551"}],"curies":[{"name":"wp","href":"https:\/\/api.w.org\/{rel}","templated":true}]}}