{"id":84547,"date":"2020-02-26T19:20:29","date_gmt":"2020-02-27T00:20:29","guid":{"rendered":"https:\/\/www.iaff.org\/news\/laip-remporte-la-victoire-au-nom-des-membres-de-la-section-locale-2671-de-moberly\/"},"modified":"2025-10-06T10:45:54","modified_gmt":"2025-10-06T14:45:54","slug":"laip-remporte-la-victoire-au-nom-des-membres-de-la-section-locale-2671-de-moberly","status":"publish","type":"news","link":"https:\/\/www.iaff.org\/fr-ca\/news\/laip-remporte-la-victoire-au-nom-des-membres-de-la-section-locale-2671-de-moberly\/","title":{"rendered":"L\u2019IAFF sort victorieuse au nom des membres de la section locale 2671 de Moberly"},"content":{"rendered":"<div class=\"wp-block-paragraph \">\n<p>Depuis plus de deux ans, Moberly, au Missouri, est un champ de bataille pour la section locale 2671 de Moberly et la ville de Moberly au sujet du cong\u00e9diement injuste de l\u2019ancien pr\u00e9sident de la section locale 2671, Cory Putnam, et des n\u00e9gociations sur le premier contrat de la section locale.<\/p>\n<\/div><div class=\"wp-block-paragraph \">\n<p>\u00ab Nos membres du 2e district sont satisfaits de ces deux r\u00e9sultats positifs \u00bb, a d\u00e9clar\u00e9 le vice-pr\u00e9sident du 2e district, Mark Woolbright. \u00ab Toutes les personnes impliqu\u00e9es sont rest\u00e9es d\u00e9termin\u00e9es \u00e0 faire en sorte que le confr\u00e8re Putnam et les membres de la section locale 2671 soient trait\u00e9s \u00e9quitablement. Je suis tr\u00e8s fier du travail acharn\u00e9 et du d\u00e9vouement de chacun. <\/p>\n<\/div><div class=\"wp-block-paragraph \">\n<p>\u00ab La r\u00e9int\u00e9gration du confr\u00e8re Putnam avec une anciennet\u00e9 compl\u00e8te et la ratification du premier contrat de la section locale sont deux succ\u00e8s majeurs pour nos membres de Moberly \u00bb, a d\u00e9clar\u00e9 Kurt Becker, repr\u00e9sentant du service sur le terrain du 2e district. \u00ab La section locale 2671 est une petite section locale, mais elle est remplie de membres motiv\u00e9s qui sont pr\u00eats \u00e0 se battre jusqu\u2019\u00e0 ce que la victoire soit \u00e0 port\u00e9e de main. \u00bb <\/p>\n<\/div><div class=\"wp-block-paragraph \">\n<p>La section locale 2671 de Moberly \u00e9tait en sommeil depuis plusieurs ann\u00e9es jusqu\u2019\u00e0 ce qu\u2019un groupe motiv\u00e9 de pompiers travaillant pour le service \u2013 dont Cory Putnam \u2013 d\u00e9cide qu\u2019il \u00e9tait temps de redonner vie \u00e0 la section locale.<\/p>\n<\/div><div class=\"wp-block-paragraph \">\n<p>Lorsque Putnam a \u00e9t\u00e9 \u00e9lu pr\u00e9sident, il a demand\u00e9 conseil aux dirigeants du 2e district et a fait de grands progr\u00e8s dans la revitalisation de la section locale. Mais en f\u00e9vrier 2018, il a \u00e9t\u00e9 gri\u00e8vement bless\u00e9 alors qu\u2019il \u00e9tait passager dans un accident de la route qui a tu\u00e9 le conducteur. Putnam a pass\u00e9 plusieurs semaines \u00e0 se r\u00e9tablir.  <\/p>\n<\/div><div class=\"wp-block-paragraph \">\n<p>Lorsqu\u2019il a finalement \u00e9t\u00e9 autoris\u00e9 \u00e0 retourner au travail, il a \u00e9t\u00e9 surpris d\u2019\u00eatre accus\u00e9 d\u2019\u00eatre le conducteur du v\u00e9hicule et accus\u00e9 de plusieurs crimes graves li\u00e9s \u00e0 l\u2019accident.<\/p>\n<\/div><div class=\"wp-block-paragraph \">\n<p>Malgr\u00e9 les preuves prouvant que Putnam n\u2019\u00e9tait pas le conducteur, la poursuite \u00e9tait d\u00e9termin\u00e9e \u00e0 aller de l\u2019avant avec l\u2019affaire. Pendant ce temps, la ville a mis Putnam en cong\u00e9 administratif. <\/p>\n<\/div><div class=\"wp-block-paragraph \">\n<p>En novembre 2019, la ville a tent\u00e9 de cong\u00e9dier Putnam, qui a d\u00e9pos\u00e9 un grief. Pourtant, il a appris plus tard que le service des relations humaines de la ville l\u2019avait d\u00e9j\u00e0 cong\u00e9di\u00e9 en d\u00e9cembre 2018, mais ne l\u2019avait pas avis\u00e9. <\/p>\n<\/div><div class=\"wp-block-paragraph \">\n<p>L\u2019AIP, le 2e district, le Conseil des pompiers de l\u2019\u00c9tat du Missouri (MSCFF) et la section locale 2671 sont intervenus en son nom, soutenant que Putnam m\u00e9ritait non seulement de conserver son anciennet\u00e9, mais qu\u2019il m\u00e9ritait \u00e9galement de retourner \u00e0 son ancienne affectation.<\/p>\n<\/div><div class=\"wp-block-paragraph \">\n<p>\u00ab Je voulais juste retrouver ma vie \u00bb, dit Putnam. \u00ab D\u00e8s le d\u00e9but, l\u2019AIP m\u2019a soutenu, en restant en contact pour que je ne sois jamais dans le noir. Je savais que l\u2019AIP y arriverait jusqu\u2019au bout. Je suis tr\u00e8s reconnaissant pour tout. <\/p>\n<\/div><div class=\"wp-block-paragraph \">\n<p>En fin de compte, la ville a accept\u00e9 et Putnam retourne au travail.<\/p>\n<\/div><div class=\"wp-block-paragraph \">\n<p>\u00ab Ce fut un processus tr\u00e8s long et difficile \u00bb, a d\u00e9clar\u00e9 le pr\u00e9sident de la section locale 2671, Ross Dutton, qui a pris la rel\u00e8ve apr\u00e8s le d\u00e9part de Putnam. \u00ab Sans la direction syndicale exceptionnelle \u00e0 tous les niveaux, je ne crois pas que nous aurions le succ\u00e8s que nous avons eu. Il a fallu beaucoup de pers\u00e9v\u00e9rance. <\/p>\n<\/div><div class=\"wp-block-paragraph \">\n<p>Pendant ce temps, Becker aidait le pr\u00e9sident de la section locale 2671, Dutton, \u00e0 n\u00e9gocier le premier contrat de la section locale. C\u2019\u00e9tait aussi une mont\u00e9e difficile. <\/p>\n<\/div><div class=\"wp-block-paragraph \">\n<p>En 2018, l\u2019assembl\u00e9e l\u00e9gislative du Missouri a adopt\u00e9 le projet de loi HB 1413, qui comprenait des dispositions qui rendaient les membres du syndicat vuln\u00e9rables tout au long du processus de n\u00e9gociation collective. Voyant cela, la ville de Moberly a tent\u00e9 de mettre en \u0153uvre certaines des dispositions de la nouvelle loi. <\/p>\n<\/div><div class=\"wp-block-paragraph \">\n<p>La section locale 2671 a demand\u00e9 de l\u2019aide \u00e0 l\u2019AIP et a \u00e9t\u00e9 approuv\u00e9e en vertu de la politique du gardien, car le conflit soulevait des pr\u00e9occupations antisyndicales et des questions sur le droit du travail de l\u2019\u00c9tat. Si la Ville de Moberly r\u00e9ussissait \u00e0 contrecarrer les efforts de n\u00e9gociation collective de la section locale 2671, cela pourrait devenir un pr\u00e9c\u00e9dent. <\/p>\n<\/div><div class=\"wp-block-paragraph \">\n<p>Mais avant que des poursuites judiciaires ne puissent \u00eatre intent\u00e9es, une coalition de syndicats a intent\u00e9 une poursuite contre la constitutionnalit\u00e9 du projet de loi HB 1413. Le tribunal a accord\u00e9 une injonction pr\u00e9liminaire, mettant fin \u00e0 l\u2019application de la loi anti-travail en mars 2019. <\/p>\n<\/div><div class=\"wp-block-paragraph \">\n<p>Peu de temps apr\u00e8s, les \u00e9lecteurs ont \u00e9lu plusieurs nouveaux dirigeants municipaux. \u00c0 la suite de cette \u00e9lection, les parties ont redoubl\u00e9 d\u2019efforts pour n\u00e9gocier une entente d\u00e9finitive sans intervention des tribunaux. Comme la politique des gardiens est rest\u00e9e active, l\u2019AIP a continu\u00e9 de fournir un soutien dans les n\u00e9gociations.  <\/p>\n<\/div><div class=\"wp-block-paragraph \">\n<p>En fin de compte, la section locale 2671 a ratifi\u00e9 son premier contrat, qui comprend toutes les dispositions prioritaires demand\u00e9es par la section locale et aucune des dispositions ill\u00e9gales du projet de loi HB 1413.<\/p>\n<\/div>","protected":false},"featured_media":1540,"menu_order":0,"template":"","tags":[],"class_list":["post-84547","news","type-news","status-publish","has-post-thumbnail","hentry"],"acf":[],"publishpress_future_workflow_manual_trigger":{"enabledWorkflows":[]},"_links":{"self":[{"href":"https:\/\/www.iaff.org\/fr-ca\/wp-json\/wp\/v2\/news\/84547","targetHints":{"allow":["GET"]}}],"collection":[{"href":"https:\/\/www.iaff.org\/fr-ca\/wp-json\/wp\/v2\/news"}],"about":[{"href":"https:\/\/www.iaff.org\/fr-ca\/wp-json\/wp\/v2\/types\/news"}],"version-history":[{"count":0,"href":"https:\/\/www.iaff.org\/fr-ca\/wp-json\/wp\/v2\/news\/84547\/revisions"}],"wp:featuredmedia":[{"embeddable":true,"href":"https:\/\/www.iaff.org\/fr-ca\/wp-json\/wp\/v2\/media\/1540"}],"wp:attachment":[{"href":"https:\/\/www.iaff.org\/fr-ca\/wp-json\/wp\/v2\/media?parent=84547"}],"wp:term":[{"taxonomy":"post_tag","embeddable":true,"href":"https:\/\/www.iaff.org\/fr-ca\/wp-json\/wp\/v2\/tags?post=84547"}],"curies":[{"name":"wp","href":"https:\/\/api.w.org\/{rel}","templated":true}]}}