{"id":84543,"date":"2020-02-19T18:57:29","date_gmt":"2020-02-19T23:57:29","guid":{"rendered":"https:\/\/www.iaff.org\/news\/laip-accueille-une-section-locale-de-virginie-occidentale\/"},"modified":"2025-10-06T10:45:54","modified_gmt":"2025-10-06T14:45:54","slug":"laip-accueille-une-section-locale-de-virginie-occidentale","status":"publish","type":"news","link":"https:\/\/www.iaff.org\/fr-ca\/news\/laip-accueille-une-section-locale-de-virginie-occidentale\/","title":{"rendered":"L\u2019IAFF accueille la section locale de la Virginie-Occidentale"},"content":{"rendered":"<div class=\"wp-block-paragraph \">\n<p>La section locale 5252 de l\u2019Association professionnelle des services m\u00e9dicaux d\u2019urgence du comt\u00e9 de Marshall en Virginie-Occidentale est l\u2019une des plus r\u00e9centes affili\u00e9es \u00e0 se joindre \u00e0 l\u2019AIP.<\/p>\n<\/div>\n<figure class=\"wp-block-image aligncenter size-large\"><img decoding=\"async\" src=\"https:\/\/www.iaff.org\/wp-content\/uploads\/\/MarshalCO-300x114.jpg\" alt=\"\"><\/figure>\n<div class=\"wp-block-paragraph \">\n<p>La d\u00e9cision de s\u2019organiser d\u00e9coule de la n\u00e9cessit\u00e9 de normaliser les op\u00e9rations de travail. \u00ab Notre premier objectif en tant que section locale est de renforcer la relation patronale-syndicale \u00bb, a d\u00e9clar\u00e9 le pr\u00e9sident de la section locale 5252, David Jones. \u00ab Avoir une ligne de communication ouverte nous aidera \u00e0 \u00e9tablir la fa\u00e7on la plus efficace et la plus efficiente de r\u00e9pondre aux appels d\u2019urgence. \u00bb  <\/p>\n<\/div><div class=\"wp-block-paragraph \">\n<p>Pendant ce temps, une nouvelle usine de gaz ouvrira bient\u00f4t dans le comt\u00e9. La section locale 5252 esp\u00e8re \u00e9galement avoir un si\u00e8ge \u00e0 la table des d\u00e9cisions concernant l\u2019ajout de ressources et de protocoles d\u2019intervention. <\/p>\n<\/div><div class=\"wp-block-paragraph \">\n<p>Le vice-pr\u00e9sident Robert Nash et la secr\u00e9taire-tr\u00e9sori\u00e8re Mercadie Church se joignent au pr\u00e9sident Jones au conseil ex\u00e9cutif.<\/p>\n<\/div>","protected":false},"featured_media":945,"menu_order":0,"template":"","tags":[],"class_list":["post-84543","news","type-news","status-publish","has-post-thumbnail","hentry"],"acf":[],"publishpress_future_workflow_manual_trigger":{"enabledWorkflows":[]},"_links":{"self":[{"href":"https:\/\/www.iaff.org\/fr-ca\/wp-json\/wp\/v2\/news\/84543","targetHints":{"allow":["GET"]}}],"collection":[{"href":"https:\/\/www.iaff.org\/fr-ca\/wp-json\/wp\/v2\/news"}],"about":[{"href":"https:\/\/www.iaff.org\/fr-ca\/wp-json\/wp\/v2\/types\/news"}],"version-history":[{"count":0,"href":"https:\/\/www.iaff.org\/fr-ca\/wp-json\/wp\/v2\/news\/84543\/revisions"}],"wp:featuredmedia":[{"embeddable":true,"href":"https:\/\/www.iaff.org\/fr-ca\/wp-json\/wp\/v2\/media\/945"}],"wp:attachment":[{"href":"https:\/\/www.iaff.org\/fr-ca\/wp-json\/wp\/v2\/media?parent=84543"}],"wp:term":[{"taxonomy":"post_tag","embeddable":true,"href":"https:\/\/www.iaff.org\/fr-ca\/wp-json\/wp\/v2\/tags?post=84543"}],"curies":[{"name":"wp","href":"https:\/\/api.w.org\/{rel}","templated":true}]}}