{"id":84542,"date":"2020-02-07T20:45:07","date_gmt":"2020-02-08T01:45:07","guid":{"rendered":"https:\/\/www.iaff.org\/news\/la-section-locale-4265-duhrichsville-prend-en-charge-les-services-medicaux-durgence\/"},"modified":"2025-08-12T14:36:57","modified_gmt":"2025-08-12T18:36:57","slug":"la-section-locale-4265-duhrichsville-prend-en-charge-les-services-medicaux-durgence","status":"publish","type":"news","link":"https:\/\/www.iaff.org\/fr-ca\/news\/la-section-locale-4265-duhrichsville-prend-en-charge-les-services-medicaux-durgence\/","title":{"rendered":"La section locale 4265 d\u2019Uhrichsville prend en charge les services m\u00e9dicaux d\u2019urgence"},"content":{"rendered":"<div class=\"wp-block-paragraph \">\n<p>En \u00e9tablissant des coalitions avec les membres du conseil municipal et les d\u00e9cideurs, la section locale 4265 d\u2019Uhrichsville, OH, a r\u00e9ussi \u00e0 d\u00e9montrer que les services m\u00e9dicaux d\u2019urgence bas\u00e9s sur les incendies sont dans le meilleur int\u00e9r\u00eat de la s\u00e9curit\u00e9 publique.<\/p>\n<\/div><div class=\"wp-block-paragraph \">\n<p>Le conseil municipal d\u2019Uhrichsville a officiellement vot\u00e9 pour mettre fin \u00e0 son service d\u2019ambulance priv\u00e9, faisant du service d\u2019incendie d\u2019Uhrichsville le seul fournisseur de services m\u00e9dicaux d\u2019urgence de la ville. Cela permettra \u00e9galement \u00e0 la ville d\u2019embaucher du personnel d\u2019urgence suppl\u00e9mentaire. <\/p>\n<\/div><div class=\"wp-block-paragraph \">\n<p>La question a \u00e9t\u00e9 soulev\u00e9e lorsque l\u2019entreprise \u00e0 but lucratif a propos\u00e9 des augmentations de tarifs et une diminution des ressources \u00e0 la ville.<\/p>\n<\/div><div class=\"wp-block-paragraph \">\n<p>Au cours des 10 derni\u00e8res ann\u00e9es, le service d\u2019incendie a fait la transition vers l\u2019embauche de pompiers et d\u2019ambulanciers param\u00e9dicaux dans l\u2019espoir de fournir un jour des services m\u00e9dicaux d\u2019urgence bas\u00e9s sur les incendies.<\/p>\n<\/div><div class=\"wp-block-paragraph \">\n<p>\u00ab Avant 2016, nous intervenions sur les lieux pour traiter des patients en raison des d\u00e9lais d\u2019intervention prolong\u00e9s ou de l\u2019absence d\u2019ambulance imm\u00e9diatement disponible \u00bb, explique le pr\u00e9sident de la section locale 4265, Nathan Crouse. \u00ab Nous avons d\u00fb attendre l\u2019arriv\u00e9e d\u2019une ambulance pour transporter. Ce changement va am\u00e9liorer les d\u00e9lais de r\u00e9ponse. <\/p>\n<\/div><div class=\"wp-block-paragraph \">\n<p>Avec l\u2019aide de l\u2019AIP, la section locale 4265 a lanc\u00e9 une campagne de sensibilisation agressive sur les m\u00e9dias sociaux pour sensibiliser les r\u00e9sidents aux avantages des services m\u00e9dicaux d\u2019urgence bas\u00e9s sur les incendies. \u00ab Nous avons d\u00fb repousser certaines rumeurs de ceux qui favorisaient le service priv\u00e9, mais nous avons travaill\u00e9 avec nos amis du conseil et nous nous sommes assur\u00e9s que les faits \u00e9taient entendus \u00bb, dit Crouse. <\/p>\n<\/div><div class=\"wp-block-paragraph \">\n<p>La section locale 4265 travaille avec les dirigeants \u00e9lus pour accepter ce changement depuis que le service d\u2019incendie a mis son premier infirmier en service en 2016. Depuis, le service r\u00e9pond r\u00e9guli\u00e8rement aux appels d\u2019urgence m\u00e9dicale et transporte des patients \u2013 environ 200 au cours de la derni\u00e8re ann\u00e9e seulement. <\/p>\n<\/div><div class=\"wp-block-paragraph \">\n<p>Le service d\u2019incendie est en train d\u2019embaucher des pompiers-ambulanciers param\u00e9dicaux suppl\u00e9mentaires.<\/p>\n<\/div><div class=\"wp-block-paragraph \">\n<p>Avec l\u2019embauche de personnel suppl\u00e9mentaire, le service d\u2019incendie peut maintenant ajouter du personnel aux camions de pompiers, ce qui am\u00e9liorera la s\u00e9curit\u00e9 des r\u00e9sidents et des pompiers, selon M. Crouse. Il dit que la Ville d\u2019Uhrichsville a \u00e9galement offert de fournir ses services m\u00e9dicaux d\u2019urgence \u00e0 plusieurs cantons environnants, ce qui pourrait apporter des ressources suppl\u00e9mentaires \u00e0 la ville et aux zones contractuelles qu\u2019elle dessert. <\/p>\n<\/div><div class=\"wp-block-paragraph \">\n<p>\u00ab Gr\u00e2ce \u00e0 l\u2019\u00e9ducation et aux donn\u00e9es recueillies depuis que nous avons commenc\u00e9 \u00e0 transporter des patients en 2016, nous avons r\u00e9ussi \u00e0 convaincre la ville que c\u2019\u00e9tait la bonne d\u00e9cision et nous avons maintenant h\u00e2te de le d\u00e9montrer \u00bb, d\u00e9clare M. Crouse.<\/p>\n<\/div>","protected":false},"featured_media":1556,"menu_order":0,"template":"","tags":[],"class_list":["post-84542","news","type-news","status-publish","has-post-thumbnail","hentry"],"acf":[],"publishpress_future_workflow_manual_trigger":{"enabledWorkflows":[]},"_links":{"self":[{"href":"https:\/\/www.iaff.org\/fr-ca\/wp-json\/wp\/v2\/news\/84542","targetHints":{"allow":["GET"]}}],"collection":[{"href":"https:\/\/www.iaff.org\/fr-ca\/wp-json\/wp\/v2\/news"}],"about":[{"href":"https:\/\/www.iaff.org\/fr-ca\/wp-json\/wp\/v2\/types\/news"}],"version-history":[{"count":0,"href":"https:\/\/www.iaff.org\/fr-ca\/wp-json\/wp\/v2\/news\/84542\/revisions"}],"wp:featuredmedia":[{"embeddable":true,"href":"https:\/\/www.iaff.org\/fr-ca\/wp-json\/wp\/v2\/media\/1556"}],"wp:attachment":[{"href":"https:\/\/www.iaff.org\/fr-ca\/wp-json\/wp\/v2\/media?parent=84542"}],"wp:term":[{"taxonomy":"post_tag","embeddable":true,"href":"https:\/\/www.iaff.org\/fr-ca\/wp-json\/wp\/v2\/tags?post=84542"}],"curies":[{"name":"wp","href":"https:\/\/api.w.org\/{rel}","templated":true}]}}