{"id":84539,"date":"2020-02-06T19:35:20","date_gmt":"2020-02-07T00:35:20","guid":{"rendered":"https:\/\/www.iaff.org\/news\/fin-de-la-bataille-juridique-pour-la-famille-dun-pompier-de-lillinois-decede\/"},"modified":"2025-08-12T14:38:43","modified_gmt":"2025-08-12T18:38:43","slug":"fin-de-la-bataille-juridique-pour-la-famille-dun-pompier-de-lillinois-decede","status":"publish","type":"news","link":"https:\/\/www.iaff.org\/fr-ca\/news\/fin-de-la-bataille-juridique-pour-la-famille-dun-pompier-de-lillinois-decede\/","title":{"rendered":"Fin de la bataille juridique pour la famille d\u2019un pompier de l\u2019Illinois d\u00e9c\u00e9d\u00e9"},"content":{"rendered":"<div class=\"wp-block-paragraph \">\n<p>Un panel de trois juges de la cour d\u2019appel a confirm\u00e9 \u00e0 l\u2019unanimit\u00e9 la d\u00e9cision de la Commission des pensions des pompiers du village de Buffalo Grove et d\u2019une cour de circuit du comt\u00e9 de Lake d\u2019accorder \u00e0 la famille de John Hauber de la section locale 3177 de Buffalo Grove, Illinois, la pleine pension de d\u00e9c\u00e8s dans l\u2019exercice de ses fonctions.<\/p>\n<\/div><div class=\"wp-block-paragraph \">\n<p>Hauber est d\u00e9c\u00e9d\u00e9 en janvier 2018 \u00e0 l\u2019\u00e2ge de 51 ans d\u2019un cancer du c\u00f4lon, une maladie qu\u2019il a contract\u00e9e au travail. Il laisse dans le deuil son \u00e9pouse, Kim, et leurs quatre filles. <\/p>\n<\/div><div class=\"wp-block-paragraph \">\n<p>\u00ab Le comit\u00e9 de la cour d\u2019appel a pris la bonne d\u00e9cision au nom de notre fr\u00e8re d\u00e9c\u00e9d\u00e9 et de sa famille \u00bb, a d\u00e9clar\u00e9 le pr\u00e9sident de la section locale 3177, Michael Spiro. \u00ab Nous sommes reconnaissants des ressources de l\u2019AIP et de l\u2019Associated Fire Fighters of Illinois (AFFI), en particulier de l\u2019expertise juridique, dans cette longue bataille. \u00bb <\/p>\n<\/div><div class=\"wp-block-paragraph \">\n<p>Hauber est devenu pompier et ambulancier param\u00e9dical en mai 1994, mettant sa vie en jeu tous les jours. Il a \u00e9galement \u00e9t\u00e9 expos\u00e9 r\u00e9guli\u00e8rement \u00e0 des mati\u00e8res potentiellement canc\u00e9rig\u00e8nes. <\/p>\n<\/div><div class=\"wp-block-paragraph \">\n<p>En mai 2014, Hauber a re\u00e7u un diagnostic de cancer du c\u00f4lon, recevant deux ans de traitement avant d\u2019entrer en r\u00e9mission. Mais le cancer est r\u00e9apparu en 2017 et, malgr\u00e9 un traitement agressif, Hauber est d\u00e9c\u00e9d\u00e9 en janvier 2018. <\/p>\n<\/div><div class=\"wp-block-paragraph \">\n<p>Citant l\u2019exposition de Hauber au travail \u00e0 des substances canc\u00e9rig\u00e8nes, le conseil de retraite des pompiers du village de Buffalo Grove a approuv\u00e9 une prestation de pension de d\u00e9c\u00e8s de 100% dans l\u2019exercice de ses fonctions pour la famille de Hauber. Mais les dirigeants de l\u2019administration du village de Buffalo Grove ont fait appel de la sentence devant le tribunal de circuit du comt\u00e9 de Lake, arguant que l\u2019affaire Hauber ne r\u00e9pondait pas aux exigences de la loi de l\u2019\u00c9tat et que les membres de la famille survivants ne devraient recevoir que 75% de la prestation. <\/p>\n<\/div><div class=\"wp-block-paragraph \">\n<p>Le village a soutenu que l\u2019octroi de prestations de survivant exigeait la preuve que le cancer du c\u00f4lon \u00e9tait caus\u00e9 par un acte ou des actes de service pr\u00e9cis et identifiables, et non simplement une corr\u00e9lation g\u00e9n\u00e9rale entre l\u2019emploi et son cancer.<\/p>\n<\/div><div class=\"wp-block-paragraph \">\n<p>Dans une derni\u00e8re tentative de bloquer la pension de d\u00e9c\u00e8s de 100% dans l\u2019exercice de ses fonctions, le village a fait appel devant la cour d\u2019appel du deuxi\u00e8me district. Un panel de trois juges a examin\u00e9 l\u2019affaire. <\/p>\n<\/div><div class=\"wp-block-paragraph \">\n<p>La d\u00e9cision a not\u00e9 que les dossiers du service d\u2019incendie ont montr\u00e9 que Hauber a r\u00e9pondu \u00e0 au moins 127 appels d\u2019incendie, y compris des incendies de b\u00e2timents, des incendies de v\u00e9hicules et des incendies ext\u00e9rieurs impliquant des produits chimiques inflammables au cours de sa carri\u00e8re. Par cons\u00e9quent, il \u00e9tait appropri\u00e9 de soutenir que le cancer s\u2019est d\u00e9velopp\u00e9 \u00e0 la suite des \u00ab effets cumulatifs des actes du devoir \u00bb. <\/p>\n<\/div><div class=\"wp-block-paragraph \">\n<p>La cour n\u2019\u00e9tait pas d\u2019accord avec l\u2019argument du village selon lequel la cause du cancer de Hauber devait \u00eatre directement li\u00e9e \u00e0 un incident sp\u00e9cifique.<\/p>\n<\/div>","protected":false},"featured_media":1560,"menu_order":0,"template":"","tags":[],"class_list":["post-84539","news","type-news","status-publish","has-post-thumbnail","hentry"],"acf":[],"publishpress_future_workflow_manual_trigger":{"enabledWorkflows":[]},"_links":{"self":[{"href":"https:\/\/www.iaff.org\/fr-ca\/wp-json\/wp\/v2\/news\/84539","targetHints":{"allow":["GET"]}}],"collection":[{"href":"https:\/\/www.iaff.org\/fr-ca\/wp-json\/wp\/v2\/news"}],"about":[{"href":"https:\/\/www.iaff.org\/fr-ca\/wp-json\/wp\/v2\/types\/news"}],"version-history":[{"count":0,"href":"https:\/\/www.iaff.org\/fr-ca\/wp-json\/wp\/v2\/news\/84539\/revisions"}],"wp:featuredmedia":[{"embeddable":true,"href":"https:\/\/www.iaff.org\/fr-ca\/wp-json\/wp\/v2\/media\/1560"}],"wp:attachment":[{"href":"https:\/\/www.iaff.org\/fr-ca\/wp-json\/wp\/v2\/media?parent=84539"}],"wp:term":[{"taxonomy":"post_tag","embeddable":true,"href":"https:\/\/www.iaff.org\/fr-ca\/wp-json\/wp\/v2\/tags?post=84539"}],"curies":[{"name":"wp","href":"https:\/\/api.w.org\/{rel}","templated":true}]}}