{"id":84537,"date":"2020-02-07T21:13:36","date_gmt":"2020-02-08T02:13:36","guid":{"rendered":"https:\/\/www.iaff.org\/news\/la-section-locale-5247-de-waynesville-en-caroline-du-nord-se-joint-a-laip\/"},"modified":"2025-10-06T10:45:54","modified_gmt":"2025-10-06T14:45:54","slug":"la-section-locale-5247-de-waynesville-en-caroline-du-nord-se-joint-a-laip","status":"publish","type":"news","link":"https:\/\/www.iaff.org\/fr-ca\/news\/la-section-locale-5247-de-waynesville-en-caroline-du-nord-se-joint-a-laip\/","title":{"rendered":"Waynesville, NC Local 5247 rejoint l\u2019IAFF"},"content":{"rendered":"<div class=\"wp-block-paragraph \">\n<p>Voyant ce que l\u2019AIP et l\u2019Association des pompiers et ambulanciers professionnels de la Caroline du Nord (PFFPNC) ont fait au nom de tous les pompiers professionnels chaque jour, les pompiers de Waynesville ont d\u00e9cid\u00e9 qu\u2019il \u00e9tait temps de s\u2019organiser et de soutenir leurs fr\u00e8res et s\u0153urs syndicaux.<\/p>\n<\/div><div class=\"wp-block-paragraph \">\n<p>La section locale 5247 de Waynesville, en Caroline du Nord, repr\u00e9sentera les int\u00e9r\u00eats d\u2019un petit service en pleine croissance. Avec seulement quatre pompiers \u00e0 temps plein par quart de travail, les membres de la section locale 5247 re\u00e7oivent 3 000 appels par ann\u00e9e \u00e0 partir de deux casernes de pompiers. <\/p>\n<\/div><div class=\"wp-block-paragraph \">\n<p>Le pr\u00e9sident de la section locale 5247, Ricky Mehaffey, a d\u00e9clar\u00e9 : \u00ab Le budget de la Ville de Waynesville est serr\u00e9, alors l\u2019une de nos premi\u00e8res t\u00e2ches en tant que section locale est de chercher des moyens rentables d\u2019attirer plus de pompiers, comme demander une subvention de dotation en personnel pour les interventions ad\u00e9quates en cas d\u2019incendie et d\u2019urgence (SAFER). \u00bb<\/p>\n<\/div><div class=\"wp-block-paragraph \">\n<p>Le secr\u00e9taire-tr\u00e9sorier David Blackburn et le vice-pr\u00e9sident Cody Parton se joignent \u00e0 Mehaffey au sein du conseil ex\u00e9cutif de la section locale 5247.<\/p>\n<\/div><div class=\"wp-block-paragraph \">\n<p><\/p>\n<\/div>","protected":false},"featured_media":1553,"menu_order":0,"template":"","tags":[],"class_list":["post-84537","news","type-news","status-publish","has-post-thumbnail","hentry"],"acf":[],"publishpress_future_workflow_manual_trigger":{"enabledWorkflows":[]},"_links":{"self":[{"href":"https:\/\/www.iaff.org\/fr-ca\/wp-json\/wp\/v2\/news\/84537","targetHints":{"allow":["GET"]}}],"collection":[{"href":"https:\/\/www.iaff.org\/fr-ca\/wp-json\/wp\/v2\/news"}],"about":[{"href":"https:\/\/www.iaff.org\/fr-ca\/wp-json\/wp\/v2\/types\/news"}],"version-history":[{"count":0,"href":"https:\/\/www.iaff.org\/fr-ca\/wp-json\/wp\/v2\/news\/84537\/revisions"}],"wp:featuredmedia":[{"embeddable":true,"href":"https:\/\/www.iaff.org\/fr-ca\/wp-json\/wp\/v2\/media\/1553"}],"wp:attachment":[{"href":"https:\/\/www.iaff.org\/fr-ca\/wp-json\/wp\/v2\/media?parent=84537"}],"wp:term":[{"taxonomy":"post_tag","embeddable":true,"href":"https:\/\/www.iaff.org\/fr-ca\/wp-json\/wp\/v2\/tags?post=84537"}],"curies":[{"name":"wp","href":"https:\/\/api.w.org\/{rel}","templated":true}]}}