{"id":84534,"date":"2020-01-29T14:25:40","date_gmt":"2020-01-29T19:25:40","guid":{"rendered":"https:\/\/www.iaff.org\/news\/la-periode-de-demande-de-subvention-daide-aux-pompiers-afg-debute-le-3-fevrier\/"},"modified":"2025-09-29T15:21:12","modified_gmt":"2025-09-29T19:21:12","slug":"la-periode-de-demande-de-subvention-daide-aux-pompiers-afg-debute-le-3-fevrier","status":"publish","type":"news","link":"https:\/\/www.iaff.org\/fr-ca\/news\/la-periode-de-demande-de-subvention-daide-aux-pompiers-afg-debute-le-3-fevrier\/","title":{"rendered":"La p\u00e9riode de demande de subvention d\u2019aide aux pompiers (AFG) d\u00e9bute le 3 f\u00e9vrier"},"content":{"rendered":"<div class=\"wp-block-paragraph \">\n<p>La p\u00e9riode de demande de subvention pour l\u2019Aide aux pompiers (AFG) pour l\u2019exercice 2019 est du 3 f\u00e9vrier au 13 mars 2020.<\/p>\n<\/div><div class=\"wp-block-paragraph \">\n<p>Les subventions de l\u2019AFG fournissent aux services d\u2019incendie le financement de l\u2019\u00e9quipement, de l\u2019\u00e9quipement de protection, des v\u00e9hicules d\u2019urgence, de la formation et d\u2019autres ressources n\u00e9cessaires pour prot\u00e9ger le public et le personnel d\u2019urgence contre les incendies et les dangers connexes.<\/p>\n<\/div><div class=\"wp-block-paragraph \">\n<p><a href=\"https:\/\/u1584542.ct.sendgrid.net\/mps2\/c\/GQE\/ni0YAA\/t.2yt\/V2sWIXEuQmCEojpBEn26_w\/h0\/c1Z8CEVuGZCKzMa-2FOp-2F-2FGSbiRgE5lurLbWuQD0zo38pwKNMEbd1m1BsFG2z35zxFdseXE3t-2Bu2Nj8ehqPxdX0pGWZoETAbLD-2Ba02p-2B7A1ITwt5DS-2FP2Ya7uEhJ6xqkB8YD1-2Feh4N56IazIcnmVJ118Zw9oYaa4REuPdQLlRq5Q-2Bn9kK1DmkKQOt9CMR3zHElNv7giZDtNwDMaU30sC7L3rpT3-2BxVU-2FKslIltfZk4f6dufcoKPDIqHOxDS9NUiFEqnmuCJsE1WgMd-2BRwV5PTrldX1l-2BPsFOsrR2gDE-2FKtipK9Wse9GyQKqYEzeWdufeL8SDumfARdJuEXgLqiwsM5m1-2BeWefFhcehqc6WaFk4aM15GO1RjrIwsTYkL1jl5841ZfK9ZLdHrFxX-2Fa873q6R5IJLwgRWtAMdINSI0RP2-2FIw-3D\/NxyK\" target=\"_blank\" rel=\"noreferrer noopener\">Apprenez-en davantage<\/a> sur le processus de demande de l\u2019AFG, ainsi que sur les ressources pour vous aider \u00e0 pr\u00e9parer votre demande. La date limite pour soumettre une demande est le 13 mars \u00e0 17 h 00 (HE). <\/p>\n<\/div><div class=\"wp-block-paragraph \">\n<p><strong><u>Pr\u00e9paration de votre demande de subvention<\/u><\/strong><\/p>\n<\/div><div class=\"wp-block-paragraph \">\n<p>Pour obtenir de l\u2019aide, des conseils sur la pr\u00e9paration de votre demande ou un examen de votre demande avant la soumission, communiquez avec le Service des subventions de l\u2019AIP au <a href=\"mailto:firegrants@iaff.org\">firegrants@iaff.org<\/a> ou au (202) 824-1575.<\/p>\n<\/div><div class=\"wp-block-paragraph \">\n<p>L\u2019IAFF peut fournir des directives sp\u00e9cifiques pour les demandes de financement des programmes IAFF suivants :<\/p>\n<\/div><div class=\"wp-block-list\">\n<ul class=\"wp-block-list\">\n<li>Programme de formation de soutien par les pairs de l\u2019IAFF<\/li>\n\n\n\n<li>Programme d\u2019entra\u00eenement \u00e0 la survie au sol en cas d\u2019incendie<\/li>\n\n\n\n<li>Initiative de mieux-\u00eatre et de conditionnement physique (IFE)<\/li>\n\n\n\n<li>Programme de certification des entra\u00eeneurs de conditionnement physique par les pairs (PFT) de l\u2019AIP, de l\u2019IAFC et de l\u2019ACE<\/li>\n\n\n\n<li>Formation sur les mati\u00e8res dangereuses pour les op\u00e9rations des premiers intervenants (BOF)<\/li>\n\n\n\n<li>Formation en intervention en mati\u00e8re de mati\u00e8res dangereuses : Technicien (HM Tech)<\/li>\n\n\n\n<li>Formation en sauvetage en espace clos (RSE)<\/li>\n<\/ul>\n<\/div><div class=\"wp-block-paragraph \">\n<p>Veuillez noter que les principaux changements apport\u00e9s au programme de subventions pour l\u2019exercice 2019 comprennent :<\/p>\n<\/div><div class=\"wp-block-paragraph \">\n<p><strong>Microsubventions<\/strong><\/p>\n<\/div><div class=\"wp-block-list\">\n<ul class=\"wp-block-list\">\n<li>Le programme Mieux-\u00eatre et conditionnement physique est maintenant admissible en tant que subvention micro et r\u00e9gionale.<\/li>\n\n\n\n<li>Les modifications apport\u00e9es aux activit\u00e9s des installations sont maintenant admissibles \u00e0 titre de microsubvention.<\/li>\n<\/ul>\n<\/div><div class=\"wp-block-paragraph \">\n<p><strong>\u00c9quipement<\/strong><\/p>\n<\/div><div class=\"wp-block-list\">\n<ul class=\"wp-block-list\">\n<li>Les accessoires de formation sont limit\u00e9s \u00e0 50 000 $, \u00e0 l\u2019exception d\u2019une demande de l\u2019Acad\u00e9mie d\u2019entra\u00eenement des pompiers de l\u2019\u00c9tat.<\/li>\n\n\n\n<li>Les syst\u00e8mes de gestion de l\u2019apprentissage (SGA) comprenant des logiciels et des programmes informatiques pour les minist\u00e8res locaux et les \u00c9tats afin de suivre la formation et les certifications ont \u00e9t\u00e9 ajout\u00e9s en priorit\u00e9.<\/li>\n<\/ul>\n<\/div><div class=\"wp-block-paragraph \">\n<p><strong>Exploitation et s\u00e9curit\u00e9 et Regiona<\/strong>l<\/p>\n<\/div><div class=\"wp-block-list\">\n<ul class=\"wp-block-list\">\n<li>Danger imm\u00e9diat pour la vie ou la sant\u00e9 (IDLH), Protection pour les enqu\u00eateurs sur les incendies (protection respiratoire \u00e0 usage unique) est ajout\u00e9 comme priorit\u00e9 \u00e9lev\u00e9e.<\/li>\n\n\n\n<li>La d\u00e9finition de la zone principale de premi\u00e8re intervention est mise \u00e0 jour afin d\u2019\u00eatre conforme \u00e0 la norme NFPA 1710 Current Edition. Zone g\u00e9ographique entourant une caserne de pompiers dans laquelle une compagnie de cette caserne devrait \u00eatre la premi\u00e8re \u00e0 arriver sur les lieux d\u2019un incident. <\/li>\n\n\n\n<li>La demande comprendra des donn\u00e9es et des statistiques sur la mise en \u0153uvre par les services d\u2019incendie des examens physiques 1582 de la National Fire Protection Association (NFPA). Ces renseignements ne sont pas inclus dans la d\u00e9cision de l\u2019examen par les pairs. <\/li>\n<\/ul>\n<\/div><div class=\"wp-block-paragraph \">\n<p><strong>Acquisition de v\u00e9hicules<\/strong><\/p>\n<\/div><div class=\"wp-block-list\">\n<ul class=\"wp-block-list\">\n<li>Les v\u00e9hicules \u00e0 broussailles sont maintenant une priorit\u00e9 pour les collectivit\u00e9s urbaines, suburbaines et rurales. La seule exception concerne les collectivit\u00e9s urbaines \u2013 un camion \u00e0 brosse ne doit pas d\u00e9passer le type III dans les sp\u00e9cifications. Cela n\u2019emp\u00eache pas un minist\u00e8re de demander une pompe d\u2019interface urbaine de type I. Les pompes de type I doivent \u00eatre demand\u00e9es comme pompes et sp\u00e9cifi\u00e9es dans la demande comme \u00e9tant de type I.   <\/li>\n<\/ul>\n<\/div><div class=\"wp-block-paragraph \">\n<p><a href=\"https:\/\/u1584542.ct.sendgrid.net\/mps2\/c\/GQE\/ni0YAA\/t.2yt\/V2sWIXEuQmCEojpBEn26_w\/h1\/1g-2BxzwaRRNtw-2Bio4DbrIFBr3MnOWDFy-2Fu49-2BYGRyGtZg1JvpYJ2qTVHxRzNLpUEErP7ZumKWCpw20ZJKlJQIX4xD0gPGqdIbS9F6Tfp7sClQ3y6fyiIKzoMizJmeCEFzTQ5lMU48q5MgMai-2BG6Ug3btW6Prf1Hg2eUqBkZg62-2BBMN0BiGwKQBVUKn343IJunKxwJ264wAixbaZKzTkYvrQXFN3BgMXw12itJwM4f1fdG0Pj-2F-2FZZneJ5JsWWpzkJZUWISsWGjF55lRl1-2FbLdZhYUF8VtGMKud7iJq-2FAZGkceDadrdp7jqeDHHfhlAKlvWQwEKDfV-2F8HaRIoVpGg0srHn0IanEKJpTMWPofPY4CNIFOM3gjTj9CRJhwE74NgW-2FWHlxqApdDVFauG-2FT2kERFAvvugUwKFrLScQMv8ynvs5Gm9Xci2mLx-2Frr5vfzJw4NI-2Fd5mb4gWI-2BGKeCGWojaDw-3D-3D\/-bVp\" target=\"_blank\" rel=\"noreferrer noopener\">Inscrivez-vous aux alertes par courriel<\/a> de la FEMA pour divers programmes de subventions et d\u2019autres informations.<\/p>\n<\/div>","protected":false},"featured_media":1572,"menu_order":0,"template":"","tags":[],"class_list":["post-84534","news","type-news","status-publish","has-post-thumbnail","hentry"],"acf":[],"publishpress_future_workflow_manual_trigger":{"enabledWorkflows":[]},"_links":{"self":[{"href":"https:\/\/www.iaff.org\/fr-ca\/wp-json\/wp\/v2\/news\/84534","targetHints":{"allow":["GET"]}}],"collection":[{"href":"https:\/\/www.iaff.org\/fr-ca\/wp-json\/wp\/v2\/news"}],"about":[{"href":"https:\/\/www.iaff.org\/fr-ca\/wp-json\/wp\/v2\/types\/news"}],"version-history":[{"count":0,"href":"https:\/\/www.iaff.org\/fr-ca\/wp-json\/wp\/v2\/news\/84534\/revisions"}],"wp:featuredmedia":[{"embeddable":true,"href":"https:\/\/www.iaff.org\/fr-ca\/wp-json\/wp\/v2\/media\/1572"}],"wp:attachment":[{"href":"https:\/\/www.iaff.org\/fr-ca\/wp-json\/wp\/v2\/media?parent=84534"}],"wp:term":[{"taxonomy":"post_tag","embeddable":true,"href":"https:\/\/www.iaff.org\/fr-ca\/wp-json\/wp\/v2\/tags?post=84534"}],"curies":[{"name":"wp","href":"https:\/\/api.w.org\/{rel}","templated":true}]}}