{"id":84533,"date":"2020-01-16T00:58:08","date_gmt":"2020-01-16T05:58:08","guid":{"rendered":"https:\/\/www.iaff.org\/news\/les-dirigeants-affilies-eliront-les-membres-du-comite-des-relations-humaines\/"},"modified":"2025-08-12T14:49:40","modified_gmt":"2025-08-12T18:49:40","slug":"les-dirigeants-affilies-eliront-les-membres-du-comite-des-relations-humaines","status":"publish","type":"news","link":"https:\/\/www.iaff.org\/fr-ca\/news\/les-dirigeants-affilies-eliront-les-membres-du-comite-des-relations-humaines\/","title":{"rendered":"Les dirigeants affili\u00e9s \u00e9liront les membres du comit\u00e9 des relations humaines"},"content":{"rendered":"<div class=\"wp-block-paragraph \">\n<p>Cette ann\u00e9e, lors du Sommet sur la formation en leadership des affili\u00e9s Vincent J. Bollon \/ Conf\u00e9rence de masse sur les relations humaines Ernest A. \u00ab Buddy \u00bb, des votes seront d\u00e9pos\u00e9s pour s\u00e9lectionner 16 nouveaux dirigeants qui si\u00e9geront au Comit\u00e9 \u00e9lu des relations humaines de l\u2019AIP.<\/p>\n<\/div><div class=\"wp-block-paragraph \">\n<p>Les dirigeants affili\u00e9s canadiens voteront s\u00e9par\u00e9ment pour deux membres du Comit\u00e9 des relations humaines, ce qui portera le total \u00e0 18.<\/p>\n<\/div><div class=\"wp-block-paragraph \">\n<p>Au cours des deux derni\u00e8res d\u00e9cennies, l\u2019AIP a intensifi\u00e9 ses efforts pour am\u00e9liorer les programmes de relations humaines, promouvoir la diversit\u00e9 et l\u2019inclusion parmi ses membres et dans l\u2019ensemble du service d\u2019incendie.<\/p>\n<\/div><div class=\"wp-block-paragraph \">\n<p>\u00ab Nous devons nous assurer de continuer \u00e0 b\u00e2tir une profession et un syndicat plus ouverts, inclusifs et diversifi\u00e9s qui refl\u00e8tent davantage les communaut\u00e9s que nous servons \u00bb, a d\u00e9clar\u00e9 le pr\u00e9sident g\u00e9n\u00e9ral Harold Schaitberger.<\/p>\n<\/div><div class=\"wp-block-paragraph \">\n<p>Les membres \u00e9lus du Comit\u00e9 des relations humaines, choisis tous les quatre ans, sont charg\u00e9s d\u2019\u00e9laborer et de recommander des politiques visant \u00e0 favoriser des relations humaines positives et de fournir une assistance technique aux affili\u00e9s sur des questions minoritaires allant de la discrimination en milieu de travail aux politiques sur les grossesses.<\/p>\n<\/div><div class=\"wp-block-paragraph \">\n<p>Le Comit\u00e9 des relations humaines \u00e9lues est compos\u00e9 de 18 membres \u00e9lus, dont deux repr\u00e9sentant chacune de ces cat\u00e9gories : Afro-Am\u00e9ricains\/Noirs, Canadiens, Blancs\/Blancs, Handicap\u00e9s\/Handicap\u00e9s, Femmes, Hispaniques\/Latinos, LGBTQ, autres que ceux d\u00e9j\u00e0 repr\u00e9sent\u00e9s et Anciens combattants.<\/p>\n<\/div><div class=\"wp-block-paragraph \">\n<p>Les nominations pour les nouveaux membres \u00e9lus du comit\u00e9 des relations humaines auront lieu le lundi 20 janvier. Le vote aura lieu le mardi 21 janvier, et chaque section locale pr\u00e9sente \u00e0 la conf\u00e9rence pourra d\u00e9signer un d\u00e9l\u00e9gu\u00e9 votant par le pr\u00e9sident local. Les votes seront comptabilis\u00e9s le mercredi 22 janvier et les membres nouvellement \u00e9lus seront annonc\u00e9s ce soir-l\u00e0.  <\/p>\n<\/div><div class=\"wp-block-paragraph \">\n<p>Le Comit\u00e9 \u00e9lu des relations humaines a \u00e9t\u00e9 cr\u00e9\u00e9 en 1988 \u00e0 la suite d\u2019une r\u00e9solution adopt\u00e9e lors du 39e Congr\u00e8s de l\u2019AIP demandant la cr\u00e9ation d\u2019un comit\u00e9 permanent de membres de l\u2019AIP charg\u00e9 d\u2019am\u00e9liorer les relations et d\u2019\u00e9tablir une plus grande unit\u00e9 entre les pompiers.<\/p>\n<\/div><div class=\"wp-block-paragraph \">\n<p>Le Comit\u00e9 \u00e9lu des relations humaines, qui se r\u00e9unit officiellement deux fois par ann\u00e9e, fait des recommandations strat\u00e9giques concernant les droits civils, les questions relatives aux minorit\u00e9s, les mesures d\u2019adaptation et d\u2019autres questions, et fournit des conseils aux affili\u00e9s confront\u00e9s \u00e0 des probl\u00e8mes particuliers de relations humaines.<\/p>\n<\/div><div class=\"wp-block-paragraph \">\n<p>Le dimanche 19 janvier, une table ronde pr\u00e9-conf\u00e9rence, intitul\u00e9e \u00ab \u00c9tudes de cas et pratiques exemplaires en mati\u00e8re de relations humaines \u00bb, mettra en vedette trois pr\u00e9sidents affili\u00e9s repr\u00e9sentant Cleveland, Ohio; Milwaukee, Wisconsin; et Austin, au Texas.<\/p>\n<\/div><div class=\"wp-block-paragraph \">\n<p>De plus amples d\u00e9tails sur le Comit\u00e9 \u00e9lu des relations humaines de l\u2019AIP <a href=\"https:\/\/www.iaff.org\/fr-ca\/relations-humaines\/\">sont ici<\/a>.<\/p>\n<\/div>","protected":false},"featured_media":1584,"menu_order":0,"template":"","tags":[],"class_list":["post-84533","news","type-news","status-publish","has-post-thumbnail","hentry"],"acf":[],"publishpress_future_workflow_manual_trigger":{"enabledWorkflows":[]},"_links":{"self":[{"href":"https:\/\/www.iaff.org\/fr-ca\/wp-json\/wp\/v2\/news\/84533","targetHints":{"allow":["GET"]}}],"collection":[{"href":"https:\/\/www.iaff.org\/fr-ca\/wp-json\/wp\/v2\/news"}],"about":[{"href":"https:\/\/www.iaff.org\/fr-ca\/wp-json\/wp\/v2\/types\/news"}],"version-history":[{"count":0,"href":"https:\/\/www.iaff.org\/fr-ca\/wp-json\/wp\/v2\/news\/84533\/revisions"}],"wp:featuredmedia":[{"embeddable":true,"href":"https:\/\/www.iaff.org\/fr-ca\/wp-json\/wp\/v2\/media\/1584"}],"wp:attachment":[{"href":"https:\/\/www.iaff.org\/fr-ca\/wp-json\/wp\/v2\/media?parent=84533"}],"wp:term":[{"taxonomy":"post_tag","embeddable":true,"href":"https:\/\/www.iaff.org\/fr-ca\/wp-json\/wp\/v2\/tags?post=84533"}],"curies":[{"name":"wp","href":"https:\/\/api.w.org\/{rel}","templated":true}]}}