{"id":84519,"date":"2019-12-11T17:04:43","date_gmt":"2019-12-11T22:04:43","guid":{"rendered":"https:\/\/www.iaff.org\/news\/laip-annonce-les-gagnants-du-concours-des-prix-des-medias-2019\/"},"modified":"2025-09-29T14:59:17","modified_gmt":"2025-09-29T18:59:17","slug":"laip-annonce-les-gagnants-du-concours-des-prix-des-medias-2019","status":"publish","type":"news","link":"https:\/\/www.iaff.org\/fr-ca\/news\/laip-annonce-les-gagnants-du-concours-des-prix-des-medias-2019\/","title":{"rendered":"L\u2019IAFF annonce les gagnants du concours des Media Awards 2019"},"content":{"rendered":"<p><img decoding=\"async\" class=\"alignright\" src=\"https:\/\/www.iaff.org\/wp-content\/uploads\/Media_Awards\/2001\/medialogo_copy1-300x125.gif\" alt=\"\" width=\"300\" height=\"125\">F\u00e9licitations aux laur\u00e9ats du concours des prix m\u00e9dias IAFF 2019!<\/p>\n<p>Une liste compl\u00e8te des gagnants est <a href=\"https:\/\/u1584542.ct.sendgrid.net\/mps2\/c\/FQE\/ni0YAA\/t.2xf\/PZaoR5VETnimiWsZs-kOLQ\/h1\/4DH7YuhE-2FdZ0IT1is1plzPyBqL7t5suSYRDPfRQo5ZmwGf-2B-2BnMdZfGy3veiocJS-2F7MgUZoMIHYU5NHJKG8EecAT2nlQ20hotuoCc9qhv0ZyI9IPBv6L3LHkYI-2BDEphlIBfSqueFtAzqTwQV6ROk1-2BFuVBWIG9DS5epyUY1ZvB4XAv9xpF5T5Lku06N-2FdqEEzYI-2ByeCsmMoV2vHbecLT7jCDhdhgUKYE0FALgYJHw0IqcpvIynXoQpmof74kh3-2FGBc7likJnStIYT4W0USn9KDu8INMtfQN4-2BYqo65EjIhngz02EFBQGGg6iGX-2FAv-2F4wwP5g-2B34FOdD-2BGGItH55HYEQ-3D-3D\/0oaH\" target=\"_blank\" rel=\"noopener noreferrer\">en ligne<\/a> et dans l\u2019\u00e9dition <a href=\"https:\/\/u1584542.ct.sendgrid.net\/mps2\/c\/FQE\/ni0YAA\/t.2xf\/PZaoR5VETnimiWsZs-kOLQ\/h2\/4DH7YuhE-2FdZ0IT1is1plzC1MMa-2BXq0Mbv5S-2BtEXR-2Bmhdb3-2BkPVlfrcQPyPIePh85sxfjvy-2FgI8wLPB-2FlKUXfl95wgk6DxJ272jUrjUGS7rH6cLm1zCd9XVccnoqk4Sw0eGeR1bPnnzirnprCrF2kj4iGalGJyRwOPhxKUcNo1lxpVUgqZWuhC-2FXdZkivP64Ym1nDsDLg3WmGR3iDU6yx2IjRGocdG3bSbUsILu5HUIWBts6WMYbi3vC-2FSV-2FLB-2B-2BZPoyNl6Ua9i0EODFDHhn0lXE-2FoLfSR48hhfiEK2O8o2gBmfm61MplFuxjr9U1qrlX6d3XNK5RJsdgGgVNdYpV1A-3D-3D\/W9yf\" target=\"_blank\" rel=\"noopener noreferrer\">d\u2019automne 2019<\/a> du magazine Fire Fighter Quarterly.<\/p>\n<p>Le concours r\u00e9compense les affili\u00e9s, les membres et les journalistes et photographes professionnels. Les \u0153uvres prim\u00e9es ont \u00e9t\u00e9 produites, publi\u00e9es ou diffus\u00e9es entre le 1er janvier et le 31 d\u00e9cembre 2018. <\/p>\n<p>Plus de 250 candidatures ont \u00e9t\u00e9 soumises dans 13 cat\u00e9gories, dont les communications, le reportage, la photographie, les m\u00e9dias sociaux et les relations publiques. Les gagnants du premier prix re\u00e7oivent 500 $, un t-shirt et une plaque. Les gagnants du deuxi\u00e8me prix re\u00e7oivent 250 $ et un certificat et les gagnants de la mention honorable re\u00e7oivent un certificat.  <\/p>\n<p>Le concours des prix m\u00e9dias de l\u2019IAFF contribue \u00e0 sensibiliser davantage au travail important et dangereux que les membres de l\u2019IAFF aux \u00c9tats-Unis et au Canada accomplissent pour assurer la s\u00e9curit\u00e9 du public.<\/p>\n<p>Le concours honore les communications avec les m\u00e9dias, les \u00e9lus, le public et les membres, ainsi que les reportages et les photographies des m\u00e9dias d\u2019information qui d\u00e9peignent le mieux les pompiers et les ambulanciers param\u00e9dicaux comme des intervenants d\u00e9vou\u00e9s tous risques.<\/p>\n<p>Le concours des Prix des m\u00e9dias IAFF 2020 s\u2019ouvrira au printemps 2020.<\/p>\n","protected":false},"featured_media":1617,"menu_order":0,"template":"","tags":[],"class_list":["post-84519","news","type-news","status-publish","has-post-thumbnail","hentry"],"acf":[],"publishpress_future_workflow_manual_trigger":{"enabledWorkflows":[]},"_links":{"self":[{"href":"https:\/\/www.iaff.org\/fr-ca\/wp-json\/wp\/v2\/news\/84519","targetHints":{"allow":["GET"]}}],"collection":[{"href":"https:\/\/www.iaff.org\/fr-ca\/wp-json\/wp\/v2\/news"}],"about":[{"href":"https:\/\/www.iaff.org\/fr-ca\/wp-json\/wp\/v2\/types\/news"}],"version-history":[{"count":0,"href":"https:\/\/www.iaff.org\/fr-ca\/wp-json\/wp\/v2\/news\/84519\/revisions"}],"wp:featuredmedia":[{"embeddable":true,"href":"https:\/\/www.iaff.org\/fr-ca\/wp-json\/wp\/v2\/media\/1617"}],"wp:attachment":[{"href":"https:\/\/www.iaff.org\/fr-ca\/wp-json\/wp\/v2\/media?parent=84519"}],"wp:term":[{"taxonomy":"post_tag","embeddable":true,"href":"https:\/\/www.iaff.org\/fr-ca\/wp-json\/wp\/v2\/tags?post=84519"}],"curies":[{"name":"wp","href":"https:\/\/api.w.org\/{rel}","templated":true}]}}