{"id":84314,"date":"2023-09-08T13:54:11","date_gmt":"2023-09-08T17:54:11","guid":{"rendered":"https:\/\/www.iaff.org\/news\/les-demandes-de-bourses-detudes-du-programme-syndical-de-harvard-doivent-etre-soumises-le-15-septembre\/"},"modified":"2025-07-21T12:03:50","modified_gmt":"2025-07-21T16:03:50","slug":"les-demandes-de-bourses-detudes-du-programme-syndical-de-harvard-doivent-etre-soumises-le-15-septembre","status":"publish","type":"news","link":"https:\/\/www.iaff.org\/fr-ca\/news\/les-demandes-de-bourses-detudes-du-programme-syndical-de-harvard-doivent-etre-soumises-le-15-septembre\/","title":{"rendered":"Les demandes de bourses d\u2019\u00e9tudes du programme syndical de Harvard doivent \u00eatre soumises le 15 septembre"},"content":{"rendered":"<div class=\"wp-block-paragraph \">\n<p>La date limite pour postuler \u00e0 la bourse d\u2019\u00e9tudes <a href=\"https:\/\/htup.law.harvard.edu\/sites\/projects.iq.harvard.edu\/files\/htup\/files\/htup_2024-brochure.pdf\" target=\"_blank\" rel=\"noreferrer noopener\">2024 du Harvard Trade Union Program<\/a> (HTUP) est le vendredi 15 septembre. C\u2019est une occasion que les anciens de la HTUP comme le secr\u00e9taire de la section locale 798 de San Francisco, en Californie, Adam Wood (2022) et (2019), disent que les dirigeants montants de l\u2019AIP ne veulent pas manquer.   <\/p>\n<\/div>\n<figure class=\"wp-block-image aligncenter size-large is-resized\"><img decoding=\"async\" width=\"1024\" height=\"683\" src=\"https:\/\/www.iaff.org\/wp-content\/uploads\/\/Wood-1024x683.jpg\" alt=\"\" class=\"wp-image-16964\" style=\"width:480px\" srcset=\"https:\/\/www.iaff.org\/wp-content\/uploads\/Wood-1024x683.jpg 1024w, https:\/\/www.iaff.org\/wp-content\/uploads\/Wood-300x200.jpg 300w, https:\/\/www.iaff.org\/wp-content\/uploads\/Wood-768x512.jpg 768w, https:\/\/www.iaff.org\/wp-content\/uploads\/Wood-1536x1024.jpg 1536w, https:\/\/www.iaff.org\/wp-content\/uploads\/Wood-240x160.jpg 240w, https:\/\/www.iaff.org\/wp-content\/uploads\/Wood-1200x800.jpg 1200w, https:\/\/www.iaff.org\/wp-content\/uploads\/Wood.jpg 2048w\" sizes=\"(max-width: 1024px) 100vw, 1024px\" \/><figcaption class=\"wp-element-caption\">Secr\u00e9taire de la section locale 798 de San Francisco, en Californie, Adam Wood<\/figcaption><\/figure>\n<div class=\"wp-block-paragraph \">\n<p>Le programme comprend une session intensive de six semaines pour les dirigeants syndicaux. Les participants re\u00e7oivent une formation en leadership de haut niveau, acqui\u00e8rent une meilleure compr\u00e9hension des probl\u00e8mes auxquels fait face le mouvement syndical et \u00e9changent des id\u00e9es.  <\/p>\n<\/div><div class=\"wp-block-paragraph \">\n<p>\u00ab Il y a des informations utiles pour tout le monde, que vous soyez un nouveau leader ou un leader chevronn\u00e9 au sein du mouvement syndical \u00bb, a d\u00e9clar\u00e9 Wood. \u00ab Pour moi, c\u2019\u00e9tait un excellent moyen d\u2019obtenir des id\u00e9es de diff\u00e9rents syndicats sur tout, de l\u2019organisation interne \u00e0 la sensibilisation communautaire. \u00bb   <\/p>\n<\/div><div class=\"wp-block-paragraph \">\n<p>McQuilkin est d\u2019accord. \u00ab Ce furent quelques semaines incroyables sur le campus de l\u2019Universit\u00e9 Harvard. Gr\u00e2ce au HTUP, j\u2019ai pu acqu\u00e9rir des comp\u00e9tences cl\u00e9s essentielles \u00e0 la gestion d\u2019un syndicat prosp\u00e8re aupr\u00e8s du corps professoral et des dirigeants syndicaux de Harvard.   <\/p>\n<\/div><div class=\"wp-block-paragraph \">\n<p>Les organisateurs du programme sont fiers de cr\u00e9er un programme con\u00e7u pour fournir aux \u00e9tudiants les connaissances dont ils ont besoin pour relever les d\u00e9fis du mouvement syndical. Le programme de base comprend l\u2019histoire du travail, les n\u00e9gociations et les relations de travail, les choix strat\u00e9giques pour les dirigeants syndicaux et les questions juridiques.  <\/p>\n<\/div>\n<figure class=\"wp-block-image aligncenter size-large is-resized\"><img decoding=\"async\" width=\"1024\" height=\"889\" src=\"https:\/\/www.iaff.org\/wp-content\/uploads\/\/McQuilkin-1-1024x889.jpg\" alt=\"\" class=\"wp-image-14472\" style=\"width:480px\" srcset=\"https:\/\/www.iaff.org\/wp-content\/uploads\/McQuilkin-1-1024x889.jpg 1024w, https:\/\/www.iaff.org\/wp-content\/uploads\/McQuilkin-1-300x261.jpg 300w, https:\/\/www.iaff.org\/wp-content\/uploads\/McQuilkin-1-768x667.jpg 768w, https:\/\/www.iaff.org\/wp-content\/uploads\/McQuilkin-1-240x208.jpg 240w, https:\/\/www.iaff.org\/wp-content\/uploads\/McQuilkin-1-921x800.jpg 921w, https:\/\/www.iaff.org\/wp-content\/uploads\/McQuilkin-1.jpg 1027w\" sizes=\"(max-width: 1024px) 100vw, 1024px\" \/><figcaption class=\"wp-element-caption\">Charles McQuilkin, vice-pr\u00e9sident de la section locale 22 de Philadelphie, en Pennsylvanie<\/figcaption><\/figure>\n<div class=\"wp-block-paragraph \">\n<p>\u00ab J\u2019ai trouv\u00e9 que les \u00e9tudes de cas r\u00e9elles \u00e9taient tr\u00e8s utiles parce que je pouvais voir quelles strat\u00e9gies fonctionnaient et lesquelles ne fonctionnaient pas. C\u2019\u00e9tait excellent pour am\u00e9liorer la pens\u00e9e strat\u00e9gique et les comp\u00e9tences en planification \u00bb, a d\u00e9clar\u00e9 Wood, un pompier chevronn\u00e9 de 28 ans.  <\/p>\n<\/div><div class=\"wp-block-paragraph \">\n<p>\u00ab Si vous voulez \u00eatre un leader syndical fort, tout est dans le HTUP \u00bb, a d\u00e9clar\u00e9 McQuilkin, un pompier v\u00e9t\u00e9ran de 17 ans. \u00ab J\u2019ai retenu des connaissances qui ont renforc\u00e9 mes comp\u00e9tences en leadership, ma pens\u00e9e strat\u00e9gique et mes comp\u00e9tences en n\u00e9gociation collective. \u00bb <\/p>\n<\/div><div class=\"wp-block-paragraph \">\n<p>Le HTUP 2024 est pr\u00e9vu du 8 janvier au 9 f\u00e9vrier sur le campus de l\u2019Universit\u00e9 Harvard. L\u2019AIP accorde des bourses compl\u00e8tes aux membres qui font preuve d\u2019une participation active au sein de leur section locale en tant qu\u2019officier, membre de comit\u00e9 ou autre poste de direction.    <\/p>\n<\/div><div class=\"wp-block-paragraph \">\n<p>Pour pr\u00e9senter une demande, soumettez le <a href=\"https:\/\/nam12.safelinks.protection.outlook.com\/?url=http%3A%2F%2Furl4057.uniontrack.com%2Fls%2Fclick%3Fupn%3DJhariXN3xFqNvQ9hjMJXVB29uaWWV0uXGuQ0yVIYLPU8r3Jngf0-2FuoK-2FVeDVV99xAyIur4M-2FdLop88Q1L6AYNtkoTU1Xi6OlouGfHqp6xEkYqrECicnzL1Bnu4xhQB8g2M5SovmIfFjR4cqlU-2FsBM6zqu0VHLxeKIUPOdu5eEVlt9UHBuFkihg1s3nVNxjA4qQo6Q2ZpKAFYzqQU3MG-2FhY73bNlMwfSyRbeMLt71SBw3VxtetoW32XngT6fcBqtFfppnYupcsJ3A33MHiOwSyJCerkTwdSWZ35sfrqN-2B-2FjVfH26wl5kocXUeVZULVocIFem7_jPL6NqaY8JdxLOYv93oI2lfgoETD2MrYl07CuKCn1lUl4U1F1yyfm9YX3sYG9w4rvsm52A34zcKD-2BvsPPuHiMn4MfEa0I5Rzut-2FFas8l9aTqL0-2FQiiS-2FiSsN29vMRjq0iBbrrNbEq6F0N4QpmYoeONpAo73WNJSQpOkXiz9OW6ydcCqxLy4swYvDWWRJ4F7pn7i44IoXBYJHUbGwmZZNcXqTb2idCSVlZfDj5phrR9tYxwrbSr-2Fe0zYnL57pap-2Boqut4RU-2FLgW7shQiKMEfIG5o21-2Bw4Yti0rjnHc1ntAupwpXuGwzvxG-2Bs1bjkK5HpedfMMdeF10RN6E6sg915hVYryDoFoaUAXcKPT7DQ7bt4-3D&amp;data=05%7C01%7Ckcraine%40iaff.org%7Cf48fce7e873046998d4508db8871e794%7C3a36efce7da44102a95ddf5e7c66a5e6%7C0%7C0%7C638253795041584745%7CUnknown%7CTWFpbGZsb3d8eyJWIjoiMC4wLjAwMDAiLCJQIjoiV2luMzIiLCJBTiI6Ik1haWwiLCJXVCI6Mn0%3D%7C3000%7C%7C%7C&amp;sdata=755iny%2FxVCT5ZLxEokwT39qPZPeGWXcbk%2BKAngGWDXo%3D&amp;reserved=0\" target=\"_blank\" rel=\"noreferrer noopener\">formulaire de demande<\/a> avec :  <\/p>\n<\/div><div class=\"wp-block-list\">\n<ul class=\"wp-block-list\">\n<li>Un bref \u00e9nonc\u00e9 de 250 mots ou plus sur la fa\u00e7on dont vous avez d\u00e9montr\u00e9 une participation active \u00e0 votre section locale.  <\/li>\n\n\n\n<li>Un court essai, d\u2019au moins 500 mots, r\u00e9pondant \u00e0 l\u2019une des deux questions suivantes : (1) Quel est votre int\u00e9r\u00eat personnel \u00e0 suivre le programme syndical de l\u2019Universit\u00e9 Harvard et comment cela vous profitera-t-il professionnellement? (2) Quel est selon vous le ou les principaux probl\u00e8mes auxquels sont confront\u00e9s les pompiers professionnels au sein du mouvement syndical aux \u00c9tats-Unis aujourd\u2019hui?   <\/li>\n<\/ul>\n<\/div><div class=\"wp-block-paragraph \">\n<p>Les demandes doivent \u00eatre soumises le vendredi 15 septembre \u00e0 <a href=\"mailto:scholarships@iaff.org\">scholarships@iaff.org<\/a> ou par la poste \u00e0 l\u2019adresse suivante :  <\/p>\n<\/div><div class=\"wp-block-paragraph \">\n<p>Bourse d\u2019\u00e9tudes du programme syndical de l\u2019Universit\u00e9 Harvard<br\/>Association internationale des pompiers<br\/>1750, avenue New York, N.W.<br\/>Washington, DC 20006  <\/p>\n<\/div>","protected":false},"featured_media":16965,"menu_order":0,"template":"","tags":[],"class_list":["post-84314","news","type-news","status-publish","has-post-thumbnail","hentry"],"acf":[],"publishpress_future_workflow_manual_trigger":{"enabledWorkflows":[]},"_links":{"self":[{"href":"https:\/\/www.iaff.org\/fr-ca\/wp-json\/wp\/v2\/news\/84314","targetHints":{"allow":["GET"]}}],"collection":[{"href":"https:\/\/www.iaff.org\/fr-ca\/wp-json\/wp\/v2\/news"}],"about":[{"href":"https:\/\/www.iaff.org\/fr-ca\/wp-json\/wp\/v2\/types\/news"}],"version-history":[{"count":0,"href":"https:\/\/www.iaff.org\/fr-ca\/wp-json\/wp\/v2\/news\/84314\/revisions"}],"wp:featuredmedia":[{"embeddable":true,"href":"https:\/\/www.iaff.org\/fr-ca\/wp-json\/wp\/v2\/media\/16965"}],"wp:attachment":[{"href":"https:\/\/www.iaff.org\/fr-ca\/wp-json\/wp\/v2\/media?parent=84314"}],"wp:term":[{"taxonomy":"post_tag","embeddable":true,"href":"https:\/\/www.iaff.org\/fr-ca\/wp-json\/wp\/v2\/tags?post=84314"}],"curies":[{"name":"wp","href":"https:\/\/api.w.org\/{rel}","templated":true}]}}