{"id":84299,"date":"2023-07-14T21:38:33","date_gmt":"2023-07-15T01:38:33","guid":{"rendered":"https:\/\/www.iaff.org\/news\/la-communaute-honore-les-ff-de-newark-tombes-au-combat\/"},"modified":"2025-07-21T14:45:06","modified_gmt":"2025-07-21T18:45:06","slug":"la-communaute-honore-les-ff-de-newark-tombes-au-combat","status":"publish","type":"news","link":"https:\/\/www.iaff.org\/fr-ca\/news\/la-communaute-honore-les-ff-de-newark-tombes-au-combat\/","title":{"rendered":"La communaut\u00e9 honore les FF de Newark tomb\u00e9s au combat"},"content":{"rendered":"<div class=\"wp-block-paragraph \">\n<p>Augusto \u00ab Augie \u00bb Acabou et Wayne \u00ab Bear \u00bb Brooks Jr. \u2013 des pompiers de Newark, au New Jersey, qui ont fait le sacrifice ultime lors d\u2019un <a href=\"https:\/\/www.nytimes.com\/2023\/07\/06\/nyregion\/newark-ship-firefirefighters-new-jersey.html\" target=\"_blank\" rel=\"noreferrer noopener\">incendie \u00e0 bord d\u2019un navire le 5 juillet \u00e0 Port Newark<\/a> \u2013 ont \u00e9t\u00e9 honor\u00e9s par des milliers de personnes en deuil lors de services cons\u00e9cutifs cette semaine. <\/p>\n<\/div><div class=\"wp-block-paragraph \">\n<p>Le vice-pr\u00e9sident du syndicat des pompiers de Newark, Eddie Paulo, a pris la parole lors des fun\u00e9railles d\u2019Acabou, qui ont eu lieu \u00e0 10 h le 13 juillet dans la basilique-cath\u00e9drale du Sacr\u00e9-C\u0153ur de la ville.<\/p>\n<\/div><div class=\"wp-block-paragraph \">\n<p>\u00ab Il \u00e9tait gentil, compatissant, aimant, un vrai homme et le plus grand gentleman \u00bb, <a href=\"https:\/\/www.nbcnewyork.com\/news\/local\/newark-community-gathers-to-mourn-fallen-firefighter-augusto-acabou\/4501919\/\" target=\"_blank\" rel=\"noreferrer noopener\">a d\u00e9clar\u00e9 Paulo \u00e0 propos de son ami d\u2019enfance<\/a>. \u00ab Un ami loyal, un fr\u00e8re aimant, un oncle amusant, un fils bien-aim\u00e9. Augie ne manquait jamais une occasion de faire en sorte que les gens se sentent aim\u00e9s. Chaque conversation que nous avons eue se terminait par \u00ab\u00a0Je t\u2019aime\u00a0\u00bb. <\/p>\n<\/div><div class=\"wp-block-paragraph \">\n<p><a href=\"https:\/\/abc7ny.com\/wayne-brooks-augusto-acabou-funeral-newark-nj-firefighters\/13501557\/\" target=\"_blank\" rel=\"noreferrer noopener\">Un service pour Brooks<\/a> a eu lieu le lendemain dans la cath\u00e9drale.<\/p>\n<\/div>\n<figure class=\"wp-block-image aligncenter size-large is-resized\"><img decoding=\"async\" src=\"https:\/\/www.iaff.org\/wp-content\/uploads\/\/IMG_3176-1024x768.jpg\" alt=\"\" style=\"width:480px\"><figcaption class=\"wp-element-caption\">Le s\u00e9nateur du New Jersey Bob Menendez s\u2019est joint au secr\u00e9taire-tr\u00e9sorier g\u00e9n\u00e9ral Frank L\u00edma, au pr\u00e9sident g\u00e9n\u00e9ral Edward Kelly, au vice-pr\u00e9sident du 1er district James Slevin, au pr\u00e9sident de l\u2019Association des pompiers professionnels du New Jersey Steve McConlogue et au tr\u00e9sorier de la PFANJ Matt Caliente pour les fun\u00e9railles de Wayne Brooks Jr.<\/figcaption><\/figure>\n<div class=\"wp-block-paragraph \">\n<p>Le pr\u00e9sident du syndicat des pompiers de Newark, Mike Giunta, qui a \u00e9t\u00e9 en poste avec Brooks pendant plus de 10 ans, a parl\u00e9 de l\u2019influence que \u00ab Bear \u00bb a eue sur les autres.<\/p>\n<\/div><div class=\"wp-block-paragraph \">\n<p>\u00ab On a dit que \u00ab\u00a0la mort est une virgule, pas un point\u00a0\u00bb. La mort change la vie, mais elle n\u2019y met pas fin \u00bb, a d\u00e9clar\u00e9 Giunta \u00e0 la foule. \u00ab Chacun de nous a \u00e9t\u00e9 am\u00e9lior\u00e9 par Wayne Bear Brooks Jr. Sa bont\u00e9&#8230; Son honneur&#8230; son amour&#8230; nous ont tous influenc\u00e9s. De cette fa\u00e7on, Bear est toujours avec nous. De cette fa\u00e7on, il vit toujours. <\/p>\n<\/div><div class=\"wp-block-paragraph \">\n<p>Acabou et Brooks ont tous deux \u00e9t\u00e9 promus capitaine \u00e0 titre posthume. Le pr\u00e9sident g\u00e9n\u00e9ral Edward Kelly a remis aux familles des m\u00e9dailles d\u2019honneur de l\u2019AIP apr\u00e8s les fun\u00e9railles. <\/p>\n<\/div><div class=\"wp-block-paragraph \">\n<p>Des dirigeants de <a href=\"https:\/\/newjerseyfirefighters.org\/\" target=\"_blank\" rel=\"noreferrer noopener\">l\u2019Association des pompiers professionnels du New Jersey<\/a>, de <a href=\"https:\/\/www.nyspffa.org\/main\/\" target=\"_blank\" rel=\"noreferrer noopener\">l\u2019Association des pompiers professionnels<\/a> <a href=\"https:\/\/pffm.org\/\" target=\"_blank\" rel=\"noreferrer noopener\">de l\u2019\u00c9tat de New York et des pompiers professionnels du Massachusetts<\/a> se sont joints aux membres du conseil ex\u00e9cutif de l\u2019AIP lors des deux fun\u00e9railles. Le s\u00e9nateur Bob Menendez \u00e9tait assis avec la d\u00e9l\u00e9gation lors des fun\u00e9railles de vendredi. <\/p>\n<\/div>\n<figure class=\"wp-block-image aligncenter size-large is-resized\"><img decoding=\"async\" src=\"https:\/\/www.iaff.org\/wp-content\/uploads\/NewarkFF.jpeg\" alt=\"\" style=\"width:480px\"><figcaption class=\"wp-element-caption\">Les pompiers Wayne \u00ab Bear \u00bb Brooks Jr. et Augusto \u00ab Augie \u00bb Acabou<\/figcaption><\/figure>\n<div class=\"wp-block-paragraph \">\n<p>Des milliers de pompiers de partout aux \u00c9tats-Unis ont rendu hommage aux morts au cours des deux jours, y compris des membres qui ont voyag\u00e9 jusqu\u2019en Californie et aussi pr\u00e8s que Jersey City, au New Jersey.<\/p>\n<\/div><div class=\"wp-block-paragraph \">\n<p>\u00ab Bien que nous ressentions tous la perte d\u2019Augie et de Bear, notre chagrin fait p\u00e2le figure en comparaison de ce que ressentent leurs familles \u00bb, a d\u00e9clar\u00e9 Kelly. \u00ab Mais, en tant que pompiers, nous porterons ce poids avec eux et nous nous assurerons qu\u2019ils ne marchent jamais seuls. \u00bb <\/p>\n<\/div><div class=\"wp-block-paragraph \">\n<p>L\u00edma a fait \u00e9cho aux sentiments de Kelly.<\/p>\n<\/div><div class=\"wp-block-paragraph \">\n<p>\u00ab Soutenir nos s\u0153urs, nos fr\u00e8res et nos familles pendant les moments difficiles est l\u2019un des r\u00f4les les plus importants de l\u2019AIP \u00bb, a-t-il d\u00e9clar\u00e9, \u00ab et je sais que ce syndicat continuera d\u2019\u00eatre l\u00e0 pour les pompiers de Newark et les familles Acabou et Brooks longtemps apr\u00e8s cette semaine. \u00bb<\/p>\n<\/div>","protected":false},"featured_media":245,"menu_order":0,"template":"","tags":[],"class_list":["post-84299","news","type-news","status-publish","has-post-thumbnail","hentry"],"acf":[],"publishpress_future_workflow_manual_trigger":{"enabledWorkflows":[]},"_links":{"self":[{"href":"https:\/\/www.iaff.org\/fr-ca\/wp-json\/wp\/v2\/news\/84299","targetHints":{"allow":["GET"]}}],"collection":[{"href":"https:\/\/www.iaff.org\/fr-ca\/wp-json\/wp\/v2\/news"}],"about":[{"href":"https:\/\/www.iaff.org\/fr-ca\/wp-json\/wp\/v2\/types\/news"}],"version-history":[{"count":0,"href":"https:\/\/www.iaff.org\/fr-ca\/wp-json\/wp\/v2\/news\/84299\/revisions"}],"wp:featuredmedia":[{"embeddable":true,"href":"https:\/\/www.iaff.org\/fr-ca\/wp-json\/wp\/v2\/media\/245"}],"wp:attachment":[{"href":"https:\/\/www.iaff.org\/fr-ca\/wp-json\/wp\/v2\/media?parent=84299"}],"wp:term":[{"taxonomy":"post_tag","embeddable":true,"href":"https:\/\/www.iaff.org\/fr-ca\/wp-json\/wp\/v2\/tags?post=84299"}],"curies":[{"name":"wp","href":"https:\/\/api.w.org\/{rel}","templated":true}]}}