{"id":84296,"date":"2023-07-13T02:45:43","date_gmt":"2023-07-13T06:45:43","guid":{"rendered":"https:\/\/www.iaff.org\/news\/les-pompiers-de-newark-votent-pour-se-joindre-a-laip\/"},"modified":"2025-09-29T15:14:25","modified_gmt":"2025-09-29T19:14:25","slug":"les-pompiers-de-newark-votent-pour-se-joindre-a-laip","status":"publish","type":"news","link":"https:\/\/www.iaff.org\/fr-ca\/news\/les-pompiers-de-newark-votent-pour-se-joindre-a-laip\/","title":{"rendered":"Les pompiers de Newark votent pour rejoindre l\u2019IAFF"},"content":{"rendered":"<div class=\"wp-block-paragraph \">\n<p>Les membres du syndicat des pompiers de Newark ont vot\u00e9 lors d\u2019une r\u00e9union debout pour se joindre \u00e0 Association Internationale des Pompiers 12 juillet.<\/p>\n<\/div><div class=\"wp-block-paragraph \">\n<p>La r\u00e9affiliation offre aux pompiers de Newark un acc\u00e8s complet aux ressources et aux avantages de l\u2019AIP, y compris les programmes de formation, les ressources de communication, la d\u00e9fense des int\u00e9r\u00eats l\u00e9gislatifs et le soutien juridique. Newark s\u2019est joint \u00e0 l\u2019AIP le 15 avril 1918 en tant que section locale 71. <\/p>\n<\/div><div class=\"wp-block-paragraph \">\n<p>\u00ab Nous sommes ravis de faire partie de l\u2019AIP \u00bb, a d\u00e9clar\u00e9 le pr\u00e9sident du syndicat des pompiers de Newark (NFU), Michael Giunta. \u00ab L\u2019International s\u2019est engag\u00e9 \u00e0 prot\u00e9ger ses membres et leurs familles, et ensemble, je sais que nous pouvons am\u00e9liorer les conditions de travail des pompiers de Newark. \u00bb <\/p>\n<\/div><div class=\"wp-block-paragraph \">\n<p>Les pompiers de Newark Augusto \u00ab Augie \u00bb Acabou, 45 ans, et Wayne \u00ab Bear \u00bb Brooks Jr., 49 ans, sont d\u00e9c\u00e9d\u00e9s la semaine derni\u00e8re apr\u00e8s avoir r\u00e9pondu \u00e0 un incendie \u00e0 Port Newark. L\u2019incident a mis en \u00e9vidence des pr\u00e9occupations syst\u00e9miques concernant le personnel, la formation et les conditions des appareils que la NFU et la section locale 1860 du syndicat des pompiers de Newark ont longtemps soulev\u00e9es aupr\u00e8s des responsables municipaux. <\/p>\n<\/div><div class=\"wp-block-paragraph \">\n<p>\u00ab L\u2019h\u00e9ritage du sacrifice d\u2019Augie et de Bear sera une Newark plus s\u00fbre pour les citoyens et les fr\u00e8res et s\u0153urs qu\u2019ils ont c\u00f4toy\u00e9s \u00bb, a d\u00e9clar\u00e9 le pr\u00e9sident g\u00e9n\u00e9ral Edward Kelly. \u00ab Notre syndicat honorera leur m\u00e9moire en veillant \u00e0 ce que les pompiers de Newark aient une voix collective plus forte pour d\u00e9fendre la s\u00e9curit\u00e9, le bien-\u00eatre et la protection de la communaut\u00e9. \u00bb <\/p>\n<\/div><div class=\"wp-block-paragraph \">\n<p>\u00ab Nous sommes plus forts ensemble \u00bb, a ajout\u00e9 le vice-pr\u00e9sident du 1er district, James Slevin. \u00ab Je suis fier d\u2019appuyer et d\u2019accueillir \u00e0 nouveau le syndicat des pompiers de Newark \u00e0 l\u2019AIP. \u00bb <\/p>\n<\/div>","protected":false},"featured_media":248,"menu_order":0,"template":"","tags":[],"class_list":["post-84296","news","type-news","status-publish","has-post-thumbnail","hentry"],"acf":[],"publishpress_future_workflow_manual_trigger":{"enabledWorkflows":[]},"_links":{"self":[{"href":"https:\/\/www.iaff.org\/fr-ca\/wp-json\/wp\/v2\/news\/84296","targetHints":{"allow":["GET"]}}],"collection":[{"href":"https:\/\/www.iaff.org\/fr-ca\/wp-json\/wp\/v2\/news"}],"about":[{"href":"https:\/\/www.iaff.org\/fr-ca\/wp-json\/wp\/v2\/types\/news"}],"version-history":[{"count":0,"href":"https:\/\/www.iaff.org\/fr-ca\/wp-json\/wp\/v2\/news\/84296\/revisions"}],"wp:featuredmedia":[{"embeddable":true,"href":"https:\/\/www.iaff.org\/fr-ca\/wp-json\/wp\/v2\/media\/248"}],"wp:attachment":[{"href":"https:\/\/www.iaff.org\/fr-ca\/wp-json\/wp\/v2\/media?parent=84296"}],"wp:term":[{"taxonomy":"post_tag","embeddable":true,"href":"https:\/\/www.iaff.org\/fr-ca\/wp-json\/wp\/v2\/tags?post=84296"}],"curies":[{"name":"wp","href":"https:\/\/api.w.org\/{rel}","templated":true}]}}