{"id":84287,"date":"2023-06-16T20:27:54","date_gmt":"2023-06-17T00:27:54","guid":{"rendered":"https:\/\/www.iaff.org\/news\/le-bon-samaritain-remet-la-medaille-dhonneur-de-laip-disparue-quelques-instants-avant-les-funerailles\/"},"modified":"2025-09-29T15:14:25","modified_gmt":"2025-09-29T19:14:25","slug":"le-bon-samaritain-remet-la-medaille-dhonneur-de-laip-disparue-quelques-instants-avant-les-funerailles","status":"publish","type":"news","link":"https:\/\/www.iaff.org\/fr-ca\/news\/le-bon-samaritain-remet-la-medaille-dhonneur-de-laip-disparue-quelques-instants-avant-les-funerailles\/","title":{"rendered":"Le Bon Samaritain remet la M\u00e9daille d\u2019honneur de l\u2019IAFF disparue quelques instants avant les fun\u00e9railles"},"content":{"rendered":"<div class=\"wp-block-paragraph \">\n<p>La famille, les amis et les membres de l\u2019AIP du 12e district se sont r\u00e9unis pour rendre hommage \u00e0 James \u00ab Jay \u00bb Muller, 25 ans, membre de la section locale 5271 d\u2019Irmo, SC, qui est d\u00e9c\u00e9d\u00e9 tragiquement dans l\u2019exercice de ses fonctions. Alors qu\u2019ils se sont joints pour honorer sa m\u00e9moire, il ne manquait qu\u2019une seule chose : la M\u00e9daille d\u2019honneur de l\u2019AIP.   <\/p>\n<\/div><div class=\"wp-block-paragraph \">\n<p>La m\u00e9daille devait \u00eatre livr\u00e9e par UPS quelques heures avant le service fun\u00e9raire, mais elle n\u2019est jamais arriv\u00e9e.  <\/p>\n<\/div><div class=\"wp-block-paragraph \">\n<p>Le vice-pr\u00e9sident du 12e district, Walt Dix, le pr\u00e9sident de la section locale 5271 d\u2019Irmo, Nick Powell, et d\u2019autres membres de l\u2019AIP se sont rapidement r\u00e9sign\u00e9s au fait qu\u2019ils devraient passer \u00e0 autre chose et accomplir le service sans la tradition significative et honor\u00e9e de remettre la M\u00e9daille d\u2019honneur de l\u2019AIP \u00e0 la famille de Muller.  <\/p>\n<\/div><div class=\"wp-block-paragraph \">\n<p>Puis vint l\u2019appel t\u00e9l\u00e9phonique \u00e0 la cellule de Powell. L\u2019homme au t\u00e9l\u00e9phone, un employ\u00e9 de l\u2019h\u00f4pital de la r\u00e9gion qui ne voulait pas \u00eatre identifi\u00e9 pour cet article, a dit : \u00ab Je pense que j\u2019ai quelque chose dont vous avez besoin. \u00bb <\/p>\n<\/div><div class=\"wp-block-paragraph \">\n<p>\u00ab J\u2019ai expliqu\u00e9 que j\u2019\u00e9tais concentr\u00e9 sur les derniers d\u00e9tails du service du fr\u00e8re Muller et c\u2019est \u00e0 ce moment-l\u00e0 qu\u2019il m\u2019a dit qu\u2019il avait vu un colis tomber d\u2019un camion UPS. Avant qu\u2019il ne puisse alerter le conducteur, le camion avait disparu \u00bb, a d\u00e9clar\u00e9 Powell. \u00ab Il a trouv\u00e9 mon nom et mon num\u00e9ro sur le colis et a dit qu\u2019il \u00e9tait pr\u00eat \u00e0 me le livrer quoi qu\u2019il arrive. \u00bb   <\/p>\n<\/div><div class=\"wp-block-paragraph \">\n<p>L\u2019homme qui a trouv\u00e9 le colis n\u2019\u00e9tait qu\u2019\u00e0 30 minutes de Powell, alors les deux ont convenu de se rencontrer.  <\/p>\n<\/div><div class=\"wp-block-paragraph \">\n<p>\u00ab Nous sommes reconnaissants que ce bon samaritain ait vu cette m\u00e9daille et en ait imm\u00e9diatement su la signification, ce qui nous a permis d\u2019honorer Jay de la meilleure fa\u00e7on possible \u00bb, a d\u00e9clar\u00e9 Powell. \u00ab C\u2019\u00e9tait un pompier exceptionnel qui aimait chaque partie du travail. Il manquera certainement \u00e0 sa famille de pompiers.   <\/p>\n<\/div><div class=\"wp-block-paragraph \">\n<p>\u00ab Ce bon samaritain a trouv\u00e9 la m\u00e9daille comme il l\u2019a fait et s\u2019est assur\u00e9 qu\u2019elle \u00e9tait rendue avant les services \u00e9tait un v\u00e9ritable acte d\u2019intervention divine. Il n\u2019y a tout simplement pas d\u2019autre fa\u00e7on de l\u2019expliquer \u00bb, a d\u00e9clar\u00e9 Dix. \u00ab Jay \u00e9tait un pompier exemplaire qui n\u2019a jamais cess\u00e9 de s\u2019efforcer d\u2019\u00eatre meilleur dans ce qu\u2019il aimait. Ce fut un privil\u00e8ge de pouvoir remettre \u00e0 sa famille la M\u00e9daille d\u2019honneur de l\u2019AIP.   <\/p>\n<\/div><div class=\"wp-block-paragraph \">\n<p>Muller a commenc\u00e9 au service d\u2019incendie d\u2019Irmo en tant que stagiaire au secondaire et s\u2019est officiellement joint au service apr\u00e8s avoir termin\u00e9 l\u2019acad\u00e9mie des pompiers \u00e0 18 ans.  <\/p>\n<\/div><div class=\"wp-block-paragraph \">\n<p>Le 26 mai, Muller faisait partie des dizaines de pompiers qui ont r\u00e9pondu \u00e0 un incendie d\u2019appartement dans la r\u00e9gion de St. Andrews. Il aidait \u00e0 l\u2019attaque int\u00e9rieure lorsqu\u2019une partie de la structure s\u2019est effondr\u00e9e sur lui. Il est d\u00e9c\u00e9d\u00e9 de ses blessures.    <\/p>\n<\/div><div class=\"wp-block-paragraph \">\n<p>Il laisse dans le deuil son \u00e9pouse, Emma, et son fils, Cole.  <\/p>\n<\/div>","protected":false},"featured_media":284,"menu_order":0,"template":"","tags":[],"class_list":["post-84287","news","type-news","status-publish","has-post-thumbnail","hentry"],"acf":[],"publishpress_future_workflow_manual_trigger":{"enabledWorkflows":[]},"_links":{"self":[{"href":"https:\/\/www.iaff.org\/fr-ca\/wp-json\/wp\/v2\/news\/84287","targetHints":{"allow":["GET"]}}],"collection":[{"href":"https:\/\/www.iaff.org\/fr-ca\/wp-json\/wp\/v2\/news"}],"about":[{"href":"https:\/\/www.iaff.org\/fr-ca\/wp-json\/wp\/v2\/types\/news"}],"version-history":[{"count":0,"href":"https:\/\/www.iaff.org\/fr-ca\/wp-json\/wp\/v2\/news\/84287\/revisions"}],"wp:featuredmedia":[{"embeddable":true,"href":"https:\/\/www.iaff.org\/fr-ca\/wp-json\/wp\/v2\/media\/284"}],"wp:attachment":[{"href":"https:\/\/www.iaff.org\/fr-ca\/wp-json\/wp\/v2\/media?parent=84287"}],"wp:term":[{"taxonomy":"post_tag","embeddable":true,"href":"https:\/\/www.iaff.org\/fr-ca\/wp-json\/wp\/v2\/tags?post=84287"}],"curies":[{"name":"wp","href":"https:\/\/api.w.org\/{rel}","templated":true}]}}