{"id":84278,"date":"2023-05-23T19:54:24","date_gmt":"2023-05-23T23:54:24","guid":{"rendered":"https:\/\/www.iaff.org\/news\/de-nouveaux-evenements-de-district-presentent-le-qg-de-laip-aux-membres\/"},"modified":"2025-10-06T10:44:25","modified_gmt":"2025-10-06T14:44:25","slug":"de-nouveaux-evenements-de-district-presentent-le-qg-de-laip-aux-membres","status":"publish","type":"news","link":"https:\/\/www.iaff.org\/fr-ca\/news\/de-nouveaux-evenements-de-district-presentent-le-qg-de-laip-aux-membres\/","title":{"rendered":"De nouveaux \u00e9v\u00e9nements de district am\u00e8nent le si\u00e8ge de l\u2019IAFF aux membres"},"content":{"rendered":"<div class=\"wp-block-paragraph \">\n<p>Un nouveau mod\u00e8le pour les conf\u00e9rences de district de l\u2019AIP \u2013 anciennement connu sous le nom d\u2019\u00e9v\u00e9nements du Programme d\u2019\u00e9ducation des partenariats de district (PEP) \u2013 apporte les ressources de l\u2019International directement aux membres de la base.<\/p>\n<\/div><div class=\"wp-block-paragraph \">\n<p>Les dirigeants des divisions du syndicat assisteront aux conf\u00e9rences de cette ann\u00e9e pour discuter des r\u00e9alisations de leurs secteurs et des services qu\u2019ils offrent aux affili\u00e9s, ainsi que pour r\u00e9pondre aux questions des participants.<\/p>\n<\/div><div class=\"wp-block-paragraph \">\n<p>\u00ab Tout ce que nous faisons vise \u00e0 servir les int\u00e9r\u00eats de nos membres \u00bb, a d\u00e9clar\u00e9 le pr\u00e9sident g\u00e9n\u00e9ral Edward Kelly. \u00ab Il est essentiel que nos confr\u00e8res et cons\u0153urs entendent directement le personnel de l\u2019Administration centrale, connaissent les ressources \u00e0 leur disposition et aient l\u2019occasion de poser les questions qui leur tiennent \u00e0 c\u0153ur. \u00bb <\/p>\n<\/div><div class=\"wp-block-paragraph \">\n<p>En plus de Kelly et du secr\u00e9taire-tr\u00e9sorier g\u00e9n\u00e9ral Frank L\u00edma, la direction des Communications; Affaires gouvernementales; Sant\u00e9, s\u00e9curit\u00e9 et m\u00e9decine; les relations humaines, l\u2019\u00e9ducation et l\u2019administration des subventions; Services aux membres; Services d\u2019assistance technique et d\u2019information; la Soci\u00e9t\u00e9 financi\u00e8re de l\u2019AIP et le bureau de l\u2019avocat g\u00e9n\u00e9ral prendront la parole lors des conf\u00e9rences.<\/p>\n<\/div>\n<figure class=\"wp-block-image aligncenter size-large is-resized\"><img decoding=\"async\" src=\"https:\/\/www.iaff.org\/wp-content\/uploads\/IMG_7969.jpg\" alt=\"\" style=\"width:480px\"><figcaption class=\"wp-element-caption\">Kevin O\u2019Connor, directeur g\u00e9n\u00e9ral des affaires gouvernementales, rencontre Thomas Malone, pr\u00e9sident de la section locale 1784 de Memphis, AL, lors de la conf\u00e9rence du district 14.<\/figcaption><\/figure>\n<div class=\"wp-block-paragraph \">\n<p>Le district 14 a tenu la premi\u00e8re conf\u00e9rence de l\u2019ann\u00e9e la semaine derni\u00e8re \u00e0 Gulf Shores, en Alabama. Il a \u00e9galement \u00e9t\u00e9 ouvert aux personnes du 12e district. <\/p>\n<\/div><div class=\"wp-block-paragraph \">\n<p>\u00ab Tout le monde semblait d\u00e9sireux d\u2019apprendre et \u00e9tait tr\u00e8s engag\u00e9 dans les ateliers \u00bb, a d\u00e9clar\u00e9 le vice-pr\u00e9sident du 14e district, Danny Todd. \u00ab Et tous \u00e9taient tr\u00e8s reconnaissants d\u2019avoir l\u2019occasion d\u2019entendre les dirigeants des minist\u00e8res g\u00e9n\u00e9ralistes, de la TPS et de l\u2019AIP. \u00bb <\/p>\n<\/div><div class=\"wp-block-paragraph \">\n<p>Thomas Malone, Jr., pr\u00e9sident de longue date de la section locale 1784 de Memphis, a d\u00e9clar\u00e9 que la pr\u00e9sence des ressources du si\u00e8ge social a fait de l\u2019\u00e9v\u00e9nement l\u2019un des plus b\u00e9n\u00e9fiques de son temps en tant que leader affili\u00e9.<\/p>\n<\/div><div class=\"wp-block-paragraph \">\n<p>\u00ab Je pense que le fait de faire appel au personnel de l\u2019AIP pour donner un bref aper\u00e7u de ce dont ils \u00e9taient responsables et nous permettre de donner un visage avec un nom a fait de la conf\u00e9rence un \u00e9norme succ\u00e8s \u00bb, a-t-il d\u00e9clar\u00e9.<\/p>\n<\/div><div class=\"wp-block-paragraph \">\n<p>Terrence Dossett, de Gautier, MS Local 3290, assistait \u00e0 sa premi\u00e8re conf\u00e9rence de district.<\/p>\n<\/div><div class=\"wp-block-paragraph \">\n<p>\u00ab Je ne savais pas tout ce que l\u2019AIP offrait, toutes les recherches men\u00e9es \u00bb, a-t-il d\u00e9clar\u00e9. \u00ab Cela m\u2019a permis de mieux comprendre ce que fait l\u2019International et ce qu\u2019il nous offre afin que je puisse transmettre cette pr\u00e9cieuse information \u00e0 ma section locale. \u00bb <\/p>\n<\/div><div class=\"wp-block-paragraph \">\n<p>\u00ab D\u2019apr\u00e8s ce que j\u2019ai compris, a ajout\u00e9 Dossett, les deux jours n\u2019ont fait qu\u2019effleurer la surface de tout ce qui s\u2019offre \u00e0 nous. \u00bb<\/p>\n<\/div><div class=\"wp-block-paragraph \">\n<p>La prochaine conf\u00e9rence aura lieu dans le 4e district les 25 et 26 mai.<\/p>\n<\/div>","protected":false},"featured_media":317,"menu_order":0,"template":"","tags":[],"class_list":["post-84278","news","type-news","status-publish","has-post-thumbnail","hentry"],"acf":[],"publishpress_future_workflow_manual_trigger":{"enabledWorkflows":[]},"_links":{"self":[{"href":"https:\/\/www.iaff.org\/fr-ca\/wp-json\/wp\/v2\/news\/84278","targetHints":{"allow":["GET"]}}],"collection":[{"href":"https:\/\/www.iaff.org\/fr-ca\/wp-json\/wp\/v2\/news"}],"about":[{"href":"https:\/\/www.iaff.org\/fr-ca\/wp-json\/wp\/v2\/types\/news"}],"version-history":[{"count":0,"href":"https:\/\/www.iaff.org\/fr-ca\/wp-json\/wp\/v2\/news\/84278\/revisions"}],"wp:featuredmedia":[{"embeddable":true,"href":"https:\/\/www.iaff.org\/fr-ca\/wp-json\/wp\/v2\/media\/317"}],"wp:attachment":[{"href":"https:\/\/www.iaff.org\/fr-ca\/wp-json\/wp\/v2\/media?parent=84278"}],"wp:term":[{"taxonomy":"post_tag","embeddable":true,"href":"https:\/\/www.iaff.org\/fr-ca\/wp-json\/wp\/v2\/tags?post=84278"}],"curies":[{"name":"wp","href":"https:\/\/api.w.org\/{rel}","templated":true}]}}