{"id":84272,"date":"2023-05-19T15:21:53","date_gmt":"2023-05-19T19:21:53","guid":{"rendered":"https:\/\/www.iaff.org\/news\/deux-deputes-remportent-les-elections-du-16-mai\/"},"modified":"2025-07-22T12:14:44","modified_gmt":"2025-07-22T16:14:44","slug":"deux-deputes-remportent-les-elections-du-16-mai","status":"publish","type":"news","link":"https:\/\/www.iaff.org\/fr-ca\/news\/deux-deputes-remportent-les-elections-du-16-mai\/","title":{"rendered":"Deux d\u00e9put\u00e9s remportent les \u00e9lections du 16 mai"},"content":{"rendered":"<div class=\"wp-block-paragraph \">\n<p>Deux membres de l\u2019AIP en lice pour des si\u00e8ges d\u2019\u00c9tat \u2013 Michael Stender, membre de la section locale 428 de Harrisburg, en Pennsylvanie, et Charles \u00ab Buddy \u00bb Wheatley, membre de la section locale 38 de Covington, KY \u2013 ont remport\u00e9 les \u00e9lections le 16 mai. Stender rejoindra la Chambre des repr\u00e9sentants de la Pennsylvanie, tandis que Wheatley passera aux \u00e9lections g\u00e9n\u00e9rales du Kentucky pour le poste de secr\u00e9taire d\u2019\u00c9tat.   <\/p>\n<\/div><div class=\"wp-block-paragraph \">\n<p>\u00ab Je tiens \u00e0 f\u00e9liciter les confr\u00e8res Stender et Wheatley pour leurs victoires, a d\u00e9clar\u00e9 le pr\u00e9sident g\u00e9n\u00e9ral Edward Kelly. \u00ab Ce sont des champions du service d\u2019incendie, et je sais que leurs voix seront importantes pour les membres de l\u2019AIP en Pennsylvanie et au Kentucky. \u00bb   <\/p>\n<\/div><div class=\"wp-block-paragraph \">\n<p>Avec 64% des voix, Stender (R) a battu le challenger d\u00e9mocrate Trevor Finn et le challenger libertarien Elijah Scretching dans la course \u00e0 l\u2019\u00e9lection sp\u00e9ciale pour combler le district 108 de la Chambre des repr\u00e9sentants de Pennsylvanie. Le si\u00e8ge a \u00e9t\u00e9 laiss\u00e9 vacant par Lynda Schlegel Culver (R) lorsqu\u2019elle a \u00e9t\u00e9 \u00e9lue au S\u00e9nat de l\u2019\u00c9tat lors d\u2019une \u00e9lection sp\u00e9ciale distincte plus t\u00f4t cette ann\u00e9e.   <\/p>\n<\/div>\n<figure class=\"wp-block-image aligncenter size-large is-resized\"><img decoding=\"async\" src=\"https:\/\/www.iaff.org\/wp-content\/uploads\/Stender.png\" alt=\"\" style=\"width:480px\"><figcaption class=\"wp-element-caption\">Michael Stender<\/figcaption><\/figure>\n<div class=\"wp-block-paragraph \">\n<p>\u00ab La Pennsylvania Professional Fire Fighters Association (PPFFA) \u00e9tait fi\u00e8re d\u2019appuyer la campagne du confr\u00e8re Stender \u00bb, a d\u00e9clar\u00e9 le pr\u00e9sident de la PPFFA, Robert Brooks. \u00ab Nous sommes impatients de travailler avec lui dans sa nouvelle qualit\u00e9 de repr\u00e9sentant de l\u2019\u00c9tat. Avoir l\u2019un des n\u00f4tres pour \u00eatre une pr\u00e9sence constante \u00e0 l\u2019assembl\u00e9e l\u00e9gislative de l\u2019\u00c9tat sera un atout consid\u00e9rable pour nos membres.   <\/p>\n<\/div><div class=\"wp-block-paragraph \">\n<p>Stender est un v\u00e9t\u00e9ran de 10 ans du service d\u2019incendie de Harrisburg et un membre actif de la section locale 428. Il est titulaire d\u2019un dipl\u00f4me en sciences politiques de l\u2019Universit\u00e9 Bloomsburg et a \u00e9t\u00e9 directeur l\u00e9gislatif de la PPFFA de 2014 \u00e0 2019.   <\/p>\n<\/div>\n<figure class=\"wp-block-image aligncenter size-large is-resized\"><img decoding=\"async\" src=\"https:\/\/www.iaff.org\/wp-content\/uploads\/Wheatley.jpg\" alt=\"\" style=\"width:480px\"><figcaption class=\"wp-element-caption\">Buddy Wheatley<\/figcaption><\/figure>\n<div class=\"wp-block-paragraph \">\n<p>\u00ab J\u2019ai h\u00e2te de continuer \u00e0 me battre pour des questions essentielles \u00e0 la s\u00e9curit\u00e9 publique et d\u2019avoir l\u2019occasion de travailler fort au nom de tous mes \u00e9lecteurs \u00bb, a d\u00e9clar\u00e9 M. Stender. \u00ab J\u2019appr\u00e9cie toute l\u2019aide que j\u2019ai re\u00e7ue de mes fr\u00e8res et s\u0153urs pompiers ainsi que les possibilit\u00e9s de formation en action politique lors du Sommet de formation en leadership affili\u00e9, du PEP du 4e district et d\u2019autres \u00e9v\u00e9nements. \u00bb   <\/p>\n<\/div><div class=\"wp-block-paragraph \">\n<p>FIREPAC a \u00e9gal\u00e9 le don de 2 500 $ de la PPFFA \u00e0 la campagne de Stender.  <\/p>\n<\/div><div class=\"wp-block-paragraph \">\n<p>Wheatley, membre de la section locale 38 de Covington, KY, s\u2019est pr\u00e9sent\u00e9e sans opposition \u00e0 la primaire d\u00e9mocrate pour le poste de secr\u00e9taire d\u2019\u00c9tat. Il affrontera le r\u00e9publicain sortant Michael Adams en novembre.   <\/p>\n<\/div><div class=\"wp-block-paragraph \">\n<p>\u00ab Le d\u00e9vouement du confr\u00e8re Wheatley aux int\u00e9r\u00eats du service d\u2019incendie et du mouvement syndical est in\u00e9gal\u00e9 \u00bb, a d\u00e9clar\u00e9 le pr\u00e9sident des pompiers professionnels du Kentucky, Joe Baer. \u00ab Nous sommes fiers de continuer \u00e0 le soutenir alors qu\u2019il poursuit sa campagne pour le poste de secr\u00e9taire d\u2019\u00c9tat. \u00bb <\/p>\n<\/div><div class=\"wp-block-paragraph \">\n<p>Apr\u00e8s un mandat de 20 ans au service d\u2019incendie de Covington, en tant que chef des pompiers en 2005, Wheatley a pris sa retraite en 2008. Tout au long de sa carri\u00e8re, il est demeur\u00e9 actif au sein de la section locale 38, occupant le poste de secr\u00e9taire-tr\u00e9sorier au conseil ex\u00e9cutif pendant plusieurs ann\u00e9es. <\/p>\n<\/div><div class=\"wp-block-paragraph \">\n<p>\u00ab Servir comme pompier m\u2019a inspir\u00e9 \u00e0 vouloir en faire plus pour ma communaut\u00e9 \u00bb, a d\u00e9clar\u00e9 Wheatley. \u00ab C\u2019est pourquoi je me suis pr\u00e9sent\u00e9 au poste de repr\u00e9sentant de l\u2019\u00c9tat et pourquoi je me pr\u00e9sente maintenant au poste de secr\u00e9taire d\u2019\u00c9tat. Et je serai toujours une voix pour les travailleurs dans tous les r\u00f4les que j\u2019assumerai. <\/p>\n<\/div><div class=\"wp-block-paragraph \">\n<p>Apr\u00e8s avoir obtenu son dipl\u00f4me en droit alors qu\u2019il \u00e9tait chef, Wheatley a commenc\u00e9 une carri\u00e8re d\u2019avocat en droit du travail, le KPFF continuant d\u2019\u00eatre l\u2019un de ses clients les plus pr\u00e9cieux.  <\/p>\n<\/div><div class=\"wp-block-paragraph \">\n<p>Wheatley a \u00e9t\u00e9 \u00e9lu en 2018 pour servir comme repr\u00e9sentant de l\u2019\u00c9tat pour le 65e district, un poste qu\u2019il a occup\u00e9 jusqu\u2019en 2022. Peu de temps apr\u00e8s, il a d\u00e9clar\u00e9 sa candidature au poste de secr\u00e9taire d\u2019\u00c9tat.   <\/p>\n<\/div>","protected":false},"featured_media":326,"menu_order":0,"template":"","tags":[],"class_list":["post-84272","news","type-news","status-publish","has-post-thumbnail","hentry"],"acf":[],"publishpress_future_workflow_manual_trigger":{"enabledWorkflows":[]},"_links":{"self":[{"href":"https:\/\/www.iaff.org\/fr-ca\/wp-json\/wp\/v2\/news\/84272","targetHints":{"allow":["GET"]}}],"collection":[{"href":"https:\/\/www.iaff.org\/fr-ca\/wp-json\/wp\/v2\/news"}],"about":[{"href":"https:\/\/www.iaff.org\/fr-ca\/wp-json\/wp\/v2\/types\/news"}],"version-history":[{"count":0,"href":"https:\/\/www.iaff.org\/fr-ca\/wp-json\/wp\/v2\/news\/84272\/revisions"}],"wp:featuredmedia":[{"embeddable":true,"href":"https:\/\/www.iaff.org\/fr-ca\/wp-json\/wp\/v2\/media\/326"}],"wp:attachment":[{"href":"https:\/\/www.iaff.org\/fr-ca\/wp-json\/wp\/v2\/media?parent=84272"}],"wp:term":[{"taxonomy":"post_tag","embeddable":true,"href":"https:\/\/www.iaff.org\/fr-ca\/wp-json\/wp\/v2\/tags?post=84272"}],"curies":[{"name":"wp","href":"https:\/\/api.w.org\/{rel}","templated":true}]}}