{"id":84258,"date":"2023-03-16T13:26:27","date_gmt":"2023-03-16T17:26:27","guid":{"rendered":"https:\/\/www.iaff.org\/news\/le-michigan-sapprete-a-abroger-la-loi-sur-le-droit-au-travail\/"},"modified":"2025-07-22T15:08:21","modified_gmt":"2025-07-22T19:08:21","slug":"le-michigan-sapprete-a-abroger-la-loi-sur-le-droit-au-travail","status":"publish","type":"news","link":"https:\/\/www.iaff.org\/fr-ca\/news\/le-michigan-sapprete-a-abroger-la-loi-sur-le-droit-au-travail\/","title":{"rendered":"Le Michigan s\u2019appr\u00eate \u00e0 abroger la loi sur le droit au travail"},"content":{"rendered":"<div class=\"wp-block-paragraph \">\n<p>La Chambre des repr\u00e9sentants et le S\u00e9nat du Michigan ont vot\u00e9 en faveur de l\u2019abrogation de la loi sur le droit au travail de l\u2019\u00c9tat apr\u00e8s une pression du Michigan Professional Fire Fighters Union (MPFFU) et d\u2019autres organisations syndicales de l\u2019\u00c9tat.  <\/p>\n<\/div><div class=\"wp-block-paragraph \">\n<p>\u00ab Les lois sur le droit au travail minent les droits, la voix et les valeurs des travailleurs \u00bb, a d\u00e9clar\u00e9 le pr\u00e9sident g\u00e9n\u00e9ral Edward Kelly. \u00ab Nos membres du Michigan se sont battus avec acharnement pour les travailleurs, et quand nous nous battons, nous gagnons. Les lois sur le droit de travailler pour moins n\u2019ont pas leur place dans nos \u00c9tats.   <\/p>\n<\/div><div class=\"wp-block-paragraph \">\n<p>Lorsque la loi sur le droit au travail a \u00e9t\u00e9 propos\u00e9e il y a plus de dix ans, le MPFFU et des milliers d\u2019autres partisans sont descendus sur le capitole de l\u2019\u00c9tat pour protester. Malgr\u00e9 le toll\u00e9, la loi \u2013 qui interdit aux syndicats d\u2019exiger des employ\u00e9s non syndiqu\u00e9s qu\u2019ils paient des cotisations, m\u00eame si elle n\u00e9gocie en leur nom \u2013 a tout de m\u00eame \u00e9t\u00e9 adopt\u00e9e en 2012.   <\/p>\n<\/div><div class=\"wp-block-paragraph \">\n<p>\u00ab Le pr\u00e9sident de la MPFFU, Matthew Sahr, et son \u00e9quipe ont fait un travail incroyable au nom de tous les syndicats \u00bb, a d\u00e9clar\u00e9 le vice-pr\u00e9sident du 8e district, Mark Sanders. \u00ab Parce qu\u2019ils ont soutenu les d\u00e9cideurs qui nous soutiennent et ont \u00e9tabli des relations avec les l\u00e9gislateurs r\u00e9publicains et d\u00e9mocrates de l\u2019\u00c9tat, cette loi sera abrog\u00e9e. \u00bb   <\/p>\n<\/div><div class=\"wp-block-paragraph \">\n<p>Les membres de la MPFFU sont exempt\u00e9s de la loi, mais ont continu\u00e9 \u00e0 se battre au nom des syndicats.  <\/p>\n<\/div><div class=\"wp-block-paragraph \">\n<p>\u00ab Nous serons toujours aux c\u00f4t\u00e9s des travailleurs pour lutter contre les lois con\u00e7ues pour affaiblir les syndicats \u00bb, a d\u00e9clar\u00e9 Sahr. \u00ab La MPFFU a \u00e9t\u00e9 fi\u00e8re de pr\u00eater sa voix et ses ressources en faveur de l\u2019abrogation. Nous restons forts parce que nous restons ensemble.   <\/p>\n<\/div><div class=\"wp-block-paragraph \">\n<p>Le projet de loi passe maintenant sur le bureau de la gouverneure d\u00e9mocrate Gretchen Whitmer. Elle a d\u00e9clar\u00e9 qu\u2019elle avait l\u2019intention de la signer, ce qui ferait du Michigan le premier \u00c9tat en pr\u00e8s de six d\u00e9cennies \u00e0 abroger une loi sur le droit au travail. (Les \u00e9lecteurs du Missouri ont massivement rejet\u00e9 la loi sur le droit au travail de son \u00c9tat lors d\u2019un r\u00e9f\u00e9rendum en 2018.)    <\/p>\n<\/div>","protected":false},"featured_media":362,"menu_order":0,"template":"","tags":[],"class_list":["post-84258","news","type-news","status-publish","has-post-thumbnail","hentry"],"acf":[],"publishpress_future_workflow_manual_trigger":{"enabledWorkflows":[]},"_links":{"self":[{"href":"https:\/\/www.iaff.org\/fr-ca\/wp-json\/wp\/v2\/news\/84258","targetHints":{"allow":["GET"]}}],"collection":[{"href":"https:\/\/www.iaff.org\/fr-ca\/wp-json\/wp\/v2\/news"}],"about":[{"href":"https:\/\/www.iaff.org\/fr-ca\/wp-json\/wp\/v2\/types\/news"}],"version-history":[{"count":0,"href":"https:\/\/www.iaff.org\/fr-ca\/wp-json\/wp\/v2\/news\/84258\/revisions"}],"wp:featuredmedia":[{"embeddable":true,"href":"https:\/\/www.iaff.org\/fr-ca\/wp-json\/wp\/v2\/media\/362"}],"wp:attachment":[{"href":"https:\/\/www.iaff.org\/fr-ca\/wp-json\/wp\/v2\/media?parent=84258"}],"wp:term":[{"taxonomy":"post_tag","embeddable":true,"href":"https:\/\/www.iaff.org\/fr-ca\/wp-json\/wp\/v2\/tags?post=84258"}],"curies":[{"name":"wp","href":"https:\/\/api.w.org\/{rel}","templated":true}]}}