{"id":84237,"date":"2023-01-27T17:34:30","date_gmt":"2023-01-27T22:34:30","guid":{"rendered":"https:\/\/www.iaff.org\/news\/la-section-locale-2661-de-mckinney-sefforce-de-resoudre-les-problemes-et-de-remonter-le-moral\/"},"modified":"2025-07-23T13:55:19","modified_gmt":"2025-07-23T17:55:19","slug":"la-section-locale-2661-de-mckinney-sefforce-de-resoudre-les-problemes-et-de-remonter-le-moral","status":"publish","type":"news","link":"https:\/\/www.iaff.org\/fr-ca\/news\/la-section-locale-2661-de-mckinney-sefforce-de-resoudre-les-problemes-et-de-remonter-le-moral\/","title":{"rendered":"La section locale 2661 de McKinney s\u2019efforce de r\u00e9soudre les probl\u00e8mes et de remonter le moral"},"content":{"rendered":"<div class=\"wp-block-paragraph \">\n<p>Les membres de la section locale 2661 de McKinney, au Texas, sont optimistes quant \u00e0 la possibilit\u00e9 que leurs voix soient enfin entendues apr\u00e8s la nomination d\u2019un nouveau chef des pompiers.  <\/p>\n<\/div><div class=\"wp-block-paragraph \">\n<p>Le chef des pompiers sortant, Danny Kistner, n\u2019\u00e9tait pas d\u2019accord avec la section locale 2661 sur les probl\u00e8mes des services d\u2019incendie li\u00e9s aux proc\u00e9dures disciplinaires incoh\u00e9rentes et injustes, aux mod\u00e8les de dotation en personnel inefficaces et \u00e0 d\u2019autres pr\u00e9occupations des pompiers. Apr\u00e8s des tentatives r\u00e9p\u00e9t\u00e9es de trouver des solutions, les membres ont d\u00e9cid\u00e9 que la seule option qui restait \u00e9tait de voter une motion de censure contre le chef Kistner en mars 2022.   <\/p>\n<\/div><div class=\"wp-block-paragraph \">\n<p>\u00ab Maintenir un service ad\u00e9quat \u00e0 la communaut\u00e9 est demeur\u00e9 notre objectif principal. Mais l\u2019absence de r\u00e9solution de ces probl\u00e8mes a pes\u00e9 lourdement sur nous et cela a eu un impact n\u00e9gatif sur notre moral \u00bb, a d\u00e9clar\u00e9 le pr\u00e9sident de la section locale 2661, Chris Mayzner. \u00ab Nous \u00e9tions pr\u00eats \u00e0 tout pour apporter des changements positifs. \u00bb   <\/p>\n<\/div><div class=\"wp-block-paragraph \">\n<p>Les pourparlers se sont poursuivis apr\u00e8s le vote, mais aucune solution n\u2019a toujours \u00e9t\u00e9 trouv\u00e9e. Puis, en d\u00e9cembre 2022, Kistner a annonc\u00e9 sa retraite et son dernier jour de travail \u00e9tait le 30 janvier 2023.   <\/p>\n<\/div><div class=\"wp-block-paragraph \">\n<p>Le nouveau directeur de la s\u00e9curit\u00e9 publique de McKinney, Greg Conley, supervisera l\u2019embauche d\u2019un nouveau chef des pompiers. Conley a promis \u00e0 la section locale 2661 un si\u00e8ge \u00e0 la table au moment o\u00f9 cette d\u00e9cision sera prise. Les membres esp\u00e8rent que ces probl\u00e8mes de longue date du service d\u2019incendie seront r\u00e9gl\u00e9s avec le nouveau chef.    <\/p>\n<\/div>","protected":false},"featured_media":433,"menu_order":0,"template":"","tags":[],"class_list":["post-84237","news","type-news","status-publish","has-post-thumbnail","hentry"],"acf":[],"publishpress_future_workflow_manual_trigger":{"enabledWorkflows":[]},"_links":{"self":[{"href":"https:\/\/www.iaff.org\/fr-ca\/wp-json\/wp\/v2\/news\/84237","targetHints":{"allow":["GET"]}}],"collection":[{"href":"https:\/\/www.iaff.org\/fr-ca\/wp-json\/wp\/v2\/news"}],"about":[{"href":"https:\/\/www.iaff.org\/fr-ca\/wp-json\/wp\/v2\/types\/news"}],"version-history":[{"count":0,"href":"https:\/\/www.iaff.org\/fr-ca\/wp-json\/wp\/v2\/news\/84237\/revisions"}],"wp:featuredmedia":[{"embeddable":true,"href":"https:\/\/www.iaff.org\/fr-ca\/wp-json\/wp\/v2\/media\/433"}],"wp:attachment":[{"href":"https:\/\/www.iaff.org\/fr-ca\/wp-json\/wp\/v2\/media?parent=84237"}],"wp:term":[{"taxonomy":"post_tag","embeddable":true,"href":"https:\/\/www.iaff.org\/fr-ca\/wp-json\/wp\/v2\/tags?post=84237"}],"curies":[{"name":"wp","href":"https:\/\/api.w.org\/{rel}","templated":true}]}}