{"id":84235,"date":"2023-01-26T15:05:52","date_gmt":"2023-01-26T20:05:52","guid":{"rendered":"https:\/\/www.iaff.org\/news\/la-section-locale-5342-du-canton-dorion-ratifie-sa-premiere-convention-collective\/"},"modified":"2025-07-23T14:21:55","modified_gmt":"2025-07-23T18:21:55","slug":"la-section-locale-5342-du-canton-dorion-ratifie-sa-premiere-convention-collective","status":"publish","type":"news","link":"https:\/\/www.iaff.org\/fr-ca\/news\/la-section-locale-5342-du-canton-dorion-ratifie-sa-premiere-convention-collective\/","title":{"rendered":"La section locale 5342 du canton d\u2019Orion ratifie sa premi\u00e8re convention collective"},"content":{"rendered":"<div class=\"wp-block-paragraph \">\n<p>Les membres de la section locale 5342 du canton d\u2019Orion, MI, ont termin\u00e9 l\u2019ann\u00e9e 2022 sur une bonne note en signant et en ratifiant leur premier contrat.  <\/p>\n<\/div><div class=\"wp-block-paragraph \">\n<p>\u00ab Nous sommes tr\u00e8s heureux de la nouvelle entente patronale-syndicale entre la section locale 5342 et le canton d\u2019Orion \u00bb, a d\u00e9clar\u00e9 le pr\u00e9sident du Michigan Professional Fire Fighters Union (MPFFU), Matthew Sahr. \u00ab Les deux parties ont fait confiance au processus et ont n\u00e9goci\u00e9 de bonne foi. Le r\u00e9sultat a \u00e9t\u00e9 l\u2019un des meilleurs premiers contrats que j\u2019ai vus.   <\/p>\n<\/div><div class=\"wp-block-paragraph \">\n<p>Le canton d\u2019Orion est une communaut\u00e9 florissante situ\u00e9e \u00e0 39 milles au nord de Detroit. Les pompiers interviennent en cas d\u2019urgence dans quatre casernes de pompiers du canton.   <\/p>\n<\/div><div class=\"wp-block-paragraph \">\n<p>La section locale 5342 a \u00e9t\u00e9 cr\u00e9\u00e9e en ao\u00fbt 2021, permettant aux pompiers membres de parler d\u2019une seule voix de questions cruciales comme la dotation en personnel.<\/p>\n<\/div><div class=\"wp-block-paragraph \">\n<p>La n\u00e9gociation du premier contrat a \u00e9t\u00e9 l\u2019un des premiers points \u00e0 l\u2019ordre du jour. Le processus s\u2019est d\u00e9roul\u00e9 \u00e0 l\u2019amiable en raison de la relation positive entre la section locale 5342 et l\u2019administration du canton, mais il a fallu un certain temps pour r\u00e9gler diverses pr\u00e9occupations juridiques et autres probl\u00e8mes.   <\/p>\n<\/div><div class=\"wp-block-paragraph \">\n<p>\u00ab Nous remercions vraiment le pr\u00e9sident de la MPFFU, Sahr, de nous avoir guid\u00e9s tout au long de ce processus et d\u2019avoir toujours \u00e9t\u00e9 disponible lorsque nous avions besoin de conseils \u00bb, a d\u00e9clar\u00e9 le pr\u00e9sident de la section locale 5342, Chris Hagan. \u00ab Nous tenons \u00e9galement \u00e0 remercier le superviseur du canton, Chris Barnett, et son soutien pour la cr\u00e9ation d\u2019un contrat solide qui aidera \u00e0 am\u00e9liorer le recrutement et le maintien en poste. \u00bb   <\/p>\n<\/div><div class=\"wp-block-paragraph \">\n<p>Le contrat de trois ans sign\u00e9 en d\u00e9cembre 2022 comprend une augmentation de 3% chaque ann\u00e9e et plusieurs incitatifs, notamment des cong\u00e9s pour les activit\u00e9s syndicales, une augmentation de la cotisation de l\u2019employeur 401(K) et une augmentation de 8% du salaire horaire pour les pompiers qui d\u00e9tiennent des certifications sup\u00e9rieures \u00e0 l\u2019EMT de base.  <\/p>\n<\/div>","protected":false},"featured_media":439,"menu_order":0,"template":"","tags":[],"class_list":["post-84235","news","type-news","status-publish","has-post-thumbnail","hentry"],"acf":[],"publishpress_future_workflow_manual_trigger":{"enabledWorkflows":[]},"_links":{"self":[{"href":"https:\/\/www.iaff.org\/fr-ca\/wp-json\/wp\/v2\/news\/84235","targetHints":{"allow":["GET"]}}],"collection":[{"href":"https:\/\/www.iaff.org\/fr-ca\/wp-json\/wp\/v2\/news"}],"about":[{"href":"https:\/\/www.iaff.org\/fr-ca\/wp-json\/wp\/v2\/types\/news"}],"version-history":[{"count":0,"href":"https:\/\/www.iaff.org\/fr-ca\/wp-json\/wp\/v2\/news\/84235\/revisions"}],"wp:featuredmedia":[{"embeddable":true,"href":"https:\/\/www.iaff.org\/fr-ca\/wp-json\/wp\/v2\/media\/439"}],"wp:attachment":[{"href":"https:\/\/www.iaff.org\/fr-ca\/wp-json\/wp\/v2\/media?parent=84235"}],"wp:term":[{"taxonomy":"post_tag","embeddable":true,"href":"https:\/\/www.iaff.org\/fr-ca\/wp-json\/wp\/v2\/tags?post=84235"}],"curies":[{"name":"wp","href":"https:\/\/api.w.org\/{rel}","templated":true}]}}