{"id":84231,"date":"2023-01-09T19:50:50","date_gmt":"2023-01-10T00:50:50","guid":{"rendered":"https:\/\/www.iaff.org\/news\/un-travail-syndical-solide-porte-ses-fruits-a-poplar-bluff-missouri-section-locale-2543\/"},"modified":"2025-07-23T14:24:05","modified_gmt":"2025-07-23T18:24:05","slug":"un-travail-syndical-solide-porte-ses-fruits-a-poplar-bluff-missouri-section-locale-2543","status":"publish","type":"news","link":"https:\/\/www.iaff.org\/fr-ca\/news\/un-travail-syndical-solide-porte-ses-fruits-a-poplar-bluff-missouri-section-locale-2543\/","title":{"rendered":"Un travail syndical solide porte ses fruits \u00e0 Poplar Bluff, Missouri, section locale 2543"},"content":{"rendered":"<div class=\"wp-block-paragraph \">\n<p>\u00c0 l\u2019approche des n\u00e9gociations, la section locale 2543 de Poplar Bluff, Missouri, avait une liste de priorit\u00e9s strat\u00e9giquement \u00e9labor\u00e9e \u2013 des augmentations salariales attendues depuis longtemps aux appareils d\u2019incendie dangereusement d\u00e9suets. Les dirigeants locaux ont travaill\u00e9 sans rel\u00e2che pour s\u2019assurer que ces probl\u00e8mes soient r\u00e9solus favorablement et que la vie et les moyens de subsistance de leurs fr\u00e8res et s\u0153urs soient am\u00e9lior\u00e9s. <\/p>\n<\/div><div class=\"wp-block-paragraph \">\n<p>\u00ab La direction et les membres de la section locale 2543 ont montr\u00e9 le pouvoir d\u2019un syndicat \u00bb, a d\u00e9clar\u00e9 le pr\u00e9sident g\u00e9n\u00e9ral Edward Kelly. \u00ab Lorsque nous utilisons notre voix et que nos \u00e9lus comprennent l\u2019importance des probl\u00e8mes auxquels les services d\u2019incendie sont confront\u00e9s, nos villes et villages sont plus s\u00fbrs. Nous sommes fiers de l\u2019excellent travail accompli \u00e0 Poplar Bluff, tant pour nos membres que pour leur communaut\u00e9. <\/p>\n<\/div><div class=\"wp-block-paragraph \">\n<p>Les membres ont obtenu une augmentation de 6% en 2022 et obtiendront un autre 3% en 2023. La derni\u00e8re augmentation de la section locale 2543 remonte \u00e0 2015. Le grade de lieutenant, qui s\u2019accompagne d\u2019un salaire et d\u2019une r\u00e9mun\u00e9ration de long\u00e9vit\u00e9 plus \u00e9lev\u00e9s, a \u00e9t\u00e9 ajout\u00e9 au contrat, tout comme la dotation minimale. Les militaires qui ne sont pas en service doivent maintenant \u00eatre pay\u00e9s en heures suppl\u00e9mentaires lorsque l\u2019effectif est inf\u00e9rieur \u00e0 sept pompiers.   <\/p>\n<\/div><div class=\"wp-block-paragraph \">\n<p>\u00ab Travailler \u00e0 l\u2019amiable avec la ville \u00e9tait essentiel. Ce n\u2019\u00e9tait pas toujours facile, mais cela en valait la peine en fin de compte \u00bb, a d\u00e9clar\u00e9 le pr\u00e9sident de la section locale 2543, Justin Maddock. \u00ab Nous sommes tr\u00e8s satisfaits du r\u00e9sultat de ce contrat. \u00bb <\/p>\n<\/div><div class=\"wp-block-paragraph \">\n<p>La section locale 2543 a \u00e9galement cherch\u00e9 \u00e0 prot\u00e9ger la couverture de soins de sant\u00e9. Une ordonnance municipale de 2019 a \u00e9limin\u00e9 une prestation d\u2019assurance maladie familiale subventionn\u00e9e pour les nouveaux employ\u00e9s municipaux. Apr\u00e8s que la section locale 2543 ait plaid\u00e9 avec succ\u00e8s la pr\u00e9s\u00e9ance l\u00e9gale en utilisant une situation comparable avec un autre syndicat, la ville a permis \u00e0 l\u2019affili\u00e9 de conserver cet avantage important dans le contrat.  <\/p>\n<\/div><div class=\"wp-block-paragraph \">\n<p>\u00ab Les pompiers sont tr\u00e8s ax\u00e9s sur la famille, que ce soit la famille \u00e0 la maison ou \u00e0 la caserne. Il est tr\u00e8s important que les pompiers sachent qu\u2019eux-m\u00eames et leurs familles sont prot\u00e9g\u00e9s afin qu\u2019ils puissent se concentrer sur leur travail \u00bb, a d\u00e9clar\u00e9 Maddock. \u00ab Si nous perdions l\u2019avantage, cela aurait \u00e9t\u00e9 tr\u00e8s difficile pour nos membres. Nous sommes reconnaissants que la ville ait accept\u00e9 de ne pas supprimer l\u2019avantage. <\/p>\n<\/div><div class=\"wp-block-paragraph \">\n<p>La section locale 2543 s\u2019est attaqu\u00e9e \u00e0 un dernier probl\u00e8me urgent : les appareils d\u2019incendie vieillissants.<\/p>\n<\/div><div class=\"wp-block-paragraph \">\n<p>Le camion de pompiers Seagraves de la caserne 2 \u00e9tait en service depuis 42 ans, soit plus du double de l\u2019utilisation maximale recommand\u00e9e par le fabricant. La locomotive est rest\u00e9e en service en raison de contraintes budg\u00e9taires \u2013 et parce que c\u2019\u00e9tait la seule locomotive du service d\u2019incendie de Poplar Bluff qui \u00e9tait assez courte pour d\u00e9gager le pont ferroviaire de la ville. <\/p>\n<\/div><div class=\"wp-block-paragraph \">\n<p>Avec les conseils du repr\u00e9sentant du service sur le terrain du 2e district de l\u2019AIP, Mark Fuller, la section locale 2543 a soumis avec succ\u00e8s une subvention d\u2019aide aux pompiers de la FEMA (AFG) pour financer un nouveau moteur.<\/p>\n<\/div><div class=\"wp-block-paragraph \">\n<p>\u00ab Je suis tr\u00e8s fier du travail acharn\u00e9 que les membres de Poplar Bluff ont d\u00e9ploy\u00e9 pour r\u00e9soudre ces probl\u00e8mes \u00bb, a d\u00e9clar\u00e9 le vice-pr\u00e9sident du 2e district, Mark Woolbright. \u00ab Ils ont prouv\u00e9 que les petites sections locales peuvent avoir de grands succ\u00e8s si elles puisent dans les ressources de l\u2019AIP et restent d\u00e9termin\u00e9es. \u00bb <\/p>\n<\/div>","protected":false},"featured_media":445,"menu_order":0,"template":"","tags":[],"class_list":["post-84231","news","type-news","status-publish","has-post-thumbnail","hentry"],"acf":[],"publishpress_future_workflow_manual_trigger":{"enabledWorkflows":[]},"_links":{"self":[{"href":"https:\/\/www.iaff.org\/fr-ca\/wp-json\/wp\/v2\/news\/84231","targetHints":{"allow":["GET"]}}],"collection":[{"href":"https:\/\/www.iaff.org\/fr-ca\/wp-json\/wp\/v2\/news"}],"about":[{"href":"https:\/\/www.iaff.org\/fr-ca\/wp-json\/wp\/v2\/types\/news"}],"version-history":[{"count":0,"href":"https:\/\/www.iaff.org\/fr-ca\/wp-json\/wp\/v2\/news\/84231\/revisions"}],"wp:featuredmedia":[{"embeddable":true,"href":"https:\/\/www.iaff.org\/fr-ca\/wp-json\/wp\/v2\/media\/445"}],"wp:attachment":[{"href":"https:\/\/www.iaff.org\/fr-ca\/wp-json\/wp\/v2\/media?parent=84231"}],"wp:term":[{"taxonomy":"post_tag","embeddable":true,"href":"https:\/\/www.iaff.org\/fr-ca\/wp-json\/wp\/v2\/tags?post=84231"}],"curies":[{"name":"wp","href":"https:\/\/api.w.org\/{rel}","templated":true}]}}