{"id":84224,"date":"2022-11-07T14:48:14","date_gmt":"2022-11-07T19:48:14","guid":{"rendered":"https:\/\/www.iaff.org\/news\/lutte-pour-sensibiliser-la-population-a-la-sla-personnelle-pour-certains\/"},"modified":"2025-07-25T12:16:39","modified_gmt":"2025-07-25T16:16:39","slug":"lutte-pour-sensibiliser-la-population-a-la-sla-personnelle-pour-certains","status":"publish","type":"news","link":"https:\/\/www.iaff.org\/fr-ca\/news\/lutte-pour-sensibiliser-la-population-a-la-sla-personnelle-pour-certains\/","title":{"rendered":"Lutte pour sensibiliser la population \u00e0 la SLA personnelle pour certains"},"content":{"rendered":"<div class=\"wp-block-paragraph \">\n<p>Sean Beacome, section locale 2659 de Farmington Hills, MI, a grandi en sachant l\u2019impact lourd que la scl\u00e9rose lat\u00e9rale amyotrophique (SLA) peut avoir. Son p\u00e8re, Dan, a re\u00e7u un diagnostic de la maladie en 1977, alors que Sean \u00e9tait encore un enfant.<\/p>\n<\/div><div class=\"wp-block-paragraph \">\n<p>\u00ab Le pronostic de mon p\u00e8re n\u2019\u00e9tait pas bon. Ses m\u00e9decins ne lui ont donn\u00e9 que deux ans \u00e0 vivre \u00bb, se souvient Beacome. \u00ab C\u2019\u00e9tait difficile de le voir se d\u00e9t\u00e9riorer jusqu\u2019\u00e0 devenir parapl\u00e9gique et, \u00e9ventuellement, t\u00e9trapl\u00e9gique. Mais mon p\u00e8re \u00e9tait un combattant. Il \u00e9tait un tel mod\u00e8le sur la fa\u00e7on de maintenir son esprit et sa dignit\u00e9 tout en vivant avec une maladie aussi horrible. <\/p>\n<\/div><div class=\"wp-block-paragraph \">\n<p>Comme Dan \u00e9tait le soutien de famille de la famille, la famille Beacome a d\u00fb faire des changements et des sacrifices. Le traitement et les ressources \u00e9taient limit\u00e9s \u00e0 l\u2019\u00e9poque, il n\u2019\u00e9tait donc pas facile de trouver une autre source de revenus, sans parler du traitement et des ressources pour aider Dan. <\/p>\n<\/div><div class=\"wp-block-paragraph \">\n<p>\u00ab Notre famille \u00e9tait tr\u00e8s reconnaissante de l\u2019aide que la MDA a pu fournir, y compris un fauteuil roulant et des fournitures m\u00e9dicales \u00bb, dit Beacome. \u00ab Le soutien nous a \u00e9galement donn\u00e9 un peu de tranquillit\u00e9 d\u2019esprit pendant une p\u00e9riode accablante. \u00bb <\/p>\n<\/div><div class=\"wp-block-paragraph \">\n<p>Avec l\u2019aide de MDA, Dan a continu\u00e9 \u00e0 se battre et a m\u00eame particip\u00e9 \u00e0 un essai clinique en 1985. Cependant, son \u00e9tat ne s\u2019est pas am\u00e9lior\u00e9 et il a \u00e9t\u00e9 transf\u00e9r\u00e9 dans un \u00e9tablissement de soins. <\/p>\n<\/div><div class=\"wp-block-paragraph \">\n<p>Le p\u00e8re de Sean a trouv\u00e9 un nouveau but. Il a appris \u00e0 peindre en tenant un pinceau dans sa bouche. Il \u00e9tait si bon que son travail a \u00e9t\u00e9 utilis\u00e9 pour la s\u00e9rie de cartes postales de MDA sur les artistes atteints de SLA. En 1999, il a \u00e9galement particip\u00e9 \u00e0 l\u2019\u00e9mission 60 Minutes. Bien qu\u2019il ait cr\u00e9\u00e9 de nombreuses \u0153uvres d\u2019art, il consid\u00e9rait sa peinture Old Barn comme son meilleur effort.    <\/p>\n<\/div><div class=\"wp-block-paragraph \">\n<p>Dan est d\u00e9c\u00e9d\u00e9 de la SLA en 2002, mais la lutte pour sensibiliser la population \u00e0 la maladie et aux ressources disponibles par l\u2019interm\u00e9diaire de MDA se poursuit chez Sean, qui a \u00e9t\u00e9 coordonnateur de la collecte de fonds de bienfaisance de la section locale 2649 au cours des deux derni\u00e8res ann\u00e9es.<\/p>\n<\/div><div class=\"wp-block-paragraph \">\n<p>\u00ab C\u2019est gratifiant d\u2019amasser des fonds pour aider les familles qui traversent les m\u00eames d\u00e9fis que nous \u00bb, d\u00e9clare Beacome. \u00ab Gr\u00e2ce \u00e0 l\u2019argent que nos affili\u00e9s locaux et autres affili\u00e9s de l\u2019AIP recueillent, plus d\u2019options de traitement et de ressources sont maintenant disponibles. \u00bb <\/p>\n<\/div><div class=\"wp-block-paragraph \">\n<p>Pour aider les membres de l\u2019AIP touch\u00e9s par la maladie, l\u2019AIP et la MDA ont lanc\u00e9 une nouvelle ressource en ligne (<a href=\"https:\/\/firefighters.mda.org\/als-resources\" target=\"_blank\" rel=\"noreferrer noopener\">firefighters.mda.org\/als-resources<\/a>). Lorsque les pompiers re\u00e7oivent le diagnostic ou soup\u00e7onnent m\u00eame qu\u2019ils peuvent \u00eatre atteints de la maladie, ces ressources les aideront \u00e0 trouver des soins et des traitements et \u00e0 participer \u00e0 des essais cliniques. <\/p>\n<\/div>","protected":false},"featured_media":489,"menu_order":0,"template":"","tags":[],"class_list":["post-84224","news","type-news","status-publish","has-post-thumbnail","hentry"],"acf":[],"publishpress_future_workflow_manual_trigger":{"enabledWorkflows":[]},"_links":{"self":[{"href":"https:\/\/www.iaff.org\/fr-ca\/wp-json\/wp\/v2\/news\/84224","targetHints":{"allow":["GET"]}}],"collection":[{"href":"https:\/\/www.iaff.org\/fr-ca\/wp-json\/wp\/v2\/news"}],"about":[{"href":"https:\/\/www.iaff.org\/fr-ca\/wp-json\/wp\/v2\/types\/news"}],"version-history":[{"count":0,"href":"https:\/\/www.iaff.org\/fr-ca\/wp-json\/wp\/v2\/news\/84224\/revisions"}],"wp:featuredmedia":[{"embeddable":true,"href":"https:\/\/www.iaff.org\/fr-ca\/wp-json\/wp\/v2\/media\/489"}],"wp:attachment":[{"href":"https:\/\/www.iaff.org\/fr-ca\/wp-json\/wp\/v2\/media?parent=84224"}],"wp:term":[{"taxonomy":"post_tag","embeddable":true,"href":"https:\/\/www.iaff.org\/fr-ca\/wp-json\/wp\/v2\/tags?post=84224"}],"curies":[{"name":"wp","href":"https:\/\/api.w.org\/{rel}","templated":true}]}}