{"id":84223,"date":"2022-11-18T20:37:39","date_gmt":"2022-11-19T01:37:39","guid":{"rendered":"https:\/\/www.iaff.org\/news\/le-projet-de-loi-sur-les-pompiers-federaux-se-dirige-vers-le-bureau-du-president-biden\/"},"modified":"2025-07-25T11:32:11","modified_gmt":"2025-07-25T15:32:11","slug":"le-projet-de-loi-sur-les-pompiers-federaux-se-dirige-vers-le-bureau-du-president-biden","status":"publish","type":"news","link":"https:\/\/www.iaff.org\/fr-ca\/news\/le-projet-de-loi-sur-les-pompiers-federaux-se-dirige-vers-le-bureau-du-president-biden\/","title":{"rendered":"Le projet de loi sur les pompiers f\u00e9d\u00e9raux se dirige vers le bureau du pr\u00e9sident Biden"},"content":{"rendered":"<div class=\"wp-block-paragraph \">\n<p>Le pr\u00e9sident Joe Biden devrait signer la loi First Responders Fair RETIRE apr\u00e8s que le S\u00e9nat ait adopt\u00e9 \u00e0 l\u2019unanimit\u00e9 la loi le 17 novembre. La nouvelle loi prot\u00e9gera les prestations de retraite des pompiers f\u00e9d\u00e9raux en cas de blessure ou de maladie d\u00e9bilitante. <\/p>\n<\/div><div class=\"wp-block-paragraph \">\n<p>\u00ab Notre travail est dangereux et le risque de blessure est \u00e9lev\u00e9. Donner aux pompiers f\u00e9d\u00e9raux l\u2019acc\u00e8s \u00e0 leurs prestations de retraite compl\u00e8tes s\u2019ils sont bless\u00e9s en service est juste et \u00e9quitable \u00bb, a d\u00e9clar\u00e9 le pr\u00e9sident g\u00e9n\u00e9ral Edward Kelly. \u00ab Les pompiers m\u00e9ritent une retraite digne, et c\u2019est pourquoi nous plaidons depuis longtemps en faveur de ce projet de loi. L\u2019AIP est reconnaissante envers les s\u00e9nateurs Jon Tester et Susan Collins et le repr\u00e9sentant Gerald Connolly pour tout ce qu\u2019ils ont fait pour soutenir ce projet de loi et nos pompiers f\u00e9d\u00e9raux. <\/p>\n<\/div><div class=\"wp-block-paragraph \">\n<p>Les pompiers f\u00e9d\u00e9raux et les agents d\u2019application de la loi sont class\u00e9s comme des employ\u00e9s 6c, ce qui les rend admissibles au r\u00e9gime sp\u00e9cial du R\u00e9gime de retraite des employ\u00e9s f\u00e9d\u00e9raux (FERS-Special). Le r\u00e9gime sp\u00e9cial du SRFD est un syst\u00e8me de retraite acc\u00e9l\u00e9r\u00e9e qui permet une retraite anticip\u00e9e (57 ans), mais qui exige 20 ann\u00e9es de service. <\/p>\n<\/div><div class=\"wp-block-paragraph \">\n<p>Jusqu\u2019\u00e0 l\u2019adoption de cette loi, les pompiers bless\u00e9s au travail et incapables d\u2019accomplir 20 ans de service seraient automatiquement transf\u00e9r\u00e9s du r\u00e9gime sp\u00e9cial au r\u00e9gime r\u00e9gulier, perdant jusqu\u2019\u00e0 14% de leur pension de retraite et la possibilit\u00e9 de prendre une retraite anticip\u00e9e.<\/p>\n<\/div><div class=\"wp-block-paragraph \">\n<p>La First Responders Fair RETIRE Act permet aux pompiers souffrant d\u2019une l\u00e9sion ou d\u2019une maladie professionnelle mettant fin \u00e0 leur carri\u00e8re de rester dans le r\u00e9gime sp\u00e9cial du SRFD et de prendre leur retraite anticip\u00e9e apr\u00e8s la transition vers tout autre poste f\u00e9d\u00e9ral qu\u2019ils sont qualifi\u00e9s pour occuper.<\/p>\n<\/div><div class=\"wp-block-paragraph \">\n<p>\u00ab J\u2019ai pr\u00e9sent\u00e9 ce projet de loi bipartisan pour m\u2019assurer que les personnes qui se mettent en danger soient r\u00e9tablies et puissent acc\u00e9der aux prestations de retraite am\u00e9lior\u00e9es qu\u2019elles ont gagn\u00e9es gr\u00e2ce \u00e0 des ann\u00e9es de service d\u00e9sint\u00e9ress\u00e9 \u00bb, a d\u00e9clar\u00e9 Tester, un d\u00e9mocrate du Montana.<\/p>\n<\/div><div class=\"wp-block-paragraph \">\n<p>\u00ab Ces hommes et ces femmes courageux font d\u2019innombrables sacrifices pour prot\u00e9ger nos communaut\u00e9s, et leur occupation ardue et souvent dangereuse les expose \u00e0 un risque accru de blessures \u00bb, a d\u00e9clar\u00e9 Collins, un r\u00e9publicain du Maine. \u00ab Je suis heureux que le S\u00e9nat et la Chambre aient adopt\u00e9 notre projet de loi bipartite, qui garantira que les premiers intervenants ne perdent pas les prestations de retraite qu\u2019ils ont gagn\u00e9es s\u2019ils sont bless\u00e9s dans l\u2019exercice de leurs fonctions. \u00bb <\/p>\n<\/div><div class=\"wp-block-paragraph \">\n<p>Le repr\u00e9sentant d\u00e9mocrate Connolly de Virginie, qui a pr\u00e9sent\u00e9 le projet de loi de la Chambre, est d\u2019accord.<\/p>\n<\/div><div class=\"wp-block-paragraph \">\n<p>\u00ab Nous avons la responsabilit\u00e9 de tenir notre promesse envers ceux qui sont bless\u00e9s au travail et de veiller \u00e0 ce que les avantages de leurs premiers intervenants soient enti\u00e8rement prot\u00e9g\u00e9s \u00bb, a-t-il d\u00e9clar\u00e9. \u00ab Ils ne devraient pas \u00eatre p\u00e9nalis\u00e9s, surtout lorsqu\u2019ils sont toujours engag\u00e9s dans le service public. \u00bb <\/p>\n<\/div><div class=\"wp-block-paragraph \">\n<p>Les pompiers f\u00e9d\u00e9raux ont connu plusieurs succ\u00e8s sous l\u2019administration Biden et le Congr\u00e8s actuel, notamment :<\/p>\n<\/div><div class=\"wp-block-list\">\n<ul class=\"wp-block-list\">\n<li>L\u00e9gislation pr\u00e9voyant jusqu\u2019\u00e0 12 semaines de cong\u00e9 parental pay\u00e9 pour les nouveaux parents \u00e0 la naissance ou \u00e0 l\u2019adoption d\u2019un enfant.<\/li>\n\n\n\n<li>L\u00e9gislation pr\u00e9voyant deux semaines de cong\u00e9 parental pay\u00e9 en cas de d\u00e9c\u00e8s d\u2019un enfant.<\/li>\n\n\n\n<li>L\u00e9gislation enjoignant \u00e0 la r\u00e9gion navale du centre de l\u2019Atlantique (NRMA), qui comprend plus de 400 pompiers f\u00e9d\u00e9raux de l\u2019AIP, de mettre en \u0153uvre un horaire de travail alternatif (SSFE) \u2013 \u00e9liminant l\u2019horaire de travail perp\u00e9tuel et ardu 24 heures sur 24 heures de repos.<\/li>\n\n\n\n<li>L\u00e9gislation ordonnant au minist\u00e8re de la D\u00e9fense d\u2019effectuer un test pour les niveaux de PFAS dans le sang des pompiers f\u00e9d\u00e9raux. Les r\u00e9sultats des tests fournis par l\u2019employeur peuvent \u00eatre utilis\u00e9s pour d\u00e9montrer un lien de causalit\u00e9 entre certaines maladies et l\u2019exposition professionnelle aux mousses anti-incendie toxiques charg\u00e9es de PFAS. <\/li>\n\n\n\n<li>Le programme d\u2019indemnisation du Bureau des accidents du travail du minist\u00e8re du Travail a centralis\u00e9 toutes les demandes de r\u00e8glement pour blessures et maladies des pompiers en un seul bureau afin d\u2019\u00e9liminer de nombreux obstacles bureaucratiques et incoh\u00e9rences auxquels sont confront\u00e9s les membres. Les r\u00e9clamations sont maintenant rejet\u00e9es rapidement, avec 90% en faveur des pompiers. <\/li>\n<\/ul>\n<\/div>","protected":false},"featured_media":323,"menu_order":0,"template":"","tags":[],"class_list":["post-84223","news","type-news","status-publish","has-post-thumbnail","hentry"],"acf":[],"publishpress_future_workflow_manual_trigger":{"enabledWorkflows":[]},"_links":{"self":[{"href":"https:\/\/www.iaff.org\/fr-ca\/wp-json\/wp\/v2\/news\/84223","targetHints":{"allow":["GET"]}}],"collection":[{"href":"https:\/\/www.iaff.org\/fr-ca\/wp-json\/wp\/v2\/news"}],"about":[{"href":"https:\/\/www.iaff.org\/fr-ca\/wp-json\/wp\/v2\/types\/news"}],"version-history":[{"count":0,"href":"https:\/\/www.iaff.org\/fr-ca\/wp-json\/wp\/v2\/news\/84223\/revisions"}],"wp:featuredmedia":[{"embeddable":true,"href":"https:\/\/www.iaff.org\/fr-ca\/wp-json\/wp\/v2\/media\/323"}],"wp:attachment":[{"href":"https:\/\/www.iaff.org\/fr-ca\/wp-json\/wp\/v2\/media?parent=84223"}],"wp:term":[{"taxonomy":"post_tag","embeddable":true,"href":"https:\/\/www.iaff.org\/fr-ca\/wp-json\/wp\/v2\/tags?post=84223"}],"curies":[{"name":"wp","href":"https:\/\/api.w.org\/{rel}","templated":true}]}}