{"id":84217,"date":"2022-09-29T17:00:31","date_gmt":"2022-09-29T21:00:31","guid":{"rendered":"https:\/\/www.iaff.org\/news\/laip-repond-a-louragan-ian\/"},"modified":"2025-09-29T15:13:18","modified_gmt":"2025-09-29T19:13:18","slug":"laip-repond-a-louragan-ian","status":"publish","type":"news","link":"https:\/\/www.iaff.org\/fr-ca\/news\/laip-repond-a-louragan-ian\/","title":{"rendered":"IAFF r\u00e9pond \u00e0 l\u2019ouragan Ian"},"content":{"rendered":"<div class=\"wp-block-paragraph \">\n<p><strong>MISE \u00c0 JOUR (29\/9 \u00e0 16 h 15 HAE)<\/strong> : L\u2019AIP aide les membres et les familles touch\u00e9s par l\u2019ouragan Ian, en plus de travailler avec les dirigeants affili\u00e9s dont les membres se trouvent sur la trajectoire actuelle de la temp\u00eate.<\/p>\n<\/div><div class=\"wp-block-paragraph \">\n<p>Nous avons mis en place des op\u00e9rations de secours en cas de catastrophe \u00e0 Bonita Springs et \u00e0 Tampa, avec du personnel de l\u2019AIP sur place pour aider les membres. Un courriel distinct a \u00e9t\u00e9 envoy\u00e9 aux membres potentiellement touch\u00e9s avec un num\u00e9ro de t\u00e9l\u00e9phone d\u00e9di\u00e9 qu\u2019ils peuvent contacter pour obtenir de l\u2019aide, y compris des fournitures, du soutien en sant\u00e9 comportementale, l\u2019acc\u00e8s \u00e0 des \u00e9quipes de travail et une aide financi\u00e8re pour les dommages catastrophiques aux maisons. <\/p>\n<\/div><div class=\"wp-block-paragraph \">\n<p>Les membres qui sont en mesure de fournir une aide financi\u00e8re peuvent contribuer directement \u00e0 notre fonds de secours en cas de catastrophe en faisant un don \u00e0 la Fondation de <a href=\"https:\/\/form.jotform.com\/222656641022045\" target=\"_blank\" rel=\"noreferrer noopener\">Fondation de l\u2019AIP<\/a>.<\/p>\n<\/div>\n<hr class=\"wp-block-separator has-alpha-channel-opacity\"\/>\n<div class=\"wp-block-paragraph \">\n<p><strong>MISE \u00c0 JOUR (27\/09 \u00e0 17 h 15 HAE)<\/strong> : Le National Weather Service (NWS) s\u2019attend \u00e0 ce que l\u2019ouragan Ian frappe la Floride avec de multiples dangers cette semaine. Ian survole actuellement le sud-est du golfe du Mexique avant de commencer \u00e0 s\u2019approcher de la c\u00f4te ouest de la Floride mercredi. <\/p>\n<\/div><div class=\"wp-block-paragraph \">\n<p>Le NWS pr\u00e9voit des ondes de temp\u00eate potentiellement mortelles le long d\u2019une grande partie de la c\u00f4te ouest de la Floride, des vents d\u2019ouragan et de temp\u00eate tropicale, de fortes pluies, des inondations soudaines et urbaines et des tornades.<\/p>\n<\/div><div class=\"wp-block-paragraph \">\n<p>Selon l\u2019analyse et la cartographie du Syst\u00e8me d\u2019information g\u00e9ographique (SIG) de l\u2019AIP, pr\u00e8s de 6 400 membres de l\u2019AIP vivent dans la zone d\u2019alerte aux ouragans et aux ondes. 12 000 autres membres vivent dans la zone de surveillance des ouragans. De plus amples renseignements sur le National Weather Service sont <a href=\"https:\/\/www.weather.gov\/\" target=\"_blank\" rel=\"noreferrer noopener\">disponibles ici<\/a>.  <\/p>\n<\/div><div class=\"wp-block-paragraph \">\n<p>l\u2019AIP met en place des op\u00e9rations de secours en cas de catastrophe \u00e0 Tampa, avec du personnel sur place pour aider les membres. L\u2019\u00e9quipe Go de l\u2019AIP, qui aide aux r\u00e9parations \u00e0 domicile et au soutien financier, peut \u00eatre jointe au (321) 430-IAFFl\u2019AIP4233. <\/p>\n<\/div><div class=\"wp-block-paragraph \">\n<p>\u00ab Nos membres de l\u2019AIP seront sans aucun doute appel\u00e9s \u00e0 prot\u00e9ger leurs communaut\u00e9s alors que l\u2019ouragan Ian frappe la Floride \u00bb, a d\u00e9clar\u00e9 le pr\u00e9sident g\u00e9n\u00e9ral Edward Kelly. \u00ab C\u2019est ce que nous faisons en tant que pompiers. Et, pendant que nos fr\u00e8res et s\u0153urs r\u00e9pondent \u00e0 ces appels, l\u2019AIP sera l\u00e0 pour les soutenir, eux et leurs familles, de toutes les mani\u00e8res n\u00e9cessaires. <\/p>\n<\/div><div class=\"wp-block-paragraph \">\n<p>En pr\u00e9vision de la temp\u00eate, les membres et le public sont invit\u00e9s \u00e0 :<\/p>\n<\/div><div class=\"wp-block-list\">\n<ul class=\"wp-block-list\">\n<li>Consultez le <a href=\"https:\/\/www.iaff.org\/wp-content\/uploads\/2019\/05\/DisasterPreparedness_PDF_v3.pdf\">Guide de pr\u00e9paration aux catastrophes<\/a> de l\u2019AIP<\/li>\n\n\n\n<li>Pr\u00e9parez une trousse d\u2019urgence ou un sac \u00e0 emporter et \u00e9tablissez un plan de communication familial<\/li>\n\n\n\n<li>Ayez suffisamment de nourriture et d\u2019eau pour trois jours<\/li>\n\n\n\n<li>Prenez des dispositions pour vos animaux de compagnie si n\u00e9cessaire. Conservez une liste t\u00e9l\u00e9phonique des h\u00f4tels\/motels et des refuges pour animaux qui acceptent les animaux de compagnie le long de vos itin\u00e9raires d\u2019\u00e9vacuation. N\u2019oubliez pas que s\u2019il n\u2019est pas s\u00e9curitaire pour vous de rester \u00e0 la maison, ce n\u2019est pas s\u00e9curitaire pour vos animaux de compagnie non plus.  <\/li>\n\n\n\n<li>S\u00e9curisez votre maison (apportez tout ce qui pourrait \u00eatre emport\u00e9, etc.)<\/li>\n\n\n\n<li>Gardez votre r\u00e9servoir d\u2019essence au moins \u00e0 moiti\u00e9 plein en tout temps<\/li>\n\n\n\n<li>Renseignez-vous sur les itin\u00e9raires d\u2019\u00e9vacuation communautaire au cas o\u00f9 on vous dirait de partir<\/li>\n<\/ul>\n<\/div><div class=\"wp-block-paragraph \">\n<p><a href=\"https:\/\/www.ready.gov\/hurricanes\" target=\"_blank\" rel=\"noreferrer noopener\">Apprenez-en davantage<\/a> sur la pr\u00e9paration aux ouragans.<\/p>\n<\/div>\n<hr class=\"wp-block-separator has-alpha-channel-opacity\"\/>\n<div class=\"wp-block-paragraph \">\n<p>L\u2019AIP lance des op\u00e9rations de secours en cas de catastrophe et pr\u00e9positionne des ressources d\u2019intervention apr\u00e8s la temp\u00eate alors que l\u2019ouragan Ian gagne en intensit\u00e9 et se dirige vers le golfe du Mexique et la Floride.<\/p>\n<\/div><div class=\"wp-block-paragraph \">\n<p>Le National Weather Service pr\u00e9voit de fortes pluies, des vents violents et des inondations soudaines r\u00e9sultant de Ian. La vitesse du vent pourrait atteindre 111 milles \u00e0 l\u2019heure ou plus dans certaines r\u00e9gions, et des ondes de temp\u00eate potentiellement mortelles allant jusqu\u2019\u00e0 10 pieds sont pr\u00e9vues le long de la c\u00f4te ouest de la Floride et de la panhandle. Il y a un risque d\u2019inondation importante.  <\/p>\n<\/div><div class=\"wp-block-paragraph \">\n<p>Le m\u00e9lange de vents violents et de pluie pourrait entra\u00eener des pannes de courant pour plus de 2 millions de personnes \u00e0 Tampa et dans les comt\u00e9s environnants.<\/p>\n<\/div><div class=\"wp-block-paragraph \">\n<p>L\u2019AIP et les pompiers professionnels de la Floride ont plusieurs remorques de fournitures en Floride pr\u00eates \u00e0 soutenir les membres qui vivent et servent dans les zones touch\u00e9es. L\u2019International \u00e9value et d\u00e9cidera de l\u2019emplacement d\u2019un centre des op\u00e9rations de reprise apr\u00e8s sinistre dans les prochains jours. Nos partenaires de Heart 9\/11 sont \u00e9galement pr\u00eats \u00e0 soutenir nos efforts.  <\/p>\n<\/div><div class=\"wp-block-paragraph \">\n<p>L\u2019IAFF publiera des mises \u00e0 jour d\u00e8s qu\u2019elles seront disponibles.<\/p>\n<\/div>","protected":false},"featured_media":517,"menu_order":0,"template":"","tags":[],"class_list":["post-84217","news","type-news","status-publish","has-post-thumbnail","hentry"],"acf":[],"publishpress_future_workflow_manual_trigger":{"enabledWorkflows":[]},"_links":{"self":[{"href":"https:\/\/www.iaff.org\/fr-ca\/wp-json\/wp\/v2\/news\/84217","targetHints":{"allow":["GET"]}}],"collection":[{"href":"https:\/\/www.iaff.org\/fr-ca\/wp-json\/wp\/v2\/news"}],"about":[{"href":"https:\/\/www.iaff.org\/fr-ca\/wp-json\/wp\/v2\/types\/news"}],"version-history":[{"count":0,"href":"https:\/\/www.iaff.org\/fr-ca\/wp-json\/wp\/v2\/news\/84217\/revisions"}],"wp:featuredmedia":[{"embeddable":true,"href":"https:\/\/www.iaff.org\/fr-ca\/wp-json\/wp\/v2\/media\/517"}],"wp:attachment":[{"href":"https:\/\/www.iaff.org\/fr-ca\/wp-json\/wp\/v2\/media?parent=84217"}],"wp:term":[{"taxonomy":"post_tag","embeddable":true,"href":"https:\/\/www.iaff.org\/fr-ca\/wp-json\/wp\/v2\/tags?post=84217"}],"curies":[{"name":"wp","href":"https:\/\/api.w.org\/{rel}","templated":true}]}}