{"id":84214,"date":"2022-10-13T22:15:27","date_gmt":"2022-10-14T02:15:27","guid":{"rendered":"https:\/\/www.iaff.org\/news\/laip-felicite-le-president-datt-firstnet-jim-bugel\/"},"modified":"2025-09-29T15:13:16","modified_gmt":"2025-09-29T19:13:16","slug":"laip-felicite-le-president-datt-firstnet-jim-bugel","status":"publish","type":"news","link":"https:\/\/www.iaff.org\/fr-ca\/news\/laip-felicite-le-president-datt-firstnet-jim-bugel\/","title":{"rendered":"L\u2019IAFF f\u00e9licite le pr\u00e9sident d\u2019AT&amp;T-FirstNet, Jim Bugel"},"content":{"rendered":"<div class=\"wp-block-paragraph \">\n<p>AT&amp;T a annonc\u00e9 cette semaine que Jim Bugel deviendra pr\u00e9sident de son unit\u00e9 FirstNet, un r\u00e9seau de communication national d\u00e9di\u00e9 \u00e0 la s\u00e9curit\u00e9 publique. L\u2019AIP et AT&amp;T-FirstNet s\u2019associent depuis longtemps pour offrir aux pompiers et aux autres premiers intervenants des communications num\u00e9riques et vocales de pointe. <\/p>\n<\/div><div class=\"wp-block-paragraph \">\n<p>\u00ab Jim Bugel est aux c\u00f4t\u00e9s de l\u2019AIP depuis que nous avons commenc\u00e9 \u00e0 faire pression pour un spectre d\u00e9di\u00e9 \u00e0 la cr\u00e9ation d\u2019un r\u00e9seau de s\u00e9curit\u00e9 publique il y a plus de 20 ans \u00bb, a d\u00e9clar\u00e9 le pr\u00e9sident g\u00e9n\u00e9ral de l\u2019AIP , Edward A. Kelly. \u00ab Il est le choix id\u00e9al pour faire passer FirstNet au niveau sup\u00e9rieur et faire progresser les efforts pour les capacit\u00e9s 911 de nouvelle g\u00e9n\u00e9ration. <\/p>\n<\/div><div class=\"wp-block-paragraph \">\n<p>\u00ab Nous f\u00e9licitons Jim pour sa nomination et nous nous r\u00e9jouissons \u00e0 l\u2019id\u00e9e de poursuivre notre partenariat avec AT&amp;T-FirstNet \u00bb, a poursuivi Kelly.<\/p>\n<\/div><div class=\"wp-block-paragraph \">\n<p>Bugel est un v\u00e9t\u00e9ran des t\u00e9l\u00e9communications depuis 30 ans qui s\u2019est sp\u00e9cialis\u00e9 dans les communications d\u2019urgence et les communications critiques, la pr\u00e9paration aux situations d\u2019urgence, la cybers\u00e9curit\u00e9 et l\u2019intervention en cas de catastrophe. Il a dirig\u00e9 l\u2019effort r\u00e9ussi d\u2019AT&amp;T pour remporter le contrat FirstNet en 2017 et a soutenu la loi de 2012 qui a cr\u00e9\u00e9 l\u2019autorit\u00e9 FirstNet. <\/p>\n<\/div><div class=\"wp-block-paragraph \">\n<p>Il s\u2019est associ\u00e9 \u00e0 l\u2019AIP pour des d\u00e9ploiements d\u2019intervention en cas de catastrophe et a veill\u00e9 \u00e0 ce que les travailleurs aient une place \u00e0 la table au fur et \u00e0 mesure que le projet FirstNet progressait.<\/p>\n<\/div>","protected":false},"featured_media":510,"menu_order":0,"template":"","tags":[],"class_list":["post-84214","news","type-news","status-publish","has-post-thumbnail","hentry"],"acf":[],"publishpress_future_workflow_manual_trigger":{"enabledWorkflows":[]},"_links":{"self":[{"href":"https:\/\/www.iaff.org\/fr-ca\/wp-json\/wp\/v2\/news\/84214","targetHints":{"allow":["GET"]}}],"collection":[{"href":"https:\/\/www.iaff.org\/fr-ca\/wp-json\/wp\/v2\/news"}],"about":[{"href":"https:\/\/www.iaff.org\/fr-ca\/wp-json\/wp\/v2\/types\/news"}],"version-history":[{"count":0,"href":"https:\/\/www.iaff.org\/fr-ca\/wp-json\/wp\/v2\/news\/84214\/revisions"}],"wp:featuredmedia":[{"embeddable":true,"href":"https:\/\/www.iaff.org\/fr-ca\/wp-json\/wp\/v2\/media\/510"}],"wp:attachment":[{"href":"https:\/\/www.iaff.org\/fr-ca\/wp-json\/wp\/v2\/media?parent=84214"}],"wp:term":[{"taxonomy":"post_tag","embeddable":true,"href":"https:\/\/www.iaff.org\/fr-ca\/wp-json\/wp\/v2\/tags?post=84214"}],"curies":[{"name":"wp","href":"https:\/\/api.w.org\/{rel}","templated":true}]}}