{"id":84197,"date":"2022-07-15T19:07:28","date_gmt":"2022-07-15T23:07:28","guid":{"rendered":"https:\/\/www.iaff.org\/news\/ouverture-du-concours-des-prix-des-medias-de-laip-2022\/"},"modified":"2025-10-06T10:44:28","modified_gmt":"2025-10-06T14:44:28","slug":"ouverture-du-concours-des-prix-des-medias-de-laip-2022","status":"publish","type":"news","link":"https:\/\/www.iaff.org\/fr-ca\/news\/ouverture-du-concours-des-prix-des-medias-de-laip-2022\/","title":{"rendered":"Ouverture du concours des Prix des m\u00e9dias IAFF 2022"},"content":{"rendered":"<div class=\"wp-block-paragraph \">\n<p>L\u2019IAFF accepte maintenant les candidatures pour le concours des Prix des m\u00e9dias IAFF 2022!<\/p>\n<\/div><div class=\"wp-block-paragraph \">\n<p>Si votre section locale a fait les manchettes ou a produit une solide campagne de relations publiques, le concours des prix des m\u00e9dias de l\u2019AIP est une excellente occasion de promouvoir la s\u00e9curit\u00e9 publique et les questions relatives aux pompiers dans votre communaut\u00e9.<\/p>\n<\/div><div class=\"wp-block-paragraph \">\n<p>La date limite pour les inscriptions est le <strong>5 ao\u00fbt<\/strong>. (Remarque : Toutes les participations au concours de cette ann\u00e9e doivent avoir \u00e9t\u00e9 produites, publi\u00e9es ou diffus\u00e9es entre mai 2021 et mai 2022.) <\/p>\n<\/div><div class=\"wp-block-paragraph \">\n<p><a href=\"https:\/\/www.iaff.org\/fr-ca\/prix-des-medias\/\" target=\"_blank\" rel=\"noreferrer noopener\"><strong>SOUMETTRE UNE CANDIDATURE<\/strong><\/a><\/p>\n<\/div>\n<figure class=\"wp-block-image aligncenter size-large is-resized\"><img decoding=\"async\" src=\"https:\/\/www.iaff.org\/wp-content\/uploads\/Screenshot-2022-07-14-2.10.50-PM-e1657911927198.png\" alt=\"\" style=\"width:480px\"><\/figure>\n<div class=\"wp-block-paragraph \">\n<p>Le concours des prix des m\u00e9dias de l\u2019AIP r\u00e9compense les affili\u00e9s pour leur travail important dans la communication avec leurs membres et le public. Le concours comprend <a href=\"https:\/\/www.iaff.org\/fr-ca\/prix-des-medias\/#contest-categories\" target=\"_blank\" rel=\"noreferrer noopener\">des cat\u00e9gories<\/a> pour les communications, les reportages et la photographie qui d\u00e9peignent le mieux les pompiers et les ambulanciers param\u00e9dicaux comme des premiers intervenants d\u00e9vou\u00e9s et tous risques. D\u00e9couvrez <a href=\"https:\/\/www.iaff.org\/fr-ca\/prix-des-medias\/#past-winners\" target=\"_blank\" rel=\"noreferrer noopener\">les anciens gagnants<\/a> du concours des Prix des m\u00e9dias de l\u2019AIP.  <\/p>\n<\/div><div class=\"wp-block-paragraph \">\n<p>Les laur\u00e9ats sont reconnus dans le magazine International Fire Fighter Quarterly et sur le site Web des prix des m\u00e9dias de l\u2019AIP .<\/p>\n<\/div><div class=\"wp-block-paragraph \">\n<p>Pour plus <a href=\"mailto:mediaawards@iaff.org\" target=\"_blank\" rel=\"noreferrer noopener\">d\u2019informations<\/a>, communiquez avec mediaawards@iaff.org.<\/p>\n<\/div>","protected":false},"featured_media":588,"menu_order":0,"template":"","tags":[],"class_list":["post-84197","news","type-news","status-publish","has-post-thumbnail","hentry"],"acf":[],"publishpress_future_workflow_manual_trigger":{"enabledWorkflows":[]},"_links":{"self":[{"href":"https:\/\/www.iaff.org\/fr-ca\/wp-json\/wp\/v2\/news\/84197","targetHints":{"allow":["GET"]}}],"collection":[{"href":"https:\/\/www.iaff.org\/fr-ca\/wp-json\/wp\/v2\/news"}],"about":[{"href":"https:\/\/www.iaff.org\/fr-ca\/wp-json\/wp\/v2\/types\/news"}],"version-history":[{"count":0,"href":"https:\/\/www.iaff.org\/fr-ca\/wp-json\/wp\/v2\/news\/84197\/revisions"}],"wp:featuredmedia":[{"embeddable":true,"href":"https:\/\/www.iaff.org\/fr-ca\/wp-json\/wp\/v2\/media\/588"}],"wp:attachment":[{"href":"https:\/\/www.iaff.org\/fr-ca\/wp-json\/wp\/v2\/media?parent=84197"}],"wp:term":[{"taxonomy":"post_tag","embeddable":true,"href":"https:\/\/www.iaff.org\/fr-ca\/wp-json\/wp\/v2\/tags?post=84197"}],"curies":[{"name":"wp","href":"https:\/\/api.w.org\/{rel}","templated":true}]}}