{"id":84186,"date":"2022-07-05T18:33:15","date_gmt":"2022-07-05T22:33:15","guid":{"rendered":"https:\/\/www.iaff.org\/news\/bourses-detudes-union-plus-decernees-a-des-familles-de-laip\/"},"modified":"2025-09-29T15:12:58","modified_gmt":"2025-09-29T19:12:58","slug":"bourses-detudes-union-plus-decernees-a-des-familles-de-laip","status":"publish","type":"news","link":"https:\/\/www.iaff.org\/fr-ca\/news\/bourses-detudes-union-plus-decernees-a-des-familles-de-laip\/","title":{"rendered":"Bourses Union Plus attribu\u00e9es aux familles de l\u2019IAFF"},"content":{"rendered":"<div class=\"wp-block-paragraph \">\n<p>Deux membres de l\u2019AIP , un conjoint d\u2019un membre de l\u2019AIP et trois enfants de membres de l\u2019AIP sont les r\u00e9cipiendaires de bourses d\u2019\u00e9tudes Union Plus cette ann\u00e9e. <a href=\"https:\/\/unionplus.org\/education\" target=\"_blank\" rel=\"noreferrer noopener\">Union Plus<\/a>, qui a \u00e9t\u00e9 cr\u00e9\u00e9e par l\u2019AFL-CIO pour offrir des avantages aux membres du syndicat et \u00e0 leurs familles, d\u00e9cerne des bourses d\u2019\u00e9tudes annuellement aux membres du syndicat ou aux membres de leur famille qui souhaitent commencer ou poursuivre leurs \u00e9tudes postsecondaires.<\/p>\n<\/div><div class=\"wp-block-paragraph \">\n<p>\u00ab F\u00e9licitations \u00e0 nos six laur\u00e9ats \u00bb, a d\u00e9clar\u00e9 le pr\u00e9sident g\u00e9n\u00e9ral Edward Kelly. \u00ab Je sais qu\u2019ils r\u00e9ussiront bien dans la poursuite de leurs objectifs scolaires. Le ciel est la limite pour ces personnes incroyablement motiv\u00e9es. <\/p>\n<\/div><div class=\"wp-block-paragraph \">\n<p>Cette ann\u00e9e, 189 syndiqu\u00e9s et membres de familles ont re\u00e7u 200 000 $ en bourses allant de 500 $ \u00e0 4 000 $. Les bourses d\u2019\u00e9tudes sont fond\u00e9es sur des r\u00e9sultats scolaires exceptionnels, un caract\u00e8re personnel, des besoins financiers et un engagement envers les valeurs des syndicats. <\/p>\n<\/div><div class=\"wp-block-paragraph \">\n<p>Les gagnants de l\u2019IAFF sont :<\/p>\n<\/div><div class=\"wp-block-list\">\n<ul class=\"wp-block-list\">\n<li>Michael Manns, membre de la section locale 4818 d\u2019Overland Park, KS<\/li>\n\n\n\n<li>Bradley Morris, membre de la section locale 3909 du comt\u00e9 de Monroe, en Floride<\/li>\n\n\n\n<li><span style=\"color: initial; font-size: 1rem;\">L\u2019\u00e9pouse de Kamehalani Oritz, membre de la section locale 1463 des \u00eeles hawa\u00efennes, Briana Ortiz<\/span><\/li>\n\n\n\n<li>Le fils d\u2019Adam Corwin, membre de la section locale 3008 du canton de Pittsville, MI<\/li>\n\n\n\n<li>Arlington, VA Local 2800 Fille de Fred Kawatsky, Abbigail Kawatsky<\/li>\n\n\n\n<li>La fille de Jamey McVicker, membre de la section locale 77 de Saint Joseph, Missouri<\/li>\n<\/ul>\n<\/div>\n<figure class=\"wp-block-gallery has-nested-images columns-6 is-cropped wp-block-gallery-1 is-layout-flex wp-block-gallery-is-layout-flex\">\n<figure class=\"wp-block-image size-large\"><img decoding=\"async\" width=\"731\" height=\"1024\" data-id=\"16036\" src=\"https:\/\/www.iaff.org\/wp-content\/uploads\/\/IAFF-Manns-731x1024.jpg\" alt=\"\" class=\"wp-image-16036\" srcset=\"https:\/\/www.iaff.org\/wp-content\/uploads\/IAFF-Manns-731x1024.jpg 731w, https:\/\/www.iaff.org\/wp-content\/uploads\/IAFF-Manns-214x300.jpg 214w, https:\/\/www.iaff.org\/wp-content\/uploads\/IAFF-Manns-768x1075.jpg 768w, https:\/\/www.iaff.org\/wp-content\/uploads\/IAFF-Manns-1097x1536.jpg 1097w, https:\/\/www.iaff.org\/wp-content\/uploads\/IAFF-Manns-171x240.jpg 171w, https:\/\/www.iaff.org\/wp-content\/uploads\/IAFF-Manns-571x800.jpg 571w, https:\/\/www.iaff.org\/wp-content\/uploads\/IAFF-Manns.jpg 1200w\" sizes=\"(max-width: 731px) 100vw, 731px\" \/><\/figure>\n\n\n\n<figure class=\"wp-block-image size-large\"><img decoding=\"async\" width=\"480\" height=\"640\" data-id=\"16062\" src=\"https:\/\/www.iaff.org\/wp-content\/uploads\/IAFF-Morris-rotated.jpg\" alt=\"\" class=\"wp-image-16062\" srcset=\"https:\/\/www.iaff.org\/wp-content\/uploads\/IAFF-Morris-rotated.jpg 480w, https:\/\/www.iaff.org\/wp-content\/uploads\/IAFF-Morris-225x300.jpg 225w, https:\/\/www.iaff.org\/wp-content\/uploads\/IAFF-Morris-180x240.jpg 180w\" sizes=\"(max-width: 480px) 100vw, 480px\" \/><\/figure>\n\n\n\n<figure class=\"wp-block-image size-large\"><img decoding=\"async\" width=\"600\" height=\"600\" data-id=\"16068\" src=\"https:\/\/www.iaff.org\/wp-content\/uploads\/IAFF-Ortiz.png\" alt=\"\" class=\"wp-image-16068\" srcset=\"https:\/\/www.iaff.org\/wp-content\/uploads\/IAFF-Ortiz.png 600w, https:\/\/www.iaff.org\/wp-content\/uploads\/IAFF-Ortiz-300x300.png 300w, https:\/\/www.iaff.org\/wp-content\/uploads\/IAFF-Ortiz-150x150.png 150w, https:\/\/www.iaff.org\/wp-content\/uploads\/IAFF-Ortiz-240x240.png 240w\" sizes=\"(max-width: 600px) 100vw, 600px\" \/><\/figure>\n\n\n\n<figure class=\"wp-block-image size-large\"><img decoding=\"async\" width=\"1017\" height=\"1024\" data-id=\"56379\" src=\"https:\/\/www.iaff.org\/wp-content\/uploads\/.\/Corwin-scaled-1017x1024.jpg\" alt=\"\" class=\"wp-image-56379\" srcset=\"https:\/\/www.iaff.org\/wp-content\/uploads\/Corwin-scaled-1017x1024.jpg 1017w, https:\/\/www.iaff.org\/wp-content\/uploads\/Corwin-scaled-298x300.jpg 298w, https:\/\/www.iaff.org\/wp-content\/uploads\/Corwin-scaled-150x150.jpg 150w, https:\/\/www.iaff.org\/wp-content\/uploads\/Corwin-scaled-768x773.jpg 768w, https:\/\/www.iaff.org\/wp-content\/uploads\/Corwin-scaled-1526x1536.jpg 1526w, https:\/\/www.iaff.org\/wp-content\/uploads\/Corwin-scaled-2034x2048.jpg 2034w, https:\/\/www.iaff.org\/wp-content\/uploads\/Corwin-scaled-238x240.jpg 238w, https:\/\/www.iaff.org\/wp-content\/uploads\/Corwin-scaled-795x800.jpg 795w, https:\/\/www.iaff.org\/wp-content\/uploads\/Corwin-scaled-805x810.jpg 805w\" sizes=\"(max-width: 1017px) 100vw, 1017px\" \/><\/figure>\n\n\n\n<figure class=\"wp-block-image\"><img decoding=\"async\" width=\"1028\" height=\"1427\" data-id=\"16048\" src=\"https:\/\/www.iaff.org\/wp-content\/uploads\/IAFF-McVicker.jpeg\" alt=\"\" class=\"wp-image-16048\" srcset=\"https:\/\/www.iaff.org\/wp-content\/uploads\/IAFF-McVicker.jpeg 1028w, https:\/\/www.iaff.org\/wp-content\/uploads\/IAFF-McVicker-216x300.jpeg 216w, https:\/\/www.iaff.org\/wp-content\/uploads\/IAFF-McVicker-738x1024.jpeg 738w, https:\/\/www.iaff.org\/wp-content\/uploads\/IAFF-McVicker-768x1066.jpeg 768w, https:\/\/www.iaff.org\/wp-content\/uploads\/IAFF-McVicker-173x240.jpeg 173w, https:\/\/www.iaff.org\/wp-content\/uploads\/IAFF-McVicker-576x800.jpeg 576w\" sizes=\"(max-width: 1028px) 100vw, 1028px\" \/><\/figure>\n\n\n\n<figure class=\"wp-block-image\"><img decoding=\"async\" width=\"1920\" height=\"2560\" data-id=\"56052\" src=\"https:\/\/www.iaff.org\/wp-content\/uploads\/.\/abbi-4-scaled.jpg\" alt=\"\" class=\"wp-image-56052\" srcset=\"https:\/\/www.iaff.org\/wp-content\/uploads\/abbi-4-scaled.jpg 1920w, https:\/\/www.iaff.org\/wp-content\/uploads\/abbi-4-scaled-225x300.jpg 225w, https:\/\/www.iaff.org\/wp-content\/uploads\/abbi-4-scaled-768x1024.jpg 768w, https:\/\/www.iaff.org\/wp-content\/uploads\/abbi-4-scaled-1152x1536.jpg 1152w, https:\/\/www.iaff.org\/wp-content\/uploads\/abbi-4-scaled-1536x2048.jpg 1536w, https:\/\/www.iaff.org\/wp-content\/uploads\/abbi-4-scaled-180x240.jpg 180w, https:\/\/www.iaff.org\/wp-content\/uploads\/abbi-4-scaled-600x800.jpg 600w, https:\/\/www.iaff.org\/wp-content\/uploads\/abbi-4-scaled-608x810.jpg 608w\" sizes=\"(max-width: 1920px) 100vw, 1920px\" \/><\/figure>\n<\/figure>\n<div class=\"wp-block-paragraph \">\n<p>Ces laur\u00e9ats comprennent ceux qui commencent tout juste leurs \u00e9tudes postsecondaires et ceux qui ajoutent des dipl\u00f4mes sup\u00e9rieurs. Mais deux choses qu\u2019ils appr\u00e9cient tous sont l\u2019engagement communautaire et le mouvement syndical. <\/p>\n<\/div><div class=\"wp-block-paragraph \">\n<p>Depuis le lancement du programme en 1991, Union Plus a accord\u00e9 plus de 5,2 millions de dollars en financement de l\u2019\u00e9ducation \u00e0 plus de 3 600 syndiqu\u00e9s, conjoints et enfants \u00e0 charge. Les bourses d\u2019\u00e9tudes Union Plus sont accord\u00e9es aux \u00e9tudiants qui fr\u00e9quentent un coll\u00e8ge de deux ans, un coll\u00e8ge de quatre ans, une \u00e9cole sup\u00e9rieure ou une \u00e9cole technique ou de m\u00e9tiers reconnue. Le processus de s\u00e9lection est tr\u00e8s comp\u00e9titif; 3 741 demandes ont \u00e9t\u00e9 re\u00e7ues cette ann\u00e9e de 63 syndicats et des 50 \u00c9tats, ainsi que du District de Columbia, de deux territoires am\u00e9ricains et de trois provinces canadiennes.  <\/p>\n<\/div><div class=\"wp-block-paragraph \">\n<p>Visitez <a href=\"https:\/\/unionplus.org\/scholarship\" target=\"_blank\" rel=\"noreferrer noopener\">unionplus.org\/scholarship<\/a> pour conna\u00eetre les demandes et l\u2019admissibilit\u00e9 aux prestations.<\/p>\n<\/div>","protected":false},"featured_media":606,"menu_order":0,"template":"","tags":[],"class_list":["post-84186","news","type-news","status-publish","has-post-thumbnail","hentry"],"acf":[],"publishpress_future_workflow_manual_trigger":{"enabledWorkflows":[]},"_links":{"self":[{"href":"https:\/\/www.iaff.org\/fr-ca\/wp-json\/wp\/v2\/news\/84186","targetHints":{"allow":["GET"]}}],"collection":[{"href":"https:\/\/www.iaff.org\/fr-ca\/wp-json\/wp\/v2\/news"}],"about":[{"href":"https:\/\/www.iaff.org\/fr-ca\/wp-json\/wp\/v2\/types\/news"}],"version-history":[{"count":0,"href":"https:\/\/www.iaff.org\/fr-ca\/wp-json\/wp\/v2\/news\/84186\/revisions"}],"wp:featuredmedia":[{"embeddable":true,"href":"https:\/\/www.iaff.org\/fr-ca\/wp-json\/wp\/v2\/media\/606"}],"wp:attachment":[{"href":"https:\/\/www.iaff.org\/fr-ca\/wp-json\/wp\/v2\/media?parent=84186"}],"wp:term":[{"taxonomy":"post_tag","embeddable":true,"href":"https:\/\/www.iaff.org\/fr-ca\/wp-json\/wp\/v2\/tags?post=84186"}],"curies":[{"name":"wp","href":"https:\/\/api.w.org\/{rel}","templated":true}]}}