{"id":84185,"date":"2022-06-13T14:55:12","date_gmt":"2022-06-13T18:55:12","guid":{"rendered":"https:\/\/www.iaff.org\/news\/la-section-locale-2742-dorem-ut-se-reaffilie-a-laip\/"},"modified":"2025-10-06T10:44:45","modified_gmt":"2025-10-06T14:44:45","slug":"la-section-locale-2742-dorem-ut-se-reaffilie-a-laip","status":"publish","type":"news","link":"https:\/\/www.iaff.org\/fr-ca\/news\/la-section-locale-2742-dorem-ut-se-reaffilie-a-laip\/","title":{"rendered":"Orem, UT Local 2742 se r\u00e9affilie \u00e0 l\u2019IAFF"},"content":{"rendered":"<div class=\"wp-block-paragraph \">\n<p>L\u2019IAFF accueille de nouveau l\u2019un de ses affili\u00e9s de l\u2019Utah, Orem Local 2742, apr\u00e8s une absence de 23 ans. La section locale 2742 nouvellement r\u00e9organis\u00e9e ajoute 59 nouveaux membres \u00e0 l\u2019IAFF. <\/p>\n<\/div><div class=\"wp-block-paragraph \">\n<p>\u00ab C\u2019est formidable d\u2019avoir la section locale 2742 de retour dans l\u2019AIP. Les membres d\u2019Orem sont un groupe de pompiers tr\u00e8s motiv\u00e9s qui sont pr\u00eats \u00e0 mettre des bottes sur le terrain et \u00e0 se mettre au travail \u00bb, a d\u00e9clar\u00e9 le pr\u00e9sident g\u00e9n\u00e9ral Edward Kelly. \u00ab J\u2019ai h\u00e2te de voir ce que nous pouvons faire ensemble. \u00bb <\/p>\n<\/div><div class=\"wp-block-paragraph \">\n<p>\u00ab Je suis heureux d\u2019accueillir les nouveaux membres de la section locale 2742 dans la famille du 9e district \u00bb, a d\u00e9clar\u00e9 le vice-pr\u00e9sident du 9e district, Michael Frainier. \u00ab Je sais qu\u2019ils seront de grands atouts pour cette union et j\u2019ai h\u00e2te de les aider \u00e0 atteindre leurs objectifs. \u00bb La ville d\u2019Orem est situ\u00e9e \u00e0 45 milles au sud de Salt Lake City. Les membres de la section locale 2742 interviennent dans quatre casernes de pompiers strat\u00e9giquement situ\u00e9es dans la ville.   <\/p>\n<\/div><div class=\"wp-block-paragraph \">\n<p>Les membres ont d\u00e9cid\u00e9 que le moment \u00e9tait venu de se r\u00e9affilier \u00e0 l\u2019AIP et \u00e0 la PFFU parce qu\u2019ils voyaient \u00e0 quel point le syndicat et l\u2019association de l\u2019\u00c9tat travaillaient dur au nom de tous les pompiers professionnels.<\/p>\n<\/div><div class=\"wp-block-paragraph \">\n<p>\u00ab Alors que l\u2019AIP et la PFFU luttent pour assurer notre s\u00e9curit\u00e9 au travail et pour de meilleurs salaires et avantages sociaux, nous voulons faire partie du processus et pr\u00eater notre voix \u00bb, a d\u00e9clar\u00e9 le pr\u00e9sident de la section locale 2742, Jason Garcia. \u00ab Nos membres ont h\u00e2te de r\u00e9seauter avec d\u2019autres sections locales comme la n\u00f4tre et d\u2019exploiter les nombreuses ressources offertes comme le soutien par les pairs. \u00bb <\/p>\n<\/div><div class=\"wp-block-paragraph \">\n<p>Le vice-pr\u00e9sident Trevor McGuinty et le secr\u00e9taire-tr\u00e9sorier Cameron Monahan se joignent au pr\u00e9sident Garcia au conseil ex\u00e9cutif de la section locale 2742.<\/p>\n<\/div>","protected":false},"featured_media":624,"menu_order":0,"template":"","tags":[],"class_list":["post-84185","news","type-news","status-publish","has-post-thumbnail","hentry"],"acf":[],"publishpress_future_workflow_manual_trigger":{"enabledWorkflows":[]},"_links":{"self":[{"href":"https:\/\/www.iaff.org\/fr-ca\/wp-json\/wp\/v2\/news\/84185","targetHints":{"allow":["GET"]}}],"collection":[{"href":"https:\/\/www.iaff.org\/fr-ca\/wp-json\/wp\/v2\/news"}],"about":[{"href":"https:\/\/www.iaff.org\/fr-ca\/wp-json\/wp\/v2\/types\/news"}],"version-history":[{"count":0,"href":"https:\/\/www.iaff.org\/fr-ca\/wp-json\/wp\/v2\/news\/84185\/revisions"}],"wp:featuredmedia":[{"embeddable":true,"href":"https:\/\/www.iaff.org\/fr-ca\/wp-json\/wp\/v2\/media\/624"}],"wp:attachment":[{"href":"https:\/\/www.iaff.org\/fr-ca\/wp-json\/wp\/v2\/media?parent=84185"}],"wp:term":[{"taxonomy":"post_tag","embeddable":true,"href":"https:\/\/www.iaff.org\/fr-ca\/wp-json\/wp\/v2\/tags?post=84185"}],"curies":[{"name":"wp","href":"https:\/\/api.w.org\/{rel}","templated":true}]}}