{"id":84182,"date":"2022-06-29T20:32:39","date_gmt":"2022-06-30T00:32:39","guid":{"rendered":"https:\/\/www.iaff.org\/news\/neuf-ans-plus-tard-laip-noubliera-jamais-le-yarnell-hill-19\/"},"modified":"2025-10-06T10:44:45","modified_gmt":"2025-10-06T14:44:45","slug":"neuf-ans-plus-tard-laip-noubliera-jamais-le-yarnell-hill-19","status":"publish","type":"news","link":"https:\/\/www.iaff.org\/fr-ca\/news\/neuf-ans-plus-tard-laip-noubliera-jamais-le-yarnell-hill-19\/","title":{"rendered":"Neuf ans plus tard : IAFF n\u2019oubliera jamais le Yarnell Hill 19"},"content":{"rendered":"<div class=\"wp-block-paragraph \">\n<p>L\u2019AIP se souvient des 19 pompiers de Prescott, en Arizona, qui sont morts dans l\u2019exercice de leurs fonctions le 30 juin 2013, alors qu\u2019ils combattaient un feu de for\u00eat rapide pr\u00e8s de Yarnell Hill. Il s\u2019agit de la plus grande perte de vie de pompiers depuis le 11 septembre 2001. <\/p>\n<\/div><div class=\"wp-block-paragraph \">\n<p>Les Hotshots de Granite Mountain tomb\u00e9s au combat sont : Robert Caldwell, Travis Carter, Eric Marsh, Jesse Steed, Travis Turbyfill, Clayton Whitted, Andrew Ashcraft, Dustin DeFord, Christopher MacKenzie, Grant McKee, Sean Misner, Scott Norris, Wade Parker, John Percin Jr., Anthony Rose, Joe Thurston, William Warneke, Kevin Woyjeck et Garret Zuppiger.<\/p>\n<\/div><div class=\"wp-block-paragraph \">\n<p>\u00ab Ce jour-l\u00e0, en 2013, nous avons perdu 19 fr\u00e8res. Bien que cela se soit \u00e9coul\u00e9 neuf ans, c\u2019est toujours comme si c\u2019\u00e9tait hier pour nos s\u0153urs et nos fr\u00e8res de la section locale 3066 de United Yavapai, et pour tous ceux qui les connaissaient bien \u00bb, a d\u00e9clar\u00e9 le pr\u00e9sident g\u00e9n\u00e9ral Ed Kelly. \u00ab \u00c0 l\u2019occasion de cet anniversaire, l\u2019AIP se souvient de chacun des morts et nous nous consacrons \u00e0 nouveau \u00e0 tout ce qu\u2019ils ont repr\u00e9sent\u00e9 et au sacrifice que chacun a fait. \u00bb <\/p>\n<\/div><div class=\"wp-block-paragraph \">\n<p>\u00ab Il y a neuf ans, nous avons tragiquement perdu 19 de nos fr\u00e8res qui luttaient contre l\u2019incendie de Yarnell Hill \u00bb, a d\u00e9clar\u00e9 le secr\u00e9taire-tr\u00e9sorier g\u00e9n\u00e9ral Frank L\u00edma.<\/p>\n<\/div><div class=\"wp-block-paragraph \">\n<p>Les 20 membres de l\u2019\u00e9quipe de Granite Mountain s\u2019effor\u00e7aient de contenir l\u2019incendie lorsque le feu a pris sa position. Brendan McDonough, qui \u00e9tait de garde dans un autre endroit, a \u00e9t\u00e9 le seul \u00e0 survivre. McDonough a ensuite lanc\u00e9 un centre de sant\u00e9 comportementale et de r\u00e9tablissement de la toxicomanie \u00e0 Prescott, en Arizona, appel\u00e9 Holdfast Recovery.  <\/p>\n<\/div><div class=\"wp-block-paragraph \">\n<p>Avec l\u2019adoption du projet de loi HB 2624, la Chambre des repr\u00e9sentants de l\u2019Arizona a autoris\u00e9 la cr\u00e9ation et le financement du <a href=\"https:\/\/azstateparks.com\/hotshots\/\" target=\"_blank\" rel=\"noreferrer noopener\">parc comm\u00e9moratif Granite Mountain Hotshots<\/a> en 2014. Le parc, qui a \u00e9t\u00e9 con\u00e7u pour honorer les morts, a officiellement ouvert ses portes au public deux ans plus tard. <\/p>\n<\/div><div class=\"wp-block-paragraph \">\n<p>Lisez le rapport sur l\u2019incident <a href=\"https:\/\/dffm.az.gov\/yarnell-hill-report-available\" target=\"_blank\" rel=\"noreferrer noopener\">ici<\/a>.<\/p>\n<\/div>","protected":false},"featured_media":612,"menu_order":0,"template":"","tags":[],"class_list":["post-84182","news","type-news","status-publish","has-post-thumbnail","hentry"],"acf":[],"publishpress_future_workflow_manual_trigger":{"enabledWorkflows":[]},"_links":{"self":[{"href":"https:\/\/www.iaff.org\/fr-ca\/wp-json\/wp\/v2\/news\/84182","targetHints":{"allow":["GET"]}}],"collection":[{"href":"https:\/\/www.iaff.org\/fr-ca\/wp-json\/wp\/v2\/news"}],"about":[{"href":"https:\/\/www.iaff.org\/fr-ca\/wp-json\/wp\/v2\/types\/news"}],"version-history":[{"count":0,"href":"https:\/\/www.iaff.org\/fr-ca\/wp-json\/wp\/v2\/news\/84182\/revisions"}],"wp:featuredmedia":[{"embeddable":true,"href":"https:\/\/www.iaff.org\/fr-ca\/wp-json\/wp\/v2\/media\/612"}],"wp:attachment":[{"href":"https:\/\/www.iaff.org\/fr-ca\/wp-json\/wp\/v2\/media?parent=84182"}],"wp:term":[{"taxonomy":"post_tag","embeddable":true,"href":"https:\/\/www.iaff.org\/fr-ca\/wp-json\/wp\/v2\/tags?post=84182"}],"curies":[{"name":"wp","href":"https:\/\/api.w.org\/{rel}","templated":true}]}}