{"id":84163,"date":"2022-04-25T18:55:22","date_gmt":"2022-04-25T22:55:22","guid":{"rendered":"https:\/\/www.iaff.org\/news\/un-pompier-de-new-york-fait-le-sacrifice-ultime-dans-lincendie-de-brooklyn\/"},"modified":"2025-07-28T12:35:29","modified_gmt":"2025-07-28T16:35:29","slug":"un-pompier-de-new-york-fait-le-sacrifice-ultime-dans-lincendie-de-brooklyn","status":"publish","type":"news","link":"https:\/\/www.iaff.org\/fr-ca\/news\/un-pompier-de-new-york-fait-le-sacrifice-ultime-dans-lincendie-de-brooklyn\/","title":{"rendered":"Un pompier de New York fait le sacrifice ultime dans l\u2019incendie de Brooklyn"},"content":{"rendered":"<div class=\"wp-block-paragraph \">\n<p>L\u2019AIP est attrist\u00e9e d\u2019annoncer que Timothy Klein, 31 ans, membre de la section locale 94 de l\u2019Association des pompiers en uniforme (UFA) de New York, est d\u00e9c\u00e9d\u00e9 dans l\u2019exercice de ses fonctions alors qu\u2019il r\u00e9pondait \u00e0 un incendie de maison \u00e0 Brooklyn le 24 avril. De plus, au moins huit de ses coll\u00e8gues pompiers ont \u00e9t\u00e9 bless\u00e9s. <\/p>\n<\/div><div class=\"wp-block-paragraph \">\n<p>\u00ab J\u2019ai le c\u0153ur bris\u00e9 d\u2019apprendre le d\u00e9c\u00e8s pr\u00e9matur\u00e9 du confr\u00e8re Klein, a d\u00e9clar\u00e9 le pr\u00e9sident g\u00e9n\u00e9ral Edward Kelly. \u00ab Nos pens\u00e9es et nos pri\u00e8res vont \u00e0 sa famille, \u00e0 ses amis et \u00e0 son \u00e9quipe. Cette AIP est pr\u00eate \u00e0 aider la famille et nos fr\u00e8res et s\u0153urs de New York dans leur deuil. <\/p>\n<\/div><div class=\"wp-block-paragraph \">\n<p>\u00ab Aujourd\u2019hui, nous pleurons la perte d\u2019un membre pr\u00e9cieux de notre premi\u00e8re famille de district \u00bb, a d\u00e9clar\u00e9 le vice-pr\u00e9sident du 1er district, James Slevin. \u00ab La meilleure chose que nous puissions faire pendant cette p\u00e9riode triste est d\u2019\u00eatre l\u00e0 pour la famille et les uns pour les autres. Nous allons nous en sortir ensemble. <\/p>\n<\/div><div class=\"wp-block-paragraph \">\n<p>Klein, un v\u00e9t\u00e9ran de six ans, faisait partie des plus de 100 pompiers qui ont r\u00e9pondu \u00e0 l\u2019incendie. Une fois sur les lieux, Klein et trois autres personnes sont entr\u00e9s pour mener une attaque int\u00e9rieure. <\/p>\n<\/div><div class=\"wp-block-paragraph \">\n<p>Lorsque la structure a commenc\u00e9 \u00e0 se d\u00e9t\u00e9riorer, le commandant de l\u2019incident a ordonn\u00e9 \u00e0 tout le monde de sortir. Mais le plafond s\u2019est partiellement effondr\u00e9 avant que Klein et trois autres personnes ne puissent sortir, les pi\u00e9geant \u00e0 l\u2019int\u00e9rieur. <\/p>\n<\/div><div class=\"wp-block-paragraph \">\n<p>Trois ont pu sortir et ont \u00e9t\u00e9 transport\u00e9s \u00e0 l\u2019h\u00f4pital pour y \u00eatre soign\u00e9s, mais Klein n\u2019a pas pu \u00eatre sorti des d\u00e9combres avant de mourir de ses blessures.<\/p>\n<\/div><div class=\"wp-block-paragraph \">\n<p>\u00ab Il n\u2019y a pas de mots pour d\u00e9crire la perte du confr\u00e8re Klein \u00bb, a d\u00e9clar\u00e9 le pr\u00e9sident de la section locale 94 de l\u2019ACD, Andrew Ansbro. \u00ab Nous ne l\u2019oublierons jamais, ni son sacrifice, et nous offrons nos plus sinc\u00e8res condol\u00e9ances \u00e0 tous ceux qui sont en deuil, y compris les membres de la compagnie d\u2019\u00e9chelle 170, de la compagnie de machines 257 et du bataillon 58. \u00bb <\/p>\n<\/div><div class=\"wp-block-paragraph \">\n<p>Au cours des efforts de r\u00e9cup\u00e9ration, le personnel des services d\u2019urgence a \u00e9galement trouv\u00e9 le corps d\u2019un des r\u00e9sidents de la maison.<\/p>\n<\/div><div class=\"wp-block-paragraph \">\n<p>l\u2019AIP continue de suivre l\u2019histoire et publiera des mises \u00e0 jour d\u00e8s qu\u2019elles seront disponibles.<\/p>\n<\/div>","protected":false},"featured_media":666,"menu_order":0,"template":"","tags":[],"class_list":["post-84163","news","type-news","status-publish","has-post-thumbnail","hentry"],"acf":[],"publishpress_future_workflow_manual_trigger":{"enabledWorkflows":[]},"_links":{"self":[{"href":"https:\/\/www.iaff.org\/fr-ca\/wp-json\/wp\/v2\/news\/84163","targetHints":{"allow":["GET"]}}],"collection":[{"href":"https:\/\/www.iaff.org\/fr-ca\/wp-json\/wp\/v2\/news"}],"about":[{"href":"https:\/\/www.iaff.org\/fr-ca\/wp-json\/wp\/v2\/types\/news"}],"version-history":[{"count":0,"href":"https:\/\/www.iaff.org\/fr-ca\/wp-json\/wp\/v2\/news\/84163\/revisions"}],"wp:featuredmedia":[{"embeddable":true,"href":"https:\/\/www.iaff.org\/fr-ca\/wp-json\/wp\/v2\/media\/666"}],"wp:attachment":[{"href":"https:\/\/www.iaff.org\/fr-ca\/wp-json\/wp\/v2\/media?parent=84163"}],"wp:term":[{"taxonomy":"post_tag","embeddable":true,"href":"https:\/\/www.iaff.org\/fr-ca\/wp-json\/wp\/v2\/tags?post=84163"}],"curies":[{"name":"wp","href":"https:\/\/api.w.org\/{rel}","templated":true}]}}