{"id":84160,"date":"2022-03-17T14:10:06","date_gmt":"2022-03-17T18:10:06","guid":{"rendered":"https:\/\/www.iaff.org\/news\/declaration-du-president-general-kelly-au-sujet-de-la-loi-federale-sur-lequite-des-pompiers\/"},"modified":"2025-07-28T12:55:06","modified_gmt":"2025-07-28T16:55:06","slug":"declaration-du-president-general-kelly-au-sujet-de-la-loi-federale-sur-lequite-des-pompiers","status":"publish","type":"news","link":"https:\/\/www.iaff.org\/fr-ca\/news\/declaration-du-president-general-kelly-au-sujet-de-la-loi-federale-sur-lequite-des-pompiers\/","title":{"rendered":"D\u00e9claration du pr\u00e9sident g\u00e9n\u00e9ral Kelly au sujet de la Loi f\u00e9d\u00e9rale sur l\u2019\u00e9quit\u00e9 des pompiers"},"content":{"rendered":"<div class=\"wp-block-paragraph \">\n<p>\u00ab Les pompiers f\u00e9d\u00e9raux de notre pays, dont pr\u00e8s de 3 000 membres de l\u2019AIP, sont un pas de plus vers une meilleure protection contre les maladies professionnelles maintenant que le Comit\u00e9 de l\u2019\u00e9ducation et du travail de la Chambre des repr\u00e9sentants des \u00c9tats-Unis a approuv\u00e9 la loi f\u00e9d\u00e9rale sur l\u2019\u00e9quit\u00e9 des pompiers.<\/p>\n<\/div><div class=\"wp-block-paragraph \">\n<p>\u00ab Des centaines de pompiers \u00e9taient au Capitole la semaine derni\u00e8re pour \u00e9duquer les l\u00e9gislateurs sur l\u2019importance de ce projet de loi pour les pompiers f\u00e9d\u00e9raux qui prot\u00e8gent les installations militaires, les laboratoires et les terrains nationaux les plus importants de notre pays.<\/p>\n<\/div><div class=\"wp-block-paragraph \">\n<p>\u00ab Le lien entre la lutte contre les incendies et les maladies mortelles, y compris le cancer, est scientifiquement prouv\u00e9. Bien que pratiquement tous les \u00c9tats aient adopt\u00e9 des lois prot\u00e9geant les pompiers municipaux contre ces maladies, le gouvernement f\u00e9d\u00e9ral refuse trop souvent aux pompiers f\u00e9d\u00e9raux des prestations d\u2019indemnisation lorsqu\u2019ils contractent des maladies professionnelles. <\/p>\n<\/div><div class=\"wp-block-paragraph \">\n<p>\u00ab Les pompiers ont parl\u00e9, et maintenant le Congr\u00e8s est pr\u00eat \u00e0 r\u00e9soudre ce probl\u00e8me. La loi f\u00e9d\u00e9rale sur l\u2019\u00e9quit\u00e9 des pompiers est adopt\u00e9e par le Congr\u00e8s avec le soutien bipartite de plus de 150 l\u00e9gislateurs. Je f\u00e9licite le repr\u00e9sentant Salud Carbajal (D-CA) pour son leadership sur cette question cruciale et pour avoir travaill\u00e9 \u00e0 fournir aux pompiers f\u00e9d\u00e9raux cette prestation attendue depuis longtemps. J\u2019exhorte le Congr\u00e8s \u00e0 travailler rapidement pour adopter cette l\u00e9gislation.<\/p>\n<\/div>","protected":false},"featured_media":323,"menu_order":0,"template":"","tags":[],"class_list":["post-84160","news","type-news","status-publish","has-post-thumbnail","hentry"],"acf":[],"publishpress_future_workflow_manual_trigger":{"enabledWorkflows":[]},"_links":{"self":[{"href":"https:\/\/www.iaff.org\/fr-ca\/wp-json\/wp\/v2\/news\/84160","targetHints":{"allow":["GET"]}}],"collection":[{"href":"https:\/\/www.iaff.org\/fr-ca\/wp-json\/wp\/v2\/news"}],"about":[{"href":"https:\/\/www.iaff.org\/fr-ca\/wp-json\/wp\/v2\/types\/news"}],"version-history":[{"count":0,"href":"https:\/\/www.iaff.org\/fr-ca\/wp-json\/wp\/v2\/news\/84160\/revisions"}],"wp:featuredmedia":[{"embeddable":true,"href":"https:\/\/www.iaff.org\/fr-ca\/wp-json\/wp\/v2\/media\/323"}],"wp:attachment":[{"href":"https:\/\/www.iaff.org\/fr-ca\/wp-json\/wp\/v2\/media?parent=84160"}],"wp:term":[{"taxonomy":"post_tag","embeddable":true,"href":"https:\/\/www.iaff.org\/fr-ca\/wp-json\/wp\/v2\/tags?post=84160"}],"curies":[{"name":"wp","href":"https:\/\/api.w.org\/{rel}","templated":true}]}}