{"id":84158,"date":"2022-03-14T13:43:40","date_gmt":"2022-03-14T17:43:40","guid":{"rendered":"https:\/\/www.iaff.org\/news\/les-citoyens-de-vancouver-votent-en-faveur-dune-augmentation-du-financement-des-services-dincendie-et-durgence\/"},"modified":"2025-07-28T12:58:02","modified_gmt":"2025-07-28T16:58:02","slug":"les-citoyens-de-vancouver-votent-en-faveur-dune-augmentation-du-financement-des-services-dincendie-et-durgence","status":"publish","type":"news","link":"https:\/\/www.iaff.org\/fr-ca\/news\/les-citoyens-de-vancouver-votent-en-faveur-dune-augmentation-du-financement-des-services-dincendie-et-durgence\/","title":{"rendered":"Les citoyens de Vancouver votent en faveur d\u2019une augmentation du financement des services d\u2019incendie et d\u2019urgence"},"content":{"rendered":"<div class=\"wp-block-paragraph \">\n<p>Apr\u00e8s une campagne \u00e9lectorale r\u00e9ussie des membres de la section locale 452 de Vancouver, dans l\u2019\u00c9tat de Washington, les \u00e9lecteurs de la ville ont vot\u00e9 pour financer les ressources n\u00e9cessaires pour r\u00e9pondre \u00e0 la demande croissante d\u2019appels aux services d\u2019incendie et de services m\u00e9dicaux d\u2019urgence. La proposition 2 a \u00e9t\u00e9 approuv\u00e9e avec pr\u00e8s de 53% des voix lors d\u2019une \u00e9lection sp\u00e9ciale en f\u00e9vrier. <\/p>\n<\/div><div class=\"wp-block-paragraph \">\n<p>\u00ab Nous appr\u00e9cions vraiment tout le soutien que nous avons re\u00e7u des dirigeants municipaux et des citoyens \u00bb, a d\u00e9clar\u00e9 le pr\u00e9sident de la section locale 452, Ryan Reese. \u00ab L\u2019argent g\u00e9n\u00e9r\u00e9 par cette taxe nous permettra d\u2019embaucher de nouveaux pompiers et du personnel des services m\u00e9dicaux d\u2019urgence, ce qui am\u00e9liorera imm\u00e9diatement les temps d\u2019intervention. Nous pourrons \u00e9galement remplacer les casernes de pompiers et les appareils d\u00e9suets. <\/p>\n<\/div><div class=\"wp-block-paragraph \">\n<p>La proposition 2 augmentera le pr\u00e9l\u00e8vement r\u00e9gulier de l\u2019imp\u00f4t foncier de la ville de 0,50 $ par tranche de 1 000 $ de valeur fonci\u00e8re imposable \u00e0 compter de 2023. L\u2019augmentation devrait g\u00e9n\u00e9rer 15 millions de dollars suppl\u00e9mentaires par ann\u00e9e et sera utilis\u00e9e pour les ressources du service d\u2019incendie. <\/p>\n<\/div><div class=\"wp-block-paragraph \">\n<p>L\u2019argent a d\u00e9j\u00e0 \u00e9t\u00e9 pr\u00e9vu pour plusieurs besoins essentiels, notamment :<\/p>\n<\/div><div class=\"wp-block-list\">\n<ul class=\"wp-block-list\">\n<li>Cinq capitaines d\u2019incendie \u00e9quivalents temps plein (ETP) suppl\u00e9mentaires, 11 infirmiers d\u2019incendie, 24 pompiers et personnel de soutien qui doteront un nouvel appareil d\u2019escouade param\u00e9dicale et deux appareils existants et un nouveau camion-\u00e9chelle selon un horaire de travail 24 heures sur 24, 7 jours sur 7<\/li>\n\n\n\n<li>Un nouvel appareil d\u2019escouade et un camion-\u00e9chelle<\/li>\n\n\n\n<li>Quatre capitaines et neuf pompiers \u00e0 la caserne 11 (9606 N.E. 130th Ave. \u2013 maintenant en construction) sur une base permanente \u00e0 compter de 2025, conform\u00e9ment \u00e0 l\u2019entente interlocale avec le District d\u2019incendie 5<\/li>\n\n\n\n<li>Remplacement de la caserne de pompiers 3 (1110, chemin N. Devine) et de la caserne de pompiers 6 (3216, 112e avenue N.E.)<\/li>\n\n\n\n<li>Am\u00e9lioration sismique, agrandissement et r\u00e9novation de la caserne de pompiers 4 (6701 N.E. 147th Avenue), de la caserne de pompiers 5 (7110 N.E. 63rd St.) et de la caserne 8 (213 N.E. 120th Avenue)<\/li>\n\n\n\n<li>Co\u00fbts administratifs n\u00e9cessaires dans d\u2019autres minist\u00e8res pour soutenir les investissements d\u00e9crits ci-dessus<\/li>\n\n\n\n<li>D\u00e9penses suppl\u00e9mentaires de fonctionnement, d\u2019entretien, de v\u00e9hicules et d\u2019immobilisations pour fournir des services d\u2019incendie et d\u2019urgence am\u00e9lior\u00e9s, tels que d\u00e9termin\u00e9s par le conseil municipal de Vancouver<\/li>\n<\/ul>\n<\/div>","protected":false},"featured_media":694,"menu_order":0,"template":"","tags":[],"class_list":["post-84158","news","type-news","status-publish","has-post-thumbnail","hentry"],"acf":[],"publishpress_future_workflow_manual_trigger":{"enabledWorkflows":[]},"_links":{"self":[{"href":"https:\/\/www.iaff.org\/fr-ca\/wp-json\/wp\/v2\/news\/84158","targetHints":{"allow":["GET"]}}],"collection":[{"href":"https:\/\/www.iaff.org\/fr-ca\/wp-json\/wp\/v2\/news"}],"about":[{"href":"https:\/\/www.iaff.org\/fr-ca\/wp-json\/wp\/v2\/types\/news"}],"version-history":[{"count":0,"href":"https:\/\/www.iaff.org\/fr-ca\/wp-json\/wp\/v2\/news\/84158\/revisions"}],"wp:featuredmedia":[{"embeddable":true,"href":"https:\/\/www.iaff.org\/fr-ca\/wp-json\/wp\/v2\/media\/694"}],"wp:attachment":[{"href":"https:\/\/www.iaff.org\/fr-ca\/wp-json\/wp\/v2\/media?parent=84158"}],"wp:term":[{"taxonomy":"post_tag","embeddable":true,"href":"https:\/\/www.iaff.org\/fr-ca\/wp-json\/wp\/v2\/tags?post=84158"}],"curies":[{"name":"wp","href":"https:\/\/api.w.org\/{rel}","templated":true}]}}