{"id":84133,"date":"2022-01-02T20:34:55","date_gmt":"2022-01-03T01:34:55","guid":{"rendered":"https:\/\/www.iaff.org\/news\/les-pompiers-federaux-obtiennent-de-nouveaux-avantages-et-de-nouvelles-mesures-de-securite\/"},"modified":"2025-07-28T15:52:14","modified_gmt":"2025-07-28T19:52:14","slug":"les-pompiers-federaux-obtiennent-de-nouveaux-avantages-et-de-nouvelles-mesures-de-securite","status":"publish","type":"news","link":"https:\/\/www.iaff.org\/fr-ca\/news\/les-pompiers-federaux-obtiennent-de-nouveaux-avantages-et-de-nouvelles-mesures-de-securite\/","title":{"rendered":"Les pompiers f\u00e9d\u00e9raux obtiennent de nouveaux avantages et de nouvelles mesures de s\u00e9curit\u00e9"},"content":{"rendered":"<div class=\"wp-block-paragraph \">\n<p>Les pompiers f\u00e9d\u00e9raux b\u00e9n\u00e9ficieront de nouveaux avantages et de conditions de travail plus s\u00fbres avec l\u2019adoption de la <a href=\"https:\/\/www.congress.gov\/bill\/117th-congress\/senate-bill\/1605\" target=\"_blank\" rel=\"noreferrer noopener\">Loi d\u2019autorisation de la d\u00e9fense nationale (NDAA) pour l\u2019ann\u00e9e fiscale 2022<\/a>, promulgu\u00e9e par le pr\u00e9sident Biden. Une disposition prioritaire pour l\u2019AIP dans la NDAA de cette ann\u00e9e permettra enfin aux pompiers f\u00e9d\u00e9raux d\u2019\u00e9changer volontairement des quarts de travail entre deux personnes qualifi\u00e9es. Parmi les autres dispositions adopt\u00e9es dans le cadre de la loi, mentionnons :  <\/p>\n<\/div><div class=\"wp-block-list\">\n<ul class=\"wp-block-list\">\n<li>\u00c9tablissement d\u2019une nouvelle prestation de cong\u00e9 parental de deuil<\/li>\n\n\n\n<li>R\u00e9initialisation de la p\u00e9riode de probation pour les pompiers f\u00e9d\u00e9raux nouvellement embauch\u00e9s au minist\u00e8re de la D\u00e9fense (DOD) \u00e0 un an<\/li>\n\n\n\n<li>Exiger du minist\u00e8re de la D\u00e9fense qu\u2019il prenne des mesures plus importantes pour pr\u00e9venir, att\u00e9nuer et rem\u00e9dier \u00e0 tout rejet de mousses anti-incendie toxiques charg\u00e9es de PFAS<\/li>\n\n\n\n<li>Exiger que le minist\u00e8re de la D\u00e9fense soit plus transparent et mette \u00e0 disposition des dossiers de contamination par les PFAS<\/li>\n\n\n\n<li>Autoriser 15 millions de dollars suppl\u00e9mentaires pour \u00e9tudier les effets des SPFA sur la sant\u00e9<\/li>\n\n\n\n<li>Autoriser la construction de deux nouvelles casernes de pompiers f\u00e9d\u00e9rales situ\u00e9es au d\u00e9p\u00f4t de l\u2019arm\u00e9e de Letterkenny en Pennsylvanie et \u00e0 la base a\u00e9rienne Andrews au Maryland.<\/li>\n<\/ul>\n<\/div><div class=\"wp-block-paragraph \">\n<p>\u00ab La semaine de travail exigeante de 72 heures exig\u00e9e de nos pompiers f\u00e9d\u00e9raux est tout simplement brutale. Je sais de premi\u00e8re main \u00e0 quel point il peut \u00eatre difficile de s\u2019occuper de questions personnelles ou familiales sans la flexibilit\u00e9 des quarts de travail \u00bb, d\u00e9clare le pr\u00e9sident g\u00e9n\u00e9ral Edward Kelly. \u00ab La correction de cet oubli est attendue depuis longtemps, et je suis convaincu que cette victoire l\u00e9gislative contribuera grandement \u00e0 r\u00e9tablir l\u2019\u00e9quilibre travail-vie personnelle des personnes touch\u00e9es. Je suis \u00e9galement tr\u00e8s heureux que nos confr\u00e8res et s\u0153urs f\u00e9d\u00e9raux aient acc\u00e8s \u00e0 une nouvelle prestation de cong\u00e9 parental pour deuil \u00e0 la suite de la perte d\u2019un enfant. Peut-\u00eatre plus important encore, les dispositions concernant les PFAS toxiques fourniront des outils suppl\u00e9mentaires pour \u00e9teindre le cancer du service d\u2019incendie. <\/p>\n<\/div><div class=\"wp-block-paragraph \">\n<p>La Chambre des repr\u00e9sentants des \u00c9tats-Unis a adopt\u00e9 le projet de loi par un vote de <a href=\"https:\/\/clerk.house.gov\/Votes\/2021405?Page=4\" target=\"_blank\" rel=\"noreferrer noopener\">363 contre 70<\/a> et le S\u00e9nat a adopt\u00e9 le projet de loi par un vote de <a href=\"https:\/\/www.senate.gov\/legislative\/LIS\/roll_call_lists\/roll_call_vote_cfm.cfm?congress=117&amp;session=1&amp;vote=00499\" target=\"_blank\" rel=\"noreferrer noopener\">88 contre 11<\/a>.<\/p>\n<\/div><div class=\"wp-block-paragraph \">\n<p>Lorsque le Congr\u00e8s a modifi\u00e9 la Fair Labor Standards Act (FLSA) en 1985 pour accorder aux pompiers municipaux et \u00e9tatiques une plus grande libert\u00e9 d\u2019\u00e9change de jours de service, aucun avantage similaire n\u2019a \u00e9t\u00e9 accord\u00e9 aux pompiers f\u00e9d\u00e9raux. Avec cette NDAA, la correction accorde finalement la parit\u00e9 des pompiers f\u00e9d\u00e9raux avec leurs fr\u00e8res et s\u0153urs non f\u00e9d\u00e9raux. <\/p>\n<\/div><div class=\"wp-block-paragraph \">\n<p>Les s\u00e9nateurs Chris Van Hollen (D-MD) et Susan Collins (R-ME), ainsi que les repr\u00e9sentants Donald Norcross (D-NJ) et Rob Wittman (R-VA), se sont associ\u00e9s \u00e0 l\u2019AIP pour s\u2019assurer que la disposition soit incluse dans le projet de loi final.<\/p>\n<\/div><div class=\"wp-block-paragraph \">\n<p>Jusqu\u2019\u00e0 pr\u00e9sent, lors du d\u00e9c\u00e8s d\u2019un enfant, les pompiers f\u00e9d\u00e9raux devaient utiliser leurs cong\u00e9s annuels pour combler les absences au travail. La prestation de cong\u00e9 de deuil parental incluse dans le projet de loi offrira deux semaines de cong\u00e9 pay\u00e9 \u00e0 nos membres f\u00e9d\u00e9raux dans de telles circonstances. <\/p>\n<\/div><div class=\"wp-block-paragraph \">\n<p>Enfin, la publication des dossiers de contamination par les PFAS aidera les pompiers f\u00e9d\u00e9raux qui demandent des prestations d\u2019indemnisation des accidents du travail pour les maladies professionnelles.<\/p>\n<\/div>","protected":false},"featured_media":323,"menu_order":0,"template":"","tags":[],"class_list":["post-84133","news","type-news","status-publish","has-post-thumbnail","hentry"],"acf":[],"publishpress_future_workflow_manual_trigger":{"enabledWorkflows":[]},"_links":{"self":[{"href":"https:\/\/www.iaff.org\/fr-ca\/wp-json\/wp\/v2\/news\/84133","targetHints":{"allow":["GET"]}}],"collection":[{"href":"https:\/\/www.iaff.org\/fr-ca\/wp-json\/wp\/v2\/news"}],"about":[{"href":"https:\/\/www.iaff.org\/fr-ca\/wp-json\/wp\/v2\/types\/news"}],"version-history":[{"count":0,"href":"https:\/\/www.iaff.org\/fr-ca\/wp-json\/wp\/v2\/news\/84133\/revisions"}],"wp:featuredmedia":[{"embeddable":true,"href":"https:\/\/www.iaff.org\/fr-ca\/wp-json\/wp\/v2\/media\/323"}],"wp:attachment":[{"href":"https:\/\/www.iaff.org\/fr-ca\/wp-json\/wp\/v2\/media?parent=84133"}],"wp:term":[{"taxonomy":"post_tag","embeddable":true,"href":"https:\/\/www.iaff.org\/fr-ca\/wp-json\/wp\/v2\/tags?post=84133"}],"curies":[{"name":"wp","href":"https:\/\/api.w.org\/{rel}","templated":true}]}}