{"id":84113,"date":"2021-11-11T20:32:18","date_gmt":"2021-11-12T01:32:18","guid":{"rendered":"https:\/\/www.iaff.org\/news\/les-efforts-des-deputes-manitobains-sont-essentiels-a-lelection-de-la-premiere-femme-premiere-ministre\/"},"modified":"2025-07-29T11:53:03","modified_gmt":"2025-07-29T15:53:03","slug":"les-efforts-des-deputes-manitobains-sont-essentiels-a-lelection-de-la-premiere-femme-premiere-ministre","status":"publish","type":"news","link":"https:\/\/www.iaff.org\/fr-ca\/news\/les-efforts-des-deputes-manitobains-sont-essentiels-a-lelection-de-la-premiere-femme-premiere-ministre\/","title":{"rendered":"Les efforts des d\u00e9put\u00e9s manitobains sont essentiels \u00e0 l\u2019\u00e9lection de la premi\u00e8re femme premi\u00e8re ministre"},"content":{"rendered":"\n<figure class=\"wp-block-image aligncenter size-large\"><img decoding=\"async\" src=\"https:\/\/www.iaff.org\/wp-content\/uploads\/\/IMG_8125-225x300.jpg\" alt=\"\"><figcaption class=\"wp-element-caption\">Le pr\u00e9sident de la MPFFA et de la section locale 867 de Winnipeg et administrateur canadien de l\u2019AIP, Alex Forrest, en compagnie de la premi\u00e8re ministre du Manitoba, Heather Stefanson<\/figcaption><\/figure>\n<div class=\"wp-block-paragraph \">\n<p>Heather Stefanson a \u00e9t\u00e9 asserment\u00e9e comme nouvelle premi\u00e8re ministre du Manitoba \u00e0 la suite d\u2019une \u00e9lection tr\u00e8s serr\u00e9e et tr\u00e8s disput\u00e9e. Son \u00e9lection en tant que premi\u00e8re femme premi\u00e8re ministre de la province est en grande partie due au travail des membres de l\u2019AIP. L\u2019AIP dit depuis longtemps aux dirigeants \u00e9lus que nous n\u2019avons pas de questions lib\u00e9rales ou conservatrices \u2013 nous avons des questions de pompiers.  <\/p>\n<\/div><div class=\"wp-block-paragraph \">\n<p>Lors du d\u00e9compte final des votes, Stefanson a gagn\u00e9 par 363 voix; la marge de victoire a \u00e9t\u00e9 d\u00e9cid\u00e9e par le travail des sections locales de la Manitoba Professional Fire Fighters Association (MPFFA), y compris la section locale 2200 de Thompson. Ces efforts ont \u00e9t\u00e9 men\u00e9s par la section locale 867 des Pompiers unis de Winnipeg et le conseil ex\u00e9cutif de la MPFFA, qui a men\u00e9 une campagne communautaire pour obtenir le vote. Dans les jours pr\u00e9c\u00e9dant l\u2019\u00e9lection, les pompiers se sont mobilis\u00e9s et ont obtenu plus de 800 membres de la base conservatrice qui ont men\u00e9 Stefanson \u00e0 sa victoire.  <\/p>\n<\/div>\n<figure class=\"wp-block-image aligncenter size-large\"><img decoding=\"async\" src=\"https:\/\/www.iaff.org\/wp-content\/uploads\/\/IMG_8130-225x300.jpg\" alt=\"\"><figcaption class=\"wp-element-caption\">Le pr\u00e9sident de la section locale 2200 de Thompson, Travis Mirus, et la premi\u00e8re ministre du Manitoba, Heather Stefanson<\/figcaption><\/figure>\n<div class=\"wp-block-paragraph \">\n<p>La premi\u00e8re ministre Stefanson s\u2019est engag\u00e9e \u00e0 accro\u00eetre la couverture des pompiers du Manitoba pour inclure les cancers du pancr\u00e9as, de la thyro\u00efde et de l\u2019ovaire et du col de l\u2019ut\u00e9rus.<\/p>\n<\/div><div class=\"wp-block-paragraph \">\n<p>\u00ab Je suis tr\u00e8s reconnaissante du travail accompli par les pompiers professionnels du Manitoba, a d\u00e9clar\u00e9 la premi\u00e8re ministre Stefanson. \u00ab J\u2019ai toujours \u00e9t\u00e9 soutenu et j\u2019ai \u00e9t\u00e9 tr\u00e8s heureux de les voir venir en nombre pour soutenir ma candidature. J\u2019ai h\u00e2te de poursuivre notre important travail ensemble. <\/p>\n<\/div><div class=\"wp-block-paragraph \">\n<p>Alex Forrest, administrateur canadien de l\u2019AIP et pr\u00e9sident de la section locale 867 de Winnipeg et du MPFFA, d\u00e9clare : \u00ab Nous appuierons toujours nos amis \u00e9lus. La d\u00e9signation du parti n\u2019a pas d\u2019importance. Si vous soutenez les pompiers et nos enjeux, nous vous soutiendrons.<\/p>\n<\/div><div class=\"wp-block-paragraph \">\n<p>Le pr\u00e9sident de la section locale 2200 de Thompson, Travis Mirus, ajoute : \u00ab Je suis tr\u00e8s fier de nos membres qui ont compris l\u2019importance cruciale de cette \u00e9lection et se sont impliqu\u00e9s. Heather a m\u00e9rit\u00e9 nos votes et nous avons h\u00e2te de travailler avec elle pour am\u00e9liorer la vie de nos pompiers et de leurs familles.<\/p>\n<\/div><div class=\"wp-block-paragraph \">\n<p>\u00ab La politique et les \u00e9lections sont essentielles \u00e0 notre travail en tant que syndicat \u00bb, a d\u00e9clar\u00e9 le pr\u00e9sident g\u00e9n\u00e9ral Edward Kelly, \u00ab Nos membres manitobains se sont lev\u00e9s et se sont d\u00e9marqu\u00e9s; Leur succ\u00e8s servira de mod\u00e8le pour les futures campagnes dans nos deux pays.<\/p>\n<\/div>","protected":false},"featured_media":825,"menu_order":0,"template":"","tags":[],"class_list":["post-84113","news","type-news","status-publish","has-post-thumbnail","hentry"],"acf":[],"publishpress_future_workflow_manual_trigger":{"enabledWorkflows":[]},"_links":{"self":[{"href":"https:\/\/www.iaff.org\/fr-ca\/wp-json\/wp\/v2\/news\/84113","targetHints":{"allow":["GET"]}}],"collection":[{"href":"https:\/\/www.iaff.org\/fr-ca\/wp-json\/wp\/v2\/news"}],"about":[{"href":"https:\/\/www.iaff.org\/fr-ca\/wp-json\/wp\/v2\/types\/news"}],"version-history":[{"count":0,"href":"https:\/\/www.iaff.org\/fr-ca\/wp-json\/wp\/v2\/news\/84113\/revisions"}],"wp:featuredmedia":[{"embeddable":true,"href":"https:\/\/www.iaff.org\/fr-ca\/wp-json\/wp\/v2\/media\/825"}],"wp:attachment":[{"href":"https:\/\/www.iaff.org\/fr-ca\/wp-json\/wp\/v2\/media?parent=84113"}],"wp:term":[{"taxonomy":"post_tag","embeddable":true,"href":"https:\/\/www.iaff.org\/fr-ca\/wp-json\/wp\/v2\/tags?post=84113"}],"curies":[{"name":"wp","href":"https:\/\/api.w.org\/{rel}","templated":true}]}}