{"id":82926,"date":"2025-01-14T12:30:35","date_gmt":"2025-01-14T17:30:35","guid":{"rendered":"https:\/\/www.iaff.org\/news\/histoire-dune-survivante-du-cancer-sheryl-rodgers\/"},"modified":"2025-02-18T15:54:32","modified_gmt":"2025-02-18T20:54:32","slug":"histoire-dune-survivante-du-cancer-sheryl-rodgers","status":"publish","type":"news","link":"https:\/\/www.iaff.org\/fr-ca\/news\/histoire-dune-survivante-du-cancer-sheryl-rodgers\/","title":{"rendered":"Histoire d\u2019une survivante du cancer : Sheryl Rodgers"},"content":{"rendered":"<section\n\t class=\"page-blocks iaff-page-blocks align wp-block-acf-page-blocks\" id=\"page-blocks_block_eee7a4d63a2ee0077f4619b296679e1e\">\n\t<div class=\"acf-innerblocks-container\">\n<div class=\"wp-block-paragraph \">\n<p class=\"has-drop-cap\">En 2013, apr\u00e8s 16 ans de service au service d\u2019incendie de Jacksonville et seulement trois jours apr\u00e8s mon 38e anniversaire, j\u2019ai re\u00e7u un diagnostic de cancer du sein droit triple n\u00e9gatif de stade 2.  <\/p>\n<\/div>\n\n<div class=\"wp-block-paragraph \">\n<p>Les m\u00e9decins m\u2019ont dit que c\u2019\u00e9tait la forme de cancer du sein la plus rare, la plus rapide et la plus agressive avec le plus grand risque de r\u00e9cidive (80% dans les cinq ans). Au moment de mon diagnostic, j\u2019avais deux jeunes enfants (\u00e2g\u00e9s de 12 et 13 ans), je venais d\u2019\u00e9pouser mon deuxi\u00e8me mari quatre mois auparavant et nous venions de commencer \u00e0 r\u00e9nover notre maison nouvellement achet\u00e9e.   <\/p>\n<\/div>\n\n<div class=\"wp-block-paragraph \">\n<p>Alors, je me suis mis au travail pour lutter contre cette maladie avec tout ce que j\u2019avais.  <\/p>\n<\/div>\n\n<div class=\"wp-block-paragraph \">\n<p>Au cours des six mois suivants, j\u2019ai subi 16 cycles de chimioth\u00e9rapie agressive. J\u2019ai imm\u00e9diatement perdu mes cheveux. La chimioth\u00e9rapie \u00e9tait difficile, et la plupart du temps, j\u2019avais l\u2019impression d\u2019avoir \u00e9t\u00e9 \u00e9cras\u00e9e et laiss\u00e9e pour morte.    <\/p>\n<\/div>\n\n<div class=\"wp-block-paragraph \">\n<p>J\u2019ai termin\u00e9 l\u2019ann\u00e9e en subissant une double mastectomie avec reconstruction. C\u2019\u00e9tait une chirurgie intensive, et je passais plusieurs jours aux soins intensifs et je subissais deux transfusions sanguines.   <\/p>\n<\/div>\n\n<div class=\"wp-block-paragraph \">\n<p>Au cours de ma bataille, j\u2019ai demand\u00e9 \u00e0 beaucoup de mes fr\u00e8res et s\u0153urs pompiers de se porter volontaires pour travailler mes quarts de travail. Un groupe d\u2019entre eux a organis\u00e9 un tirage au sort pour m\u2019aider financi\u00e8rement. L\u2019effusion de soutien du \u00ab\u00a0feu\u00a0\u00bb \u00e9tait incroyable.    <\/p>\n<\/div>\n\n\n<figure class=\"wp-block-gallery has-nested-images columns-default is-cropped wp-block-gallery-1 is-layout-flex wp-block-gallery-is-layout-flex\">\n<figure data-wp-context=\"{&quot;imageId&quot;:&quot;69f3291dab784&quot;}\" data-wp-interactive=\"core\/image\" data-wp-key=\"69f3291dab784\" class=\"wp-block-image size-large wp-lightbox-container\"><img decoding=\"async\" width=\"223\" height=\"284\" data-wp-class--hide=\"state.isContentHidden\" data-wp-class--show=\"state.isContentVisible\" data-wp-init=\"callbacks.setButtonStyles\" data-wp-on--click=\"actions.showLightbox\" data-wp-on--load=\"callbacks.setButtonStyles\" data-wp-on-window--resize=\"callbacks.setButtonStyles\" data-id=\"82916\" src=\"https:\/\/www.iaff.org\/wp-content\/uploads\/2025\/01\/Sheryl-Rodgers-3.jpg\" alt=\"\" class=\"wp-image-82916\" srcset=\"https:\/\/www.iaff.org\/wp-content\/uploads\/2025\/01\/Sheryl-Rodgers-3.jpg 223w, https:\/\/www.iaff.org\/wp-content\/uploads\/2025\/01\/Sheryl-Rodgers-3-188x240.jpg 188w\" sizes=\"(max-width: 223px) 100vw, 223px\" \/><button\n\t\t\tclass=\"lightbox-trigger\"\n\t\t\ttype=\"button\"\n\t\t\taria-haspopup=\"dialog\"\n\t\t\taria-label=\"Enlarge\"\n\t\t\tdata-wp-init=\"callbacks.initTriggerButton\"\n\t\t\tdata-wp-on--click=\"actions.showLightbox\"\n\t\t\tdata-wp-style--right=\"state.imageButtonRight\"\n\t\t\tdata-wp-style--top=\"state.imageButtonTop\"\n\t\t>\n\t\t\t<svg xmlns=\"http:\/\/www.w3.org\/2000\/svg\" width=\"12\" height=\"12\" fill=\"none\" viewBox=\"0 0 12 12\">\n\t\t\t\t<path fill=\"#fff\" d=\"M2 0a2 2 0 0 0-2 2v2h1.5V2a.5.5 0 0 1 .5-.5h2V0H2Zm2 10.5H2a.5.5 0 0 1-.5-.5V8H0v2a2 2 0 0 0 2 2h2v-1.5ZM8 12v-1.5h2a.5.5 0 0 0 .5-.5V8H12v2a2 2 0 0 1-2 2H8Zm2-12a2 2 0 0 1 2 2v2h-1.5V2a.5.5 0 0 0-.5-.5H8V0h2Z\" \/>\n\t\t\t<\/svg>\n\t\t<\/button><\/figure>\n\n\n\n<figure data-wp-context=\"{&quot;imageId&quot;:&quot;69f3291dac8a7&quot;}\" data-wp-interactive=\"core\/image\" data-wp-key=\"69f3291dac8a7\" class=\"wp-block-image size-large wp-lightbox-container\"><img decoding=\"async\" width=\"496\" height=\"496\" data-wp-class--hide=\"state.isContentHidden\" data-wp-class--show=\"state.isContentVisible\" data-wp-init=\"callbacks.setButtonStyles\" data-wp-on--click=\"actions.showLightbox\" data-wp-on--load=\"callbacks.setButtonStyles\" data-wp-on-window--resize=\"callbacks.setButtonStyles\" data-id=\"82918\" src=\"https:\/\/www.iaff.org\/wp-content\/uploads\/2025\/01\/Sheryl-Rodgers-2.jpg\" alt=\"\" class=\"wp-image-82918\" srcset=\"https:\/\/www.iaff.org\/wp-content\/uploads\/2025\/01\/Sheryl-Rodgers-2.jpg 496w, https:\/\/www.iaff.org\/wp-content\/uploads\/2025\/01\/Sheryl-Rodgers-2-300x300.jpg 300w, https:\/\/www.iaff.org\/wp-content\/uploads\/2025\/01\/Sheryl-Rodgers-2-150x150.jpg 150w, https:\/\/www.iaff.org\/wp-content\/uploads\/2025\/01\/Sheryl-Rodgers-2-240x240.jpg 240w\" sizes=\"(max-width: 496px) 100vw, 496px\" \/><button\n\t\t\tclass=\"lightbox-trigger\"\n\t\t\ttype=\"button\"\n\t\t\taria-haspopup=\"dialog\"\n\t\t\taria-label=\"Enlarge\"\n\t\t\tdata-wp-init=\"callbacks.initTriggerButton\"\n\t\t\tdata-wp-on--click=\"actions.showLightbox\"\n\t\t\tdata-wp-style--right=\"state.imageButtonRight\"\n\t\t\tdata-wp-style--top=\"state.imageButtonTop\"\n\t\t>\n\t\t\t<svg xmlns=\"http:\/\/www.w3.org\/2000\/svg\" width=\"12\" height=\"12\" fill=\"none\" viewBox=\"0 0 12 12\">\n\t\t\t\t<path fill=\"#fff\" d=\"M2 0a2 2 0 0 0-2 2v2h1.5V2a.5.5 0 0 1 .5-.5h2V0H2Zm2 10.5H2a.5.5 0 0 1-.5-.5V8H0v2a2 2 0 0 0 2 2h2v-1.5ZM8 12v-1.5h2a.5.5 0 0 0 .5-.5V8H12v2a2 2 0 0 1-2 2H8Zm2-12a2 2 0 0 1 2 2v2h-1.5V2a.5.5 0 0 0-.5-.5H8V0h2Z\" \/>\n\t\t\t<\/svg>\n\t\t<\/button><\/figure>\n<\/figure>\n\n\n<div class=\"wp-block-paragraph \">\n<p>Je me souviens qu\u2019imm\u00e9diatement apr\u00e8s mon diagnostic, j\u2019ai \u00e9t\u00e9 envoy\u00e9e chez un g\u00e9n\u00e9ticien parce que les m\u00e9decins semblaient perplexes quant \u00e0 la raison pour laquelle une femme de 38 ans sans ant\u00e9c\u00e9dents familiaux de cancer du sein qui avait \u00e9galement \u00e9t\u00e9 test\u00e9e n\u00e9gative pour le g\u00e8ne BRCA d\u00e9velopperait cette forme la plus rare et la plus agressive de cancer du sein. Malheureusement, parce que j\u2019avais d\u00e9j\u00e0 vu plusieurs de mes fr\u00e8res pompiers succomber au cancer, j\u2019\u00e9tais \u00e0 peu pr\u00e8s certain de conna\u00eetre la r\u00e9ponse.   <\/p>\n<\/div>\n\n<div class=\"wp-block-paragraph \">\n<p>\u00c0 ce jour, les g\u00e9n\u00e9ticiens ont \u00e9t\u00e9 incapables d\u2019identifier un marqueur g\u00e9n\u00e9tique ou une pr\u00e9disposition \u00e0 mon cancer.  <\/p>\n<\/div>\n\n<div class=\"wp-block-paragraph \">\n<p>J\u2019ai eu la chance et la chance d\u2019avoir surv\u00e9cu \u00e0 mon cancer. Je sais que je suis l\u2019un des chanceux. Depuis, je me suis donn\u00e9 pour mission d\u2019apprendre tout ce que je peux sur l\u2019exposition des pompiers et les risques de cancer, et je fais tout ce que je peux pour \u00e9duquer les autres sur ces risques.    <\/p>\n<\/div>\n\n\n<figure class=\"wp-block-pullquote\"><blockquote><p>Alors, je me suis mis au travail pour lutter contre cette maladie avec tout ce que j\u2019avais.<\/p><cite>Sheryl rodgers<\/cite><\/blockquote><\/figure>\n\n\n<div class=\"wp-block-paragraph \">\n<p>J\u2019ai \u00e9galement travaill\u00e9 tr\u00e8s fort pour aider mon minist\u00e8re \u00e0 am\u00e9liorer la sant\u00e9 et la s\u00e9curit\u00e9 de nos propres membres. J\u2019ai \u00e9t\u00e9 le coordonnateur de l\u2019\u00e9quipe FACE (Firefighters Attacking the Cancer Epidemic) de notre d\u00e9partement, j\u2019ai assist\u00e9 \u00e0 de nombreuses conf\u00e9rences sur la sant\u00e9 et la s\u00e9curit\u00e9 des pompiers, j\u2019ai enseign\u00e9 des cours de sensibilisation et de pr\u00e9vention du cancer aux pompiers aux recrues des pompiers et aux officiers de compagnie de mon d\u00e9partement ainsi qu\u2019\u00e0 plusieurs d\u00e9partements environnants de ma r\u00e9gion, j\u2019ai parl\u00e9 sur ma station de radio NPR locale,  et m\u00eame \u00e9t\u00e9 pr\u00e9sent\u00e9 dans un documentaire pour partager mon histoire et \u00e9duquer les autres sur le risque accru de cancers auxquels les pompiers sont confront\u00e9s. R\u00e9cemment, j\u2019ai \u00e9galement commenc\u00e9 \u00e0 encadrer d\u2019autres pompiers qui ont re\u00e7u un diagnostic de cancer.    <\/p>\n<\/div>\n\n<div class=\"wp-block-paragraph \">\n<p>Je me suis souvent demand\u00e9\u00a0: \u00ab\u00a0Pourquoi moi\u00a0?\u00a0\u00bb Au d\u00e9but, cette question \u00e9tait plus lamentante, mais au fil du temps, elle a progress\u00e9 vers un plus grand sens de l\u2019objectif. Pourquoi ai-je eu le cancer\u00a0? Pourquoi ai-je eu la chance d\u2019\u00eatre l\u2019un de ceux qui ont surv\u00e9cu\u00a0? Je dois croire que tout arrive pour une raison. Je dois croire qu\u2019il y avait un but \u00e0 ce que moi (et ma famille) avons v\u00e9cu.       <\/p>\n<\/div>\n\n<div class=\"wp-block-paragraph \">\n<p>J\u2019esp\u00e8re que mes efforts depuis ma propre lutte contre le cancer auront emp\u00each\u00e9 ne serait-ce qu\u2019un seul pompier de plus de faire face \u00e0 cette horrible maladie et peut-\u00eatre conduire \u00e0 un changement culturel qui rend notre travail plus s\u00fbr pour la future g\u00e9n\u00e9ration de pompiers.  <\/p>\n<\/div>\n\n<div class=\"wp-block-paragraph \">\n<p>Si tel est le r\u00e9sultat, alors &#8211; pour moi &#8211; tout cela en aura valu la peine. J\u2019ai vu beaucoup trop de mes fr\u00e8res et s\u0153urs lutter contre le cancer ou succomber au cancer. Assez c\u2019est assez. Cela doit changer\u00a0!     <\/p>\n<\/div>\n\n<div class=\"wp-block-paragraph \">\n<p>***<\/p>\n<\/div>\n\n<div class=\"wp-block-paragraph \">\n<p><em>Ces t\u00e9moignages de survivants de membres de l\u2019AIP ont \u00e9t\u00e9 recueillis par le <a href=\"https:\/\/www.firefightercancersupport.org\/\" data-type=\"link\" data-id=\"https:\/\/www.firefightercancersupport.org\/\" target=\"_blank\" rel=\"noopener\">Firefighter Cancer Support Network<\/a> pour le <a href=\"https:\/\/www.iaff.org\/fr-ca\/mois-de-la-sensibilisation-du-cancer-chez-les-pompiers\/\" data-type=\"link\" data-id=\"https:\/\/www.iaff.org\/cancer-awareness-month\/\">Mois de la sensibilisation au cancer chez les pompiers<\/a> en janvier.<\/em><\/p>\n<\/div>\n<\/div><\/section>\n","protected":false},"featured_media":82910,"menu_order":0,"template":"","tags":[88],"class_list":["post-82926","news","type-news","status-publish","has-post-thumbnail","hentry","tag-cancer-fr-ca"],"acf":[],"publishpress_future_workflow_manual_trigger":{"enabledWorkflows":[]},"_links":{"self":[{"href":"https:\/\/www.iaff.org\/fr-ca\/wp-json\/wp\/v2\/news\/82926","targetHints":{"allow":["GET"]}}],"collection":[{"href":"https:\/\/www.iaff.org\/fr-ca\/wp-json\/wp\/v2\/news"}],"about":[{"href":"https:\/\/www.iaff.org\/fr-ca\/wp-json\/wp\/v2\/types\/news"}],"version-history":[{"count":0,"href":"https:\/\/www.iaff.org\/fr-ca\/wp-json\/wp\/v2\/news\/82926\/revisions"}],"wp:featuredmedia":[{"embeddable":true,"href":"https:\/\/www.iaff.org\/fr-ca\/wp-json\/wp\/v2\/media\/82910"}],"wp:attachment":[{"href":"https:\/\/www.iaff.org\/fr-ca\/wp-json\/wp\/v2\/media?parent=82926"}],"wp:term":[{"taxonomy":"post_tag","embeddable":true,"href":"https:\/\/www.iaff.org\/fr-ca\/wp-json\/wp\/v2\/tags?post=82926"}],"curies":[{"name":"wp","href":"https:\/\/api.w.org\/{rel}","templated":true}]}}