{"id":82170,"date":"2025-01-05T16:52:24","date_gmt":"2025-01-05T21:52:24","guid":{"rendered":"https:\/\/www.iaff.org\/news\/la-loi-sur-lequite-en-matiere-de-securite-sociale-devient-loi\/"},"modified":"2025-01-06T21:52:58","modified_gmt":"2025-01-07T02:52:58","slug":"la-loi-sur-lequite-en-matiere-de-securite-sociale-devient-loi","status":"publish","type":"news","link":"https:\/\/www.iaff.org\/fr-ca\/news\/la-loi-sur-lequite-en-matiere-de-securite-sociale-devient-loi\/","title":{"rendered":"La Loi sur l\u2019\u00e9quit\u00e9 en mati\u00e8re de s\u00e9curit\u00e9 sociale devient loi"},"content":{"rendered":"<section\n\t class=\"page-blocks iaff-page-blocks align wp-block-acf-page-blocks\" id=\"page-blocks_block_858a293eca19ef20e030985c8168810a\">\n\t<div class=\"acf-innerblocks-container\">\n<div class=\"wp-block-paragraph \">\n<p>Aujourd\u2019hui, le pr\u00e9sident Joe Biden a promulgu\u00e9 la Loi sur l\u2019\u00e9quit\u00e9 en mati\u00e8re de s\u00e9curit\u00e9 sociale.<\/p>\n<\/div>\n\n<div class=\"wp-block-paragraph \">\n<p>La l\u00e9gislation bipartite abroge officiellement la disposition d\u2019\u00e9limination des b\u00e9n\u00e9fices exceptionnels (WEP) et la compensation de pension du gouvernement (GPO), des p\u00e9nalit\u00e9s injustes qui r\u00e9duisent les prestations de retraite pour les pompiers, les policiers, les enseignants et les autres travailleurs de la fonction publique.<\/p>\n<\/div>\n\n<div class=\"wp-block-paragraph \">\n<p>Maintenant, ces fonctionnaires \u00e0 la retraite ne seront plus p\u00e9nalis\u00e9s par les dispositions, certains voyant jusqu\u2019\u00e0 587 $ augmenter leurs prestations mensuelles.<\/p>\n<\/div>\n\n<div class=\"wp-block-paragraph \">\n<p>Le pr\u00e9sident g\u00e9n\u00e9ral de l\u2019AIP, Edward Kelly, a c\u00e9l\u00e9br\u00e9 la signature de cette loi historique.<\/p>\n<\/div>\n\n<div class=\"wp-block-paragraph \">\n<p>  \u00ab\u00a0Apr\u00e8s 40 ans d\u2019\u00eatre trait\u00e9s comme des citoyens de seconde zone, un tort a finalement \u00e9t\u00e9 redress\u00e9, et des millions de retrait\u00e9s peuvent se permettre de prendre leur retraite dans la dignit\u00e9 &#8211; et avec les prestations de s\u00e9curit\u00e9 sociale qu\u2019ils ont gagn\u00e9es et vers\u00e9es\u00a0\u00bb, a-t-il d\u00e9clar\u00e9. \u00ab\u00a0L\u2019abrogation du WEP \/ GPO a \u00e9t\u00e9 l\u2019une de mes principales priorit\u00e9s en tant que pr\u00e9sident g\u00e9n\u00e9ral. <\/p>\n<\/div>\n\n<div class=\"wp-block-paragraph \">\n<p>\u00ab Nous n\u2019avons jamais l\u00e2ch\u00e9 prise, et gr\u00e2ce \u00e0 des alli\u00e9s comme le pr\u00e9sident du FOP Pat Yoes et la pr\u00e9sidente de l\u2019AFT Randi Weingarten, nous avons pu entrer dans l\u2019histoire pour les fonctionnaires am\u00e9ricains \u00e0 la retraite \u00bb, a d\u00e9clar\u00e9 Kelly.<\/p>\n<\/div>\n\n<div class=\"wp-block-paragraph \">\n<p>L\u2019AIP <a href=\"https:\/\/www.iaff.org\/fr-ca\/news\/schumer-sengage-a-mettre-labrogation-du-wep-gpo-pour-un-vote-lors-du-rassemblement-syndical-dirige-par-laip\/\">a men\u00e9 la lutte<\/a> pour l\u2019abrogation du WEP et du GPO, en partenariat avec d\u2019autres syndicats et membres du Congr\u00e8s pour faire passer le projet de loi \u00e0 la Chambre des repr\u00e9sentants et au S\u00e9nat.<\/p>\n<\/div>\n\n<div class=\"wp-block-paragraph \">\n<p>\u00ab\u00a0Je tiens \u00e0 remercier les parrains de la Loi sur l\u2019\u00e9quit\u00e9 en mati\u00e8re de s\u00e9curit\u00e9 sociale &#8211; les repr\u00e9sentants Abigail Spanberger (D-VA) et Garret Graves (R-LA) \u00e0 la Chambre et les s\u00e9nateurs Sherrod Brown (D-OH) et Susan Collins (R-ME) &#8211; pour leur soutien ind\u00e9fectible \u00e0 nos membres tout au long de ce processus\u00a0\u00bb, a d\u00e9clar\u00e9 Kelly. \u00ab Ils n\u2019ont jamais perdu de vue la mission et ont jou\u00e9 un r\u00f4le essentiel dans la mise en \u0153uvre de ce projet de loi. \u00bb   <\/p>\n<\/div>\n\n<div class=\"wp-block-paragraph \">\n<p>Pour en savoir plus sur le travail de l\u2019AIP pour faire entrer la Loi sur l\u2019\u00e9quit\u00e9 en mati\u00e8re de s\u00e9curit\u00e9 sociale, visitez notre site Web <a href=\"https:\/\/www.iaff.org\/fr-ca\/news\/le-senat-adopte-la-loi-sur-lequite-en-matiere-de-securite-sociale-envoie-labrogation-du-wep-gpo-a-la-maison-blanche\/\">ici.<\/a><\/p>\n<\/div>\n<\/div><\/section>\n\n<figure class=\"wp-block-image aligncenter size-large is-resized\"><img decoding=\"async\" width=\"768\" height=\"1024\" src=\"https:\/\/www.iaff.org\/wp-content\/uploads\/2025\/01\/IMG_4922-768x1024.jpg\" alt=\"\" class=\"wp-image-82141\" style=\"width:468px;height:auto\" srcset=\"https:\/\/www.iaff.org\/wp-content\/uploads\/2025\/01\/IMG_4922-768x1024.jpg 768w, https:\/\/www.iaff.org\/wp-content\/uploads\/2025\/01\/IMG_4922-225x300.jpg 225w, https:\/\/www.iaff.org\/wp-content\/uploads\/2025\/01\/IMG_4922-1152x1536.jpg 1152w, https:\/\/www.iaff.org\/wp-content\/uploads\/2025\/01\/IMG_4922-1536x2048.jpg 1536w, https:\/\/www.iaff.org\/wp-content\/uploads\/2025\/01\/IMG_4922-180x240.jpg 180w, https:\/\/www.iaff.org\/wp-content\/uploads\/2025\/01\/IMG_4922-600x800.jpg 600w, https:\/\/www.iaff.org\/wp-content\/uploads\/2025\/01\/IMG_4922-608x810.jpg 608w\" sizes=\"(max-width: 768px) 100vw, 768px\" \/><figcaption class=\"wp-element-caption\">Le gp Kelly et le capitaine des pompiers de Canton \u00e0 la retraite Carl Jordan assistent \u00e0 la c\u00e9r\u00e9monie de signature de la loi sur l\u2019\u00e9quit\u00e9 de la s\u00e9curit\u00e9 sociale \u00e0 la Maison Blanche.  <\/figcaption><\/figure>\n","protected":false},"featured_media":82134,"menu_order":0,"template":"","tags":[61],"class_list":["post-82170","news","type-news","status-publish","has-post-thumbnail","hentry","tag-legislation-etatsunienne"],"acf":[],"publishpress_future_workflow_manual_trigger":{"enabledWorkflows":[]},"_links":{"self":[{"href":"https:\/\/www.iaff.org\/fr-ca\/wp-json\/wp\/v2\/news\/82170","targetHints":{"allow":["GET"]}}],"collection":[{"href":"https:\/\/www.iaff.org\/fr-ca\/wp-json\/wp\/v2\/news"}],"about":[{"href":"https:\/\/www.iaff.org\/fr-ca\/wp-json\/wp\/v2\/types\/news"}],"version-history":[{"count":0,"href":"https:\/\/www.iaff.org\/fr-ca\/wp-json\/wp\/v2\/news\/82170\/revisions"}],"wp:featuredmedia":[{"embeddable":true,"href":"https:\/\/www.iaff.org\/fr-ca\/wp-json\/wp\/v2\/media\/82134"}],"wp:attachment":[{"href":"https:\/\/www.iaff.org\/fr-ca\/wp-json\/wp\/v2\/media?parent=82170"}],"wp:term":[{"taxonomy":"post_tag","embeddable":true,"href":"https:\/\/www.iaff.org\/fr-ca\/wp-json\/wp\/v2\/tags?post=82170"}],"curies":[{"name":"wp","href":"https:\/\/api.w.org\/{rel}","templated":true}]}}