{"id":81720,"date":"2024-12-16T09:00:00","date_gmt":"2024-12-16T14:00:00","guid":{"rendered":"https:\/\/www.iaff.org\/news\/colts-dindianapolis-danny-pinter-porte-des-crampons-personnalises-en-lhonneur-des-pompiers-tombes-au-combat\/"},"modified":"2025-06-20T16:14:05","modified_gmt":"2025-06-20T20:14:05","slug":"colts-dindianapolis-danny-pinter-porte-des-crampons-personnalises-en-lhonneur-des-pompiers-tombes-au-combat","status":"publish","type":"news","link":"https:\/\/www.iaff.org\/fr-ca\/news\/colts-dindianapolis-danny-pinter-porte-des-crampons-personnalises-en-lhonneur-des-pompiers-tombes-au-combat\/","title":{"rendered":"Danny Pinter des Colts d\u2019Indianapolis porte des crampons personnalis\u00e9s en l\u2019honneur des pompiers tomb\u00e9s au combat"},"content":{"rendered":"<section\n\t class=\"page-blocks iaff-page-blocks align wp-block-acf-page-blocks\" id=\"page-blocks_block_ac06959f16c84de9d0f8f41bd283736d\">\n\t<div class=\"acf-innerblocks-container\">\n<div class=\"wp-block-paragraph \">\n<p>Lorsque le joueur de ligne offensive des Colts d\u2019Indianapolis Danny Pinter a commenc\u00e9 \u00e0 porter des crampons personnalis\u00e9s pour <a href=\"https:\/\/www.nfl.com\/causes\/my-cause-my-cleats\/\" target=\"_blank\" rel=\"noreferrer noopener\">l\u2019initiative<\/a> \u00ab My Cause, My Cleats \u00bb de la NFL, il avait un objectif clair en t\u00eate &#8211; honorer les h\u00e9ros tomb\u00e9s du service d\u2019incendie. <\/p>\n<\/div>\n\n<div class=\"wp-block-paragraph \">\n<p>Chaque ann\u00e9e, au cours des semaines 13 et 14 de la saison, les joueurs de la NFL portent <a href=\"https:\/\/www.indystar.com\/story\/sports\/nfl\/colts\/2021\/12\/02\/my-cause-my-cleats-colts-players-and-staff-support-charities\/8835460002\/\" target=\"_blank\" rel=\"noreferrer noopener\">des crampons personnalis\u00e9s<\/a> pour sensibiliser aux causes significatives, et depuis son lancement en 2016, la campagne a donn\u00e9 aux joueurs et au personnel l\u2019occasion de mettre en valeur les organisations qu\u2019ils soutiennent. <\/p>\n<\/div>\n\n<div class=\"wp-block-paragraph \">\n<p>Cette ann\u00e9e, plus de 60 joueurs et membres du personnel des Colts, dont Danny, ont pris part \u00e0 l\u2019initiative. <\/p>\n<\/div>\n\n<div class=\"wp-block-paragraph \">\n<p>Matt Pinter, de la section locale 4416, dit que l\u2019inspiration pour les crampons a \u00e9t\u00e9 d\u00e9clench\u00e9e par une conversation avec son fr\u00e8re. <\/p>\n<\/div>\n\n<div class=\"wp-block-paragraph \">\n<p>\u00ab Cela a commenc\u00e9 au cours de son ann\u00e9e recrue quand il m\u2019a contact\u00e9 pour faire quelque chose pour le service d\u2019incendie avec ses crampons. Nous avons eu l\u2019id\u00e9e de parrainer localement quelqu\u2019un qui \u00e9tait d\u00e9c\u00e9d\u00e9 dans l\u2019exercice de ses fonctions au cours de la derni\u00e8re ann\u00e9e ou quelques ann\u00e9es auparavant. \u00c0 ce moment-l\u00e0, c\u2019est le pr\u00e9sident de la section locale 4416, Tony Murray, qui m\u2019a aid\u00e9 avec quelques noms \u00bb, a d\u00e9clar\u00e9 Matt. <\/p>\n<\/div>\n\n\n<figure class=\"wp-block-pullquote\"><blockquote><p>C\u2019est vraiment sp\u00e9cial pour moi de voir Danny utiliser sa plate-forme pour soutenir le service d\u2019incendie.<\/p><cite>Matt Pinter, pompier de la section locale 4416<\/cite><\/blockquote><\/figure>\n\n\n<div class=\"wp-block-paragraph \">\n<p><\/p>\n<\/div>\n\n<div class=\"wp-block-paragraph \">\n<p>Matt dit que son fr\u00e8re a choisi le nom d\u2019un pompier local \u00e0 inclure au cours des derni\u00e8res ann\u00e9es. <\/p>\n<\/div>\n\n<div class=\"wp-block-paragraph \">\n<p>\u00ab Cette ann\u00e9e, il a choisi un pompier qui faisait partie de mon service b\u00e9n\u00e9vole, Josh Reed \u00bb, a d\u00e9clar\u00e9 Matt. \u00ab Il est d\u00e9c\u00e9d\u00e9 d\u2019un cancer au cours de la derni\u00e8re ann\u00e9e. Alors, il a mis le nom de Josh sur le devant de ses crampons. C\u2019est vraiment sp\u00e9cial pour moi de voir Danny utiliser sa plate-forme pour soutenir le service d\u2019incendie. \u00bb  <\/p>\n<\/div>\n\n<div class=\"wp-block-paragraph \">\n<p>Erik Scheub, directeur des communications de la section locale 4416, a parl\u00e9 des fr\u00e8res Pinter et de leur d\u00e9vouement \u00e0 la cause et au service d\u2019incendie. <\/p>\n<\/div>\n\n<div class=\"wp-block-paragraph \">\n<p>\u00ab Matt est l\u2019un de ces gars qui est bon dans tout \u00bb, a d\u00e9clar\u00e9 Scheub. \u00ab C\u2019est l\u2019un de ces pompiers en qui vous pouvez avoir confiance de se pr\u00e9senter tous les jours et aider les autres \u00e0 s\u2019am\u00e9liorer au travail. \u00bb Il a ajout\u00e9 : \u00ab Il est important que Danny participe, en soulignant les membres qui ont perdu la vie dans l\u2019exercice de leurs fonctions. En dehors de notre c\u00e9r\u00e9monie annuelle du souvenir des pompiers tomb\u00e9s au champ d\u2019honneur de l\u2019Indiana, cela souligne vraiment l\u2019importance. \u00bb <\/p>\n<\/div>\n\n<div class=\"wp-block-paragraph \">\n<p>Pour en savoir plus sur l\u2019initiative, visitez le lien <a href=\"https:\/\/operations.nfl.com\/inside-football-ops\/community-impact\/my-cause-my-cleats\/\" target=\"_blank\" rel=\"noreferrer noopener\">ici<\/a>. <\/p>\n<\/div>\n\n\n<figure class=\"wp-block-gallery has-nested-images columns-default is-cropped wp-block-gallery-1 is-layout-flex wp-block-gallery-is-layout-flex\">\n<figure data-wp-context=\"{&quot;imageId&quot;:&quot;69f32212477ee&quot;}\" data-wp-interactive=\"core\/image\" data-wp-key=\"69f32212477ee\" class=\"wp-block-image size-large wp-lightbox-container\"><img decoding=\"async\" width=\"1024\" height=\"683\" data-wp-class--hide=\"state.isContentHidden\" data-wp-class--show=\"state.isContentVisible\" data-wp-init=\"callbacks.setButtonStyles\" data-wp-on--click=\"actions.showLightbox\" data-wp-on--load=\"callbacks.setButtonStyles\" data-wp-on-window--resize=\"callbacks.setButtonStyles\" data-id=\"81525\" src=\"https:\/\/www.iaff.org\/wp-content\/uploads\/2024\/12\/Pike-Twp.-Captain-Josh-Ramirez-1024x683.jpg\" alt=\"\" class=\"wp-image-81525\" srcset=\"https:\/\/www.iaff.org\/wp-content\/uploads\/2024\/12\/Pike-Twp.-Captain-Josh-Ramirez-1024x683.jpg 1024w, https:\/\/www.iaff.org\/wp-content\/uploads\/2024\/12\/Pike-Twp.-Captain-Josh-Ramirez-300x200.jpg 300w, https:\/\/www.iaff.org\/wp-content\/uploads\/2024\/12\/Pike-Twp.-Captain-Josh-Ramirez-768x512.jpg 768w, https:\/\/www.iaff.org\/wp-content\/uploads\/2024\/12\/Pike-Twp.-Captain-Josh-Ramirez-1536x1024.jpg 1536w, https:\/\/www.iaff.org\/wp-content\/uploads\/2024\/12\/Pike-Twp.-Captain-Josh-Ramirez-240x160.jpg 240w, https:\/\/www.iaff.org\/wp-content\/uploads\/2024\/12\/Pike-Twp.-Captain-Josh-Ramirez-1200x800.jpg 1200w, https:\/\/www.iaff.org\/wp-content\/uploads\/2024\/12\/Pike-Twp.-Captain-Josh-Ramirez-1215x810.jpg 1215w, https:\/\/www.iaff.org\/wp-content\/uploads\/2024\/12\/Pike-Twp.-Captain-Josh-Ramirez.jpg 2048w\" sizes=\"(max-width: 1024px) 100vw, 1024px\" \/><button\n\t\t\tclass=\"lightbox-trigger\"\n\t\t\ttype=\"button\"\n\t\t\taria-haspopup=\"dialog\"\n\t\t\taria-label=\"Enlarge\"\n\t\t\tdata-wp-init=\"callbacks.initTriggerButton\"\n\t\t\tdata-wp-on--click=\"actions.showLightbox\"\n\t\t\tdata-wp-style--right=\"state.imageButtonRight\"\n\t\t\tdata-wp-style--top=\"state.imageButtonTop\"\n\t\t>\n\t\t\t<svg xmlns=\"http:\/\/www.w3.org\/2000\/svg\" width=\"12\" height=\"12\" fill=\"none\" viewBox=\"0 0 12 12\">\n\t\t\t\t<path fill=\"#fff\" d=\"M2 0a2 2 0 0 0-2 2v2h1.5V2a.5.5 0 0 1 .5-.5h2V0H2Zm2 10.5H2a.5.5 0 0 1-.5-.5V8H0v2a2 2 0 0 0 2 2h2v-1.5ZM8 12v-1.5h2a.5.5 0 0 0 .5-.5V8H12v2a2 2 0 0 1-2 2H8Zm2-12a2 2 0 0 1 2 2v2h-1.5V2a.5.5 0 0 0-.5-.5H8V0h2Z\" \/>\n\t\t\t<\/svg>\n\t\t<\/button><figcaption class=\"wp-element-caption\">Pinter&rsquo;s cleats honoring the National Fallen Fire Fighter Foundation.<\/figcaption><\/figure>\n\n\n\n<figure data-wp-context=\"{&quot;imageId&quot;:&quot;69f3221248627&quot;}\" data-wp-interactive=\"core\/image\" data-wp-key=\"69f3221248627\" class=\"wp-block-image size-large wp-lightbox-container\"><img decoding=\"async\" width=\"964\" height=\"629\" data-wp-class--hide=\"state.isContentHidden\" data-wp-class--show=\"state.isContentVisible\" data-wp-init=\"callbacks.setButtonStyles\" data-wp-on--click=\"actions.showLightbox\" data-wp-on--load=\"callbacks.setButtonStyles\" data-wp-on-window--resize=\"callbacks.setButtonStyles\" data-id=\"81523\" src=\"https:\/\/www.iaff.org\/wp-content\/uploads\/2024\/12\/Dave-Dutch-Kohler.jpg\" alt=\"\" class=\"wp-image-81523\" srcset=\"https:\/\/www.iaff.org\/wp-content\/uploads\/2024\/12\/Dave-Dutch-Kohler.jpg 964w, https:\/\/www.iaff.org\/wp-content\/uploads\/2024\/12\/Dave-Dutch-Kohler-300x196.jpg 300w, https:\/\/www.iaff.org\/wp-content\/uploads\/2024\/12\/Dave-Dutch-Kohler-768x501.jpg 768w, https:\/\/www.iaff.org\/wp-content\/uploads\/2024\/12\/Dave-Dutch-Kohler-240x157.jpg 240w\" sizes=\"(max-width: 964px) 100vw, 964px\" \/><button\n\t\t\tclass=\"lightbox-trigger\"\n\t\t\ttype=\"button\"\n\t\t\taria-haspopup=\"dialog\"\n\t\t\taria-label=\"Enlarge\"\n\t\t\tdata-wp-init=\"callbacks.initTriggerButton\"\n\t\t\tdata-wp-on--click=\"actions.showLightbox\"\n\t\t\tdata-wp-style--right=\"state.imageButtonRight\"\n\t\t\tdata-wp-style--top=\"state.imageButtonTop\"\n\t\t>\n\t\t\t<svg xmlns=\"http:\/\/www.w3.org\/2000\/svg\" width=\"12\" height=\"12\" fill=\"none\" viewBox=\"0 0 12 12\">\n\t\t\t\t<path fill=\"#fff\" d=\"M2 0a2 2 0 0 0-2 2v2h1.5V2a.5.5 0 0 1 .5-.5h2V0H2Zm2 10.5H2a.5.5 0 0 1-.5-.5V8H0v2a2 2 0 0 0 2 2h2v-1.5ZM8 12v-1.5h2a.5.5 0 0 0 .5-.5V8H12v2a2 2 0 0 1-2 2H8Zm2-12a2 2 0 0 1 2 2v2h-1.5V2a.5.5 0 0 0-.5-.5H8V0h2Z\" \/>\n\t\t\t<\/svg>\n\t\t<\/button><figcaption class=\"wp-element-caption\">Pinter\u2019s cleats honoring South Bend, IN Local 362 fallen Fire Captain Dave Koehler.<\/figcaption><\/figure>\n<\/figure>\n\n<\/div><\/section>\n","protected":false},"featured_media":81522,"menu_order":0,"template":"","tags":[112],"class_list":["post-81720","news","type-news","status-publish","has-post-thumbnail","hentry","tag-redonner"],"acf":[],"publishpress_future_workflow_manual_trigger":{"enabledWorkflows":[]},"_links":{"self":[{"href":"https:\/\/www.iaff.org\/fr-ca\/wp-json\/wp\/v2\/news\/81720","targetHints":{"allow":["GET"]}}],"collection":[{"href":"https:\/\/www.iaff.org\/fr-ca\/wp-json\/wp\/v2\/news"}],"about":[{"href":"https:\/\/www.iaff.org\/fr-ca\/wp-json\/wp\/v2\/types\/news"}],"version-history":[{"count":0,"href":"https:\/\/www.iaff.org\/fr-ca\/wp-json\/wp\/v2\/news\/81720\/revisions"}],"wp:featuredmedia":[{"embeddable":true,"href":"https:\/\/www.iaff.org\/fr-ca\/wp-json\/wp\/v2\/media\/81522"}],"wp:attachment":[{"href":"https:\/\/www.iaff.org\/fr-ca\/wp-json\/wp\/v2\/media?parent=81720"}],"wp:term":[{"taxonomy":"post_tag","embeddable":true,"href":"https:\/\/www.iaff.org\/fr-ca\/wp-json\/wp\/v2\/tags?post=81720"}],"curies":[{"name":"wp","href":"https:\/\/api.w.org\/{rel}","templated":true}]}}