{"id":81089,"date":"2024-11-13T15:18:50","date_gmt":"2024-11-13T20:18:50","guid":{"rendered":"https:\/\/www.iaff.org\/news\/les-affilies-canadiens-font-une-pause-pour-rendre-hommage-le-jour-du-souvenir\/"},"modified":"2025-04-28T16:09:49","modified_gmt":"2025-04-28T20:09:49","slug":"les-affilies-canadiens-font-une-pause-pour-rendre-hommage-le-jour-du-souvenir","status":"publish","type":"news","link":"https:\/\/www.iaff.org\/fr-ca\/news\/les-affilies-canadiens-font-une-pause-pour-rendre-hommage-le-jour-du-souvenir\/","title":{"rendered":"Les affili\u00e9s canadiens font une pause pour rendre hommage lors du jour du Souvenir"},"content":{"rendered":"<section\n\t class=\"page-blocks iaff-page-blocks align wp-block-acf-page-blocks\" id=\"page-blocks_block_367f2ad04457b584fcd146df285cd272\">\n\t<div class=\"acf-innerblocks-container\">\n<div class=\"wp-block-paragraph \">\n<p>Cette ann\u00e9e, les membres de l\u2019AIP de partout au Canada ont fait une pause pour rendre hommage au personnel militaire actif, aux anciens combattants et aux soldats tomb\u00e9s au champ d\u2019honneur du pays lors du jour du Souvenir, avec c\u00e9l\u00e9brations des casernes de pompiers, visites de monuments locaux et autres actes de r\u00e9flexion.<\/p>\n<\/div>\n\n<div class=\"wp-block-paragraph \">\n<p>Des membres de la section locale 1053 de Fredericton au Nouveau-Brunswick ont particip\u00e9 au d\u00e9fil\u00e9 du jour du Souvenir de la ville, y compris deux membres qui ont servi dans les Forces arm\u00e9es canadiennes. \u00ab Il est tr\u00e8s important pour nous, \u00e0 Fredericton, de reconna\u00eetre les sacrifices et de rendre hommage \u00e0 ceux que nous avons perdus, \u00e0 ceux qui ont servi et \u00e0 ceux qui continuent de servir, \u00bb a d\u00e9clar\u00e9 Barry Durling, pr\u00e9sident de la section locale 1053. <\/p>\n<\/div>\n\n\n<figure class=\"wp-block-gallery has-nested-images columns-default is-cropped wp-block-gallery-1 is-layout-flex wp-block-gallery-is-layout-flex\">\n<figure data-wp-context=\"{&quot;imageId&quot;:&quot;69f56da6b6451&quot;}\" data-wp-interactive=\"core\/image\" data-wp-key=\"69f56da6b6451\" class=\"wp-block-image size-large wp-lightbox-container\"><img decoding=\"async\" width=\"526\" height=\"526\" data-wp-class--hide=\"state.isContentHidden\" data-wp-class--show=\"state.isContentVisible\" data-wp-init=\"callbacks.setButtonStyles\" data-wp-on--click=\"actions.showLightbox\" data-wp-on--load=\"callbacks.setButtonStyles\" data-wp-on-window--resize=\"callbacks.setButtonStyles\" data-id=\"80614\" src=\"https:\/\/www.iaff.org\/wp-content\/uploads\/2024\/11\/Maple-Ridge-L4449.jpg\" alt=\"\" class=\"wp-image-80614\" srcset=\"https:\/\/www.iaff.org\/wp-content\/uploads\/2024\/11\/Maple-Ridge-L4449.jpg 526w, https:\/\/www.iaff.org\/wp-content\/uploads\/2024\/11\/Maple-Ridge-L4449-300x300.jpg 300w, https:\/\/www.iaff.org\/wp-content\/uploads\/2024\/11\/Maple-Ridge-L4449-150x150.jpg 150w, https:\/\/www.iaff.org\/wp-content\/uploads\/2024\/11\/Maple-Ridge-L4449-240x240.jpg 240w\" sizes=\"(max-width: 526px) 100vw, 526px\" \/><button\n\t\t\tclass=\"lightbox-trigger\"\n\t\t\ttype=\"button\"\n\t\t\taria-haspopup=\"dialog\"\n\t\t\taria-label=\"Enlarge\"\n\t\t\tdata-wp-init=\"callbacks.initTriggerButton\"\n\t\t\tdata-wp-on--click=\"actions.showLightbox\"\n\t\t\tdata-wp-style--right=\"state.imageButtonRight\"\n\t\t\tdata-wp-style--top=\"state.imageButtonTop\"\n\t\t>\n\t\t\t<svg xmlns=\"http:\/\/www.w3.org\/2000\/svg\" width=\"12\" height=\"12\" fill=\"none\" viewBox=\"0 0 12 12\">\n\t\t\t\t<path fill=\"#fff\" d=\"M2 0a2 2 0 0 0-2 2v2h1.5V2a.5.5 0 0 1 .5-.5h2V0H2Zm2 10.5H2a.5.5 0 0 1-.5-.5V8H0v2a2 2 0 0 0 2 2h2v-1.5ZM8 12v-1.5h2a.5.5 0 0 0 .5-.5V8H12v2a2 2 0 0 1-2 2H8Zm2-12a2 2 0 0 1 2 2v2h-1.5V2a.5.5 0 0 0-.5-.5H8V0h2Z\" \/>\n\t\t\t<\/svg>\n\t\t<\/button><figcaption class=\"wp-element-caption\">Members of Maple Ridge, BC Local 4449 selling poppies<\/figcaption><\/figure>\n\n\n\n<figure data-wp-context=\"{&quot;imageId&quot;:&quot;69f56da6b6abf&quot;}\" data-wp-interactive=\"core\/image\" data-wp-key=\"69f56da6b6abf\" class=\"wp-block-image size-large wp-lightbox-container\"><img decoding=\"async\" width=\"1024\" height=\"1021\" data-wp-class--hide=\"state.isContentHidden\" data-wp-class--show=\"state.isContentVisible\" data-wp-init=\"callbacks.setButtonStyles\" data-wp-on--click=\"actions.showLightbox\" data-wp-on--load=\"callbacks.setButtonStyles\" data-wp-on-window--resize=\"callbacks.setButtonStyles\" data-id=\"80616\" src=\"https:\/\/www.iaff.org\/wp-content\/uploads\/2024\/11\/Saskatoon-L08-1024x1021.jpg\" alt=\"\" class=\"wp-image-80616\" srcset=\"https:\/\/www.iaff.org\/wp-content\/uploads\/2024\/11\/Saskatoon-L08-1024x1021.jpg 1024w, https:\/\/www.iaff.org\/wp-content\/uploads\/2024\/11\/Saskatoon-L08-300x300.jpg 300w, https:\/\/www.iaff.org\/wp-content\/uploads\/2024\/11\/Saskatoon-L08-150x150.jpg 150w, https:\/\/www.iaff.org\/wp-content\/uploads\/2024\/11\/Saskatoon-L08-768x766.jpg 768w, https:\/\/www.iaff.org\/wp-content\/uploads\/2024\/11\/Saskatoon-L08-240x240.jpg 240w, https:\/\/www.iaff.org\/wp-content\/uploads\/2024\/11\/Saskatoon-L08-802x800.jpg 802w, https:\/\/www.iaff.org\/wp-content\/uploads\/2024\/11\/Saskatoon-L08-812x810.jpg 812w, https:\/\/www.iaff.org\/wp-content\/uploads\/2024\/11\/Saskatoon-L08.jpg 1170w\" sizes=\"(max-width: 1024px) 100vw, 1024px\" \/><button\n\t\t\tclass=\"lightbox-trigger\"\n\t\t\ttype=\"button\"\n\t\t\taria-haspopup=\"dialog\"\n\t\t\taria-label=\"Enlarge\"\n\t\t\tdata-wp-init=\"callbacks.initTriggerButton\"\n\t\t\tdata-wp-on--click=\"actions.showLightbox\"\n\t\t\tdata-wp-style--right=\"state.imageButtonRight\"\n\t\t\tdata-wp-style--top=\"state.imageButtonTop\"\n\t\t>\n\t\t\t<svg xmlns=\"http:\/\/www.w3.org\/2000\/svg\" width=\"12\" height=\"12\" fill=\"none\" viewBox=\"0 0 12 12\">\n\t\t\t\t<path fill=\"#fff\" d=\"M2 0a2 2 0 0 0-2 2v2h1.5V2a.5.5 0 0 1 .5-.5h2V0H2Zm2 10.5H2a.5.5 0 0 1-.5-.5V8H0v2a2 2 0 0 0 2 2h2v-1.5ZM8 12v-1.5h2a.5.5 0 0 0 .5-.5V8H12v2a2 2 0 0 1-2 2H8Zm2-12a2 2 0 0 1 2 2v2h-1.5V2a.5.5 0 0 0-.5-.5H8V0h2Z\" \/>\n\t\t\t<\/svg>\n\t\t<\/button><figcaption class=\"wp-element-caption\">Members of Saskatoon, SK Local 80 paused to stand at attention<\/figcaption><\/figure>\n<\/figure>\n\n\n<div class=\"wp-block-paragraph \">\n<p>\u00c0 Barrie en Ontario, un petit-d\u00e9jeuner du jour du Souvenir a \u00e9t\u00e9 organis\u00e9 pour les pompiers actuels et anciens au quartier g\u00e9n\u00e9ral des pompiers de la ville. Par la suite, les membres de la section locale 1753 ont particip\u00e9 \u00e0 un d\u00e9fil\u00e9 communautaire et ont assist\u00e9 \u00e0 une c\u00e9r\u00e9monie au monument local. Comme de nombreuses sections locales de l\u2019AIP, Barrie compte des membres qui ont servi dans les Forces arm\u00e9es canadiennes.  <\/p>\n<\/div>\n\n<div class=\"wp-block-paragraph \">\n<p>\u00ab Il est important de se souvenir de nos anciens combattants et des sacrifices qu\u2019ils ont faits, a d\u00e9clar\u00e9 le pr\u00e9sident de la section locale 1753, Daniel Speight. \u00ab Et c\u2019est une chose importante pour nous de faire en tant qu&rsquo;affiliation, cela aide \u00e0 renforcer la solidarit\u00e9. \u00bb <\/p>\n<\/div>\n\n<div class=\"wp-block-paragraph \">\n<p>La section locale 162 d\u2019Ottawa en Ontario a tenu son petit-d\u00e9jeuner annuel du jour du Souvenir, auquel ont assist\u00e9 des repr\u00e9sentants des trois niveaux du gouvernement, y compris le maire d\u2019Ottawa, Mark Sutcliffe, huit conseillers municipaux, les d\u00e9put\u00e9s Yasir Naqvi et Marie France Lalonde et le d\u00e9put\u00e9 John Fraser. Le pr\u00e9sident de la section locale 162, David Andr\u00e9, a d\u00e9clar\u00e9 que la tradition avait commenc\u00e9 dans l\u2019ancienne section locale de Nepean avant de fusionner avec Ottawa en 2001 et qu\u2019elle servait \u00e0 unir les dirigeants syndicaux, patronaux et politiques en souvenir de ceux qui ont servi. <\/p>\n<\/div>\n\n<div class=\"wp-block-paragraph \">\n<p>\u00ab C\u2019est le moment de se r\u00e9unir et de r\u00e9fl\u00e9chir aux sacrifices faits par nos pr\u00e9d\u00e9cesseurs. La section locale 162 de l\u2019AIP est fi\u00e8re d\u2019accueillir cet \u00e9v\u00e9nement \u00e0 la caserne de pompiers 24 d\u2019Ottawa qui r\u00e9unit des \u00e9lus de toutes les affiliations politiques \u00bb, a-t-il d\u00e9clar\u00e9.<\/p>\n<\/div>\n\n\n<figure class=\"wp-block-pullquote\"><blockquote><p>C\u2019est le moment de se r\u00e9unir et de r\u00e9fl\u00e9chir aux sacrifices faits par nos pr\u00e9d\u00e9cesseurs. La section locale 162 de l\u2019AIP est fi\u00e8re d\u2019accueillir cet \u00e9v\u00e9nement \u00e0 la caserne de pompiers 24 d\u2019Ottawa qui r\u00e9unit des \u00e9lus de toutes les affiliations politiques, <\/p><cite>David Andr\u00e9, pr\u00e9sident de la section locale 162<\/cite><\/blockquote><\/figure>\n\n\n<div class=\"wp-block-paragraph \">\n<p><\/p>\n<\/div>\n\n<div class=\"wp-block-paragraph \">\n<p>Genna McMillan, membre du Conseil ex\u00e9cutif de la section locale 162, a d\u00e9pos\u00e9 une couronne au Monument comm\u00e9moratif de guerre du Canada au nom de l\u2019AIP lors de la c\u00e9r\u00e9monie du jour du Souvenir national, \u00e0 laquelle ont assist\u00e9 des milliers de personnes et ont \u00e9t\u00e9 t\u00e9l\u00e9vis\u00e9es partout au pays.<\/p>\n<\/div>\n\n<div class=\"wp-block-paragraph \">\n<p>Dans les casernes de pompiers de partout au Canada, les membres de l\u2019AIP, comme ceux de la section locale 80 de Saskatoon, en Saskatchewan, ont fait une pause pour se tenir au garde-\u00e0-vous \u00e0 11 h le jour du Souvenir afin de r\u00e9fl\u00e9chir au service et au sacrifice du personnel des Forces arm\u00e9es canadiennes.<\/p>\n<\/div>\n\n<div class=\"wp-block-paragraph \">\n<p>La section locale 2685 de Terrace en Colombie-Britannique \u00e9tait l\u2019une des nombreuses filiales de la Colombie-Britannique qui ont activement observ\u00e9 le jour du Souvenir dans leur communaut\u00e9. Andrew Johnstone, membre de la section locale, trompettiste et membre du Terrace Community Band, a jou\u00e9 <em>The Last Post<\/em> en uniforme dans les \u00e9coles locales avant le jour du Souvenir et lors de la c\u00e9r\u00e9monie officielle de la ville le 11 novembre. <\/p>\n<\/div>\n\n<div class=\"wp-block-paragraph \">\n<p>Le pr\u00e9sident de la section locale 2685, Jeff Minhinnick, a d\u00e9clar\u00e9 que Johnstone est fier de sa contribution aux c\u00e9l\u00e9brations de Terrace, tout comme tous les membres de la section locale, dont beaucoup participent au d\u00e9fil\u00e9 annuel du jour du Souvenir et sont pr\u00e9sents \u00e0 la c\u00e9r\u00e9monie annuelle au monument de la communaut\u00e9.<\/p>\n<\/div>\n\n<div class=\"wp-block-paragraph \">\n<p>\u00ab Nous pensons que c\u2019est important parce que nous sommes aussi dans l&rsquo;industrie des services, et nous reconnaissons que beaucoup de pompiers sont venus de l\u2019arm\u00e9e traditionnellement. Il semble vraiment important de leur rendre hommage et d\u2019honorer le travail que ces personnes ont fait avant notre \u00e9poque \u00bb, a-t-il d\u00e9clar\u00e9.<\/p>\n<\/div>\n\n<div class=\"wp-block-paragraph \">\n<p>\u00c0 Vancouver en Colombie-Britannique, des membres de la section locale 18 ont particip\u00e9 \u00e0 la c\u00e9r\u00e9monie du jour du Souvenir de la ville et, sur les m\u00e9dias sociaux, l\u2019association a rendu un hommage particulier aux 11 pompiers de Vancouver qui ont fait le sacrifice ultime pendant la Premi\u00e8re Guerre mondiale. Des membres de la section locale 4449 de Maple Ridge en Colombie-Britannique ont vendu des coquelicots avant le jour du Souvenir pour soutenir la L\u00e9gion royale canadienne. <\/p>\n<\/div>\n\n\n<figure class=\"wp-block-gallery has-nested-images columns-default is-cropped wp-block-gallery-2 is-layout-flex wp-block-gallery-is-layout-flex\">\n<figure data-wp-context=\"{&quot;imageId&quot;:&quot;69f56da6b81b3&quot;}\" data-wp-interactive=\"core\/image\" data-wp-key=\"69f56da6b81b3\" class=\"wp-block-image size-large wp-lightbox-container\"><img decoding=\"async\" width=\"833\" height=\"1024\" data-wp-class--hide=\"state.isContentHidden\" data-wp-class--show=\"state.isContentVisible\" data-wp-init=\"callbacks.setButtonStyles\" data-wp-on--click=\"actions.showLightbox\" data-wp-on--load=\"callbacks.setButtonStyles\" data-wp-on-window--resize=\"callbacks.setButtonStyles\" data-id=\"80602\" src=\"https:\/\/www.iaff.org\/wp-content\/uploads\/2024\/11\/Barrie-Ont-Firefighters-833x1024.jpg\" alt=\"\" class=\"wp-image-80602\" srcset=\"https:\/\/www.iaff.org\/wp-content\/uploads\/2024\/11\/Barrie-Ont-Firefighters-833x1024.jpg 833w, https:\/\/www.iaff.org\/wp-content\/uploads\/2024\/11\/Barrie-Ont-Firefighters-244x300.jpg 244w, https:\/\/www.iaff.org\/wp-content\/uploads\/2024\/11\/Barrie-Ont-Firefighters-768x944.jpg 768w, https:\/\/www.iaff.org\/wp-content\/uploads\/2024\/11\/Barrie-Ont-Firefighters-1250x1536.jpg 1250w, https:\/\/www.iaff.org\/wp-content\/uploads\/2024\/11\/Barrie-Ont-Firefighters-195x240.jpg 195w, https:\/\/www.iaff.org\/wp-content\/uploads\/2024\/11\/Barrie-Ont-Firefighters-651x800.jpg 651w, https:\/\/www.iaff.org\/wp-content\/uploads\/2024\/11\/Barrie-Ont-Firefighters-659x810.jpg 659w, https:\/\/www.iaff.org\/wp-content\/uploads\/2024\/11\/Barrie-Ont-Firefighters.jpg 1666w\" sizes=\"(max-width: 833px) 100vw, 833px\" \/><button\n\t\t\tclass=\"lightbox-trigger\"\n\t\t\ttype=\"button\"\n\t\t\taria-haspopup=\"dialog\"\n\t\t\taria-label=\"Enlarge\"\n\t\t\tdata-wp-init=\"callbacks.initTriggerButton\"\n\t\t\tdata-wp-on--click=\"actions.showLightbox\"\n\t\t\tdata-wp-style--right=\"state.imageButtonRight\"\n\t\t\tdata-wp-style--top=\"state.imageButtonTop\"\n\t\t>\n\t\t\t<svg xmlns=\"http:\/\/www.w3.org\/2000\/svg\" width=\"12\" height=\"12\" fill=\"none\" viewBox=\"0 0 12 12\">\n\t\t\t\t<path fill=\"#fff\" d=\"M2 0a2 2 0 0 0-2 2v2h1.5V2a.5.5 0 0 1 .5-.5h2V0H2Zm2 10.5H2a.5.5 0 0 1-.5-.5V8H0v2a2 2 0 0 0 2 2h2v-1.5ZM8 12v-1.5h2a.5.5 0 0 0 .5-.5V8H12v2a2 2 0 0 1-2 2H8Zm2-12a2 2 0 0 1 2 2v2h-1.5V2a.5.5 0 0 0-.5-.5H8V0h2Z\" \/>\n\t\t\t<\/svg>\n\t\t<\/button><figcaption class=\"wp-element-caption\">A parade in Barrie, Ont. <\/figcaption><\/figure>\n\n\n\n<figure data-wp-context=\"{&quot;imageId&quot;:&quot;69f56da6b8745&quot;}\" data-wp-interactive=\"core\/image\" data-wp-key=\"69f56da6b8745\" class=\"wp-block-image size-large wp-lightbox-container\"><img decoding=\"async\" width=\"1024\" height=\"778\" data-wp-class--hide=\"state.isContentHidden\" data-wp-class--show=\"state.isContentVisible\" data-wp-init=\"callbacks.setButtonStyles\" data-wp-on--click=\"actions.showLightbox\" data-wp-on--load=\"callbacks.setButtonStyles\" data-wp-on-window--resize=\"callbacks.setButtonStyles\" data-id=\"80604\" src=\"https:\/\/www.iaff.org\/wp-content\/uploads\/2024\/11\/Fredericton-1024x778.jpg\" alt=\"\" class=\"wp-image-80604\" srcset=\"https:\/\/www.iaff.org\/wp-content\/uploads\/2024\/11\/Fredericton-1024x778.jpg 1024w, https:\/\/www.iaff.org\/wp-content\/uploads\/2024\/11\/Fredericton-300x228.jpg 300w, https:\/\/www.iaff.org\/wp-content\/uploads\/2024\/11\/Fredericton-768x584.jpg 768w, https:\/\/www.iaff.org\/wp-content\/uploads\/2024\/11\/Fredericton-1536x1167.jpg 1536w, https:\/\/www.iaff.org\/wp-content\/uploads\/2024\/11\/Fredericton-240x182.jpg 240w, https:\/\/www.iaff.org\/wp-content\/uploads\/2024\/11\/Fredericton-1053x800.jpg 1053w, https:\/\/www.iaff.org\/wp-content\/uploads\/2024\/11\/Fredericton-1066x810.jpg 1066w, https:\/\/www.iaff.org\/wp-content\/uploads\/2024\/11\/Fredericton.jpg 2048w\" sizes=\"(max-width: 1024px) 100vw, 1024px\" \/><button\n\t\t\tclass=\"lightbox-trigger\"\n\t\t\ttype=\"button\"\n\t\t\taria-haspopup=\"dialog\"\n\t\t\taria-label=\"Enlarge\"\n\t\t\tdata-wp-init=\"callbacks.initTriggerButton\"\n\t\t\tdata-wp-on--click=\"actions.showLightbox\"\n\t\t\tdata-wp-style--right=\"state.imageButtonRight\"\n\t\t\tdata-wp-style--top=\"state.imageButtonTop\"\n\t\t>\n\t\t\t<svg xmlns=\"http:\/\/www.w3.org\/2000\/svg\" width=\"12\" height=\"12\" fill=\"none\" viewBox=\"0 0 12 12\">\n\t\t\t\t<path fill=\"#fff\" d=\"M2 0a2 2 0 0 0-2 2v2h1.5V2a.5.5 0 0 1 .5-.5h2V0H2Zm2 10.5H2a.5.5 0 0 1-.5-.5V8H0v2a2 2 0 0 0 2 2h2v-1.5ZM8 12v-1.5h2a.5.5 0 0 0 .5-.5V8H12v2a2 2 0 0 1-2 2H8Zm2-12a2 2 0 0 1 2 2v2h-1.5V2a.5.5 0 0 0-.5-.5H8V0h2Z\" \/>\n\t\t\t<\/svg>\n\t\t<\/button><figcaption class=\"wp-element-caption\">Fredericton, NB Remembrance Day Parade<\/figcaption><\/figure>\n\n\n\n<figure data-wp-context=\"{&quot;imageId&quot;:&quot;69f56da6b8c42&quot;}\" data-wp-interactive=\"core\/image\" data-wp-key=\"69f56da6b8c42\" class=\"wp-block-image size-large wp-lightbox-container\"><img decoding=\"async\" width=\"768\" height=\"1024\" data-wp-class--hide=\"state.isContentHidden\" data-wp-class--show=\"state.isContentVisible\" data-wp-init=\"callbacks.setButtonStyles\" data-wp-on--click=\"actions.showLightbox\" data-wp-on--load=\"callbacks.setButtonStyles\" data-wp-on-window--resize=\"callbacks.setButtonStyles\" data-id=\"80606\" src=\"https:\/\/www.iaff.org\/wp-content\/uploads\/2024\/11\/Terrace-L685-member-Andrew-Johnstone-trumpet-768x1024.jpg\" alt=\"\" class=\"wp-image-80606\" srcset=\"https:\/\/www.iaff.org\/wp-content\/uploads\/2024\/11\/Terrace-L685-member-Andrew-Johnstone-trumpet-768x1024.jpg 768w, https:\/\/www.iaff.org\/wp-content\/uploads\/2024\/11\/Terrace-L685-member-Andrew-Johnstone-trumpet-225x300.jpg 225w, https:\/\/www.iaff.org\/wp-content\/uploads\/2024\/11\/Terrace-L685-member-Andrew-Johnstone-trumpet-1152x1536.jpg 1152w, https:\/\/www.iaff.org\/wp-content\/uploads\/2024\/11\/Terrace-L685-member-Andrew-Johnstone-trumpet-1536x2048.jpg 1536w, https:\/\/www.iaff.org\/wp-content\/uploads\/2024\/11\/Terrace-L685-member-Andrew-Johnstone-trumpet-180x240.jpg 180w, https:\/\/www.iaff.org\/wp-content\/uploads\/2024\/11\/Terrace-L685-member-Andrew-Johnstone-trumpet-600x800.jpg 600w, https:\/\/www.iaff.org\/wp-content\/uploads\/2024\/11\/Terrace-L685-member-Andrew-Johnstone-trumpet-607x810.jpg 607w\" sizes=\"(max-width: 768px) 100vw, 768px\" \/><button\n\t\t\tclass=\"lightbox-trigger\"\n\t\t\ttype=\"button\"\n\t\t\taria-haspopup=\"dialog\"\n\t\t\taria-label=\"Enlarge\"\n\t\t\tdata-wp-init=\"callbacks.initTriggerButton\"\n\t\t\tdata-wp-on--click=\"actions.showLightbox\"\n\t\t\tdata-wp-style--right=\"state.imageButtonRight\"\n\t\t\tdata-wp-style--top=\"state.imageButtonTop\"\n\t\t>\n\t\t\t<svg xmlns=\"http:\/\/www.w3.org\/2000\/svg\" width=\"12\" height=\"12\" fill=\"none\" viewBox=\"0 0 12 12\">\n\t\t\t\t<path fill=\"#fff\" d=\"M2 0a2 2 0 0 0-2 2v2h1.5V2a.5.5 0 0 1 .5-.5h2V0H2Zm2 10.5H2a.5.5 0 0 1-.5-.5V8H0v2a2 2 0 0 0 2 2h2v-1.5ZM8 12v-1.5h2a.5.5 0 0 0 .5-.5V8H12v2a2 2 0 0 1-2 2H8Zm2-12a2 2 0 0 1 2 2v2h-1.5V2a.5.5 0 0 0-.5-.5H8V0h2Z\" \/>\n\t\t\t<\/svg>\n\t\t<\/button><figcaption class=\"wp-element-caption\">Terrace, BC Local 2685 member Andrew Johnstone<\/figcaption><\/figure>\n\n\n\n<figure data-wp-context=\"{&quot;imageId&quot;:&quot;69f56da6b9133&quot;}\" data-wp-interactive=\"core\/image\" data-wp-key=\"69f56da6b9133\" class=\"wp-block-image size-large wp-lightbox-container\"><img decoding=\"async\" width=\"1024\" height=\"768\" data-wp-class--hide=\"state.isContentHidden\" data-wp-class--show=\"state.isContentVisible\" data-wp-init=\"callbacks.setButtonStyles\" data-wp-on--click=\"actions.showLightbox\" data-wp-on--load=\"callbacks.setButtonStyles\" data-wp-on-window--resize=\"callbacks.setButtonStyles\" data-id=\"80608\" src=\"https:\/\/www.iaff.org\/wp-content\/uploads\/2024\/11\/Terrace-BC-L2685-1024x768.jpg\" alt=\"\" class=\"wp-image-80608\" srcset=\"https:\/\/www.iaff.org\/wp-content\/uploads\/2024\/11\/Terrace-BC-L2685-1024x768.jpg 1024w, https:\/\/www.iaff.org\/wp-content\/uploads\/2024\/11\/Terrace-BC-L2685-300x225.jpg 300w, https:\/\/www.iaff.org\/wp-content\/uploads\/2024\/11\/Terrace-BC-L2685-768x576.jpg 768w, https:\/\/www.iaff.org\/wp-content\/uploads\/2024\/11\/Terrace-BC-L2685-240x180.jpg 240w, https:\/\/www.iaff.org\/wp-content\/uploads\/2024\/11\/Terrace-BC-L2685-1067x800.jpg 1067w, https:\/\/www.iaff.org\/wp-content\/uploads\/2024\/11\/Terrace-BC-L2685-1080x810.jpg 1080w, https:\/\/www.iaff.org\/wp-content\/uploads\/2024\/11\/Terrace-BC-L2685.jpg 1440w\" sizes=\"(max-width: 1024px) 100vw, 1024px\" \/><button\n\t\t\tclass=\"lightbox-trigger\"\n\t\t\ttype=\"button\"\n\t\t\taria-haspopup=\"dialog\"\n\t\t\taria-label=\"Enlarge\"\n\t\t\tdata-wp-init=\"callbacks.initTriggerButton\"\n\t\t\tdata-wp-on--click=\"actions.showLightbox\"\n\t\t\tdata-wp-style--right=\"state.imageButtonRight\"\n\t\t\tdata-wp-style--top=\"state.imageButtonTop\"\n\t\t>\n\t\t\t<svg xmlns=\"http:\/\/www.w3.org\/2000\/svg\" width=\"12\" height=\"12\" fill=\"none\" viewBox=\"0 0 12 12\">\n\t\t\t\t<path fill=\"#fff\" d=\"M2 0a2 2 0 0 0-2 2v2h1.5V2a.5.5 0 0 1 .5-.5h2V0H2Zm2 10.5H2a.5.5 0 0 1-.5-.5V8H0v2a2 2 0 0 0 2 2h2v-1.5ZM8 12v-1.5h2a.5.5 0 0 0 .5-.5V8H12v2a2 2 0 0 1-2 2H8Zm2-12a2 2 0 0 1 2 2v2h-1.5V2a.5.5 0 0 0-.5-.5H8V0h2Z\" \/>\n\t\t\t<\/svg>\n\t\t<\/button><figcaption class=\"wp-element-caption\">Terrace, BC L2685<\/figcaption><\/figure>\n\n\n\n<figure data-wp-context=\"{&quot;imageId&quot;:&quot;69f56da6b955d&quot;}\" data-wp-interactive=\"core\/image\" data-wp-key=\"69f56da6b955d\" class=\"wp-block-image size-large wp-lightbox-container\"><img decoding=\"async\" width=\"1024\" height=\"1012\" data-wp-class--hide=\"state.isContentHidden\" data-wp-class--show=\"state.isContentVisible\" data-wp-init=\"callbacks.setButtonStyles\" data-wp-on--click=\"actions.showLightbox\" data-wp-on--load=\"callbacks.setButtonStyles\" data-wp-on-window--resize=\"callbacks.setButtonStyles\" data-id=\"80610\" src=\"https:\/\/www.iaff.org\/wp-content\/uploads\/2024\/11\/IAFF-Wreath-National-Ceremony-Ottawa-1024x1012.jpg\" alt=\"\" class=\"wp-image-80610\" srcset=\"https:\/\/www.iaff.org\/wp-content\/uploads\/2024\/11\/IAFF-Wreath-National-Ceremony-Ottawa-1024x1012.jpg 1024w, https:\/\/www.iaff.org\/wp-content\/uploads\/2024\/11\/IAFF-Wreath-National-Ceremony-Ottawa-300x297.jpg 300w, https:\/\/www.iaff.org\/wp-content\/uploads\/2024\/11\/IAFF-Wreath-National-Ceremony-Ottawa-768x759.jpg 768w, https:\/\/www.iaff.org\/wp-content\/uploads\/2024\/11\/IAFF-Wreath-National-Ceremony-Ottawa-1536x1518.jpg 1536w, https:\/\/www.iaff.org\/wp-content\/uploads\/2024\/11\/IAFF-Wreath-National-Ceremony-Ottawa-2048x2024.jpg 2048w, https:\/\/www.iaff.org\/wp-content\/uploads\/2024\/11\/IAFF-Wreath-National-Ceremony-Ottawa-240x237.jpg 240w, https:\/\/www.iaff.org\/wp-content\/uploads\/2024\/11\/IAFF-Wreath-National-Ceremony-Ottawa-809x800.jpg 809w, https:\/\/www.iaff.org\/wp-content\/uploads\/2024\/11\/IAFF-Wreath-National-Ceremony-Ottawa-819x810.jpg 819w\" sizes=\"(max-width: 1024px) 100vw, 1024px\" \/><button\n\t\t\tclass=\"lightbox-trigger\"\n\t\t\ttype=\"button\"\n\t\t\taria-haspopup=\"dialog\"\n\t\t\taria-label=\"Enlarge\"\n\t\t\tdata-wp-init=\"callbacks.initTriggerButton\"\n\t\t\tdata-wp-on--click=\"actions.showLightbox\"\n\t\t\tdata-wp-style--right=\"state.imageButtonRight\"\n\t\t\tdata-wp-style--top=\"state.imageButtonTop\"\n\t\t>\n\t\t\t<svg xmlns=\"http:\/\/www.w3.org\/2000\/svg\" width=\"12\" height=\"12\" fill=\"none\" viewBox=\"0 0 12 12\">\n\t\t\t\t<path fill=\"#fff\" d=\"M2 0a2 2 0 0 0-2 2v2h1.5V2a.5.5 0 0 1 .5-.5h2V0H2Zm2 10.5H2a.5.5 0 0 1-.5-.5V8H0v2a2 2 0 0 0 2 2h2v-1.5ZM8 12v-1.5h2a.5.5 0 0 0 .5-.5V8H12v2a2 2 0 0 1-2 2H8Zm2-12a2 2 0 0 1 2 2v2h-1.5V2a.5.5 0 0 0-.5-.5H8V0h2Z\" \/>\n\t\t\t<\/svg>\n\t\t<\/button><figcaption class=\"wp-element-caption\">An IAFF wreath at a ceremony in Ottawa<\/figcaption><\/figure>\n\n\n\n<figure data-wp-context=\"{&quot;imageId&quot;:&quot;69f56da6b997f&quot;}\" data-wp-interactive=\"core\/image\" data-wp-key=\"69f56da6b997f\" class=\"wp-block-image size-large wp-lightbox-container\"><img decoding=\"async\" width=\"615\" height=\"845\" data-wp-class--hide=\"state.isContentHidden\" data-wp-class--show=\"state.isContentVisible\" data-wp-init=\"callbacks.setButtonStyles\" data-wp-on--click=\"actions.showLightbox\" data-wp-on--load=\"callbacks.setButtonStyles\" data-wp-on-window--resize=\"callbacks.setButtonStyles\" data-id=\"80612\" src=\"https:\/\/www.iaff.org\/wp-content\/uploads\/2024\/11\/Genna-McMillan-L162-on-left-with-IAFF-National-Ceremony-Wreath.jpg\" alt=\"\" class=\"wp-image-80612\" srcset=\"https:\/\/www.iaff.org\/wp-content\/uploads\/2024\/11\/Genna-McMillan-L162-on-left-with-IAFF-National-Ceremony-Wreath.jpg 615w, https:\/\/www.iaff.org\/wp-content\/uploads\/2024\/11\/Genna-McMillan-L162-on-left-with-IAFF-National-Ceremony-Wreath-218x300.jpg 218w, https:\/\/www.iaff.org\/wp-content\/uploads\/2024\/11\/Genna-McMillan-L162-on-left-with-IAFF-National-Ceremony-Wreath-175x240.jpg 175w, https:\/\/www.iaff.org\/wp-content\/uploads\/2024\/11\/Genna-McMillan-L162-on-left-with-IAFF-National-Ceremony-Wreath-582x800.jpg 582w, https:\/\/www.iaff.org\/wp-content\/uploads\/2024\/11\/Genna-McMillan-L162-on-left-with-IAFF-National-Ceremony-Wreath-590x810.jpg 590w\" sizes=\"(max-width: 615px) 100vw, 615px\" \/><button\n\t\t\tclass=\"lightbox-trigger\"\n\t\t\ttype=\"button\"\n\t\t\taria-haspopup=\"dialog\"\n\t\t\taria-label=\"Enlarge\"\n\t\t\tdata-wp-init=\"callbacks.initTriggerButton\"\n\t\t\tdata-wp-on--click=\"actions.showLightbox\"\n\t\t\tdata-wp-style--right=\"state.imageButtonRight\"\n\t\t\tdata-wp-style--top=\"state.imageButtonTop\"\n\t\t>\n\t\t\t<svg xmlns=\"http:\/\/www.w3.org\/2000\/svg\" width=\"12\" height=\"12\" fill=\"none\" viewBox=\"0 0 12 12\">\n\t\t\t\t<path fill=\"#fff\" d=\"M2 0a2 2 0 0 0-2 2v2h1.5V2a.5.5 0 0 1 .5-.5h2V0H2Zm2 10.5H2a.5.5 0 0 1-.5-.5V8H0v2a2 2 0 0 0 2 2h2v-1.5ZM8 12v-1.5h2a.5.5 0 0 0 .5-.5V8H12v2a2 2 0 0 1-2 2H8Zm2-12a2 2 0 0 1 2 2v2h-1.5V2a.5.5 0 0 0-.5-.5H8V0h2Z\" \/>\n\t\t\t<\/svg>\n\t\t<\/button><figcaption class=\"wp-element-caption\">Local 162 Executive Board member Genna McMillan carrying a wreath.<\/figcaption><\/figure>\n<\/figure>\n\n<\/div><\/section>\n","protected":false},"featured_media":80605,"menu_order":0,"template":"","tags":[112],"class_list":["post-81089","news","type-news","status-publish","has-post-thumbnail","hentry","tag-redonner"],"acf":[],"publishpress_future_workflow_manual_trigger":{"enabledWorkflows":[]},"_links":{"self":[{"href":"https:\/\/www.iaff.org\/fr-ca\/wp-json\/wp\/v2\/news\/81089","targetHints":{"allow":["GET"]}}],"collection":[{"href":"https:\/\/www.iaff.org\/fr-ca\/wp-json\/wp\/v2\/news"}],"about":[{"href":"https:\/\/www.iaff.org\/fr-ca\/wp-json\/wp\/v2\/types\/news"}],"version-history":[{"count":0,"href":"https:\/\/www.iaff.org\/fr-ca\/wp-json\/wp\/v2\/news\/81089\/revisions"}],"wp:featuredmedia":[{"embeddable":true,"href":"https:\/\/www.iaff.org\/fr-ca\/wp-json\/wp\/v2\/media\/80605"}],"wp:attachment":[{"href":"https:\/\/www.iaff.org\/fr-ca\/wp-json\/wp\/v2\/media?parent=81089"}],"wp:term":[{"taxonomy":"post_tag","embeddable":true,"href":"https:\/\/www.iaff.org\/fr-ca\/wp-json\/wp\/v2\/tags?post=81089"}],"curies":[{"name":"wp","href":"https:\/\/api.w.org\/{rel}","templated":true}]}}