{"id":80412,"date":"2024-08-27T12:11:44","date_gmt":"2024-08-27T16:11:44","guid":{"rendered":"https:\/\/www.iaff.org\/news\/un-an-plus-tard-honorer-les-pompiers-de-newark-tombes-brooks-et-acabou\/"},"modified":"2024-11-05T13:33:06","modified_gmt":"2024-11-05T18:33:06","slug":"un-an-plus-tard-honorer-les-pompiers-de-newark-tombes-brooks-et-acabou","status":"publish","type":"news","link":"https:\/\/www.iaff.org\/fr-ca\/news\/un-an-plus-tard-honorer-les-pompiers-de-newark-tombes-brooks-et-acabou\/","title":{"rendered":"Un an plus tard&nbsp;: honorer les pompiers de Newark tomb\u00e9s Brooks et Acabou"},"content":{"rendered":"<section\n\t class=\"page-blocks iaff-page-blocks align wp-block-acf-page-blocks\" id=\"page-blocks_block_65c05995dcb3c788f23beb806503ce0c\">\n\t<div class=\"acf-innerblocks-container\">\n<div class=\"wp-block-paragraph \">\n<p>Deux casernes de pompiers de Newark, dans le New Jersey, ont \u00e9t\u00e9 d\u00e9di\u00e9es le 30 juillet aux pompiers tomb\u00e9s au champ d\u2019honneur Wayne \u00ab Bear \u00bb Brooks Jr. et Augusto \u00ab Augie \u00bb Acabou. Les deux hommes ont \u00e9t\u00e9 tu\u00e9s dans l\u2019exercice de leurs fonctions le 5 juillet 2023, luttant contre un incendie de cargo.   <\/p>\n<\/div>\n\n<div class=\"wp-block-paragraph \">\n<p>Engine-16 \/ Ladder-8 sur Ferry Street honorera maintenant le capitaine Acabou, et Engine-27 \/ Ladder-4 honorera le capitaine Brooks. Ce sont les <a href=\"https:\/\/www.tapinto.net\/towns\/newark\/sections\/police-and-fire\/articles\/ironbound-firehouses-dedicated-for-two-fallen-newark-firefighters\" target=\"_blank\" rel=\"noopener\">casernes de pompiers<\/a> o\u00f9 les deux hommes ont servi.   <\/p>\n<\/div>\n\n<div class=\"wp-block-paragraph \">\n<p>\u00ab Les plaques qui sont maintenant accroch\u00e9es \u00e0 ces casernes de pompiers nous rappelleront quotidiennement \u00e0 tous le sacrifice qu\u2019ils ont fait \u00bb, a d\u00e9clar\u00e9 le pr\u00e9sident de la section locale 71, Michael Giunta. \u00ab Et, plus important encore, les nouveaux pompiers qui se viendront au travail les verront, poseront des questions et en apprendront davantage sur leur histoire. \u00bb   <\/p>\n<\/div>\n\n<div class=\"wp-block-paragraph \">\n<p>Ce jour-l\u00e0, en 2023, <a href=\"https:\/\/www.cbsnews.com\/newyork\/news\/port-newark-cargo-ship-fire-continues-burning-friday-after-firefighter-deaths\/\" target=\"_blank\" rel=\"noopener\">l\u2019incendie<\/a> a commenc\u00e9 lorsqu\u2019une Jeep Wrangler conduite par un employ\u00e9 du port pour pousser des v\u00e9hicules \u00e0 destination de l\u2019Afrique de l\u2019Ouest sur le cargo \u00e0 12 niveaux a pris feu. L\u2019incendie s\u2019est rapidement propag\u00e9 \u00e0 certains des 1 200 autres v\u00e9hicules \u00e0 bord du navire.   <br\/> <br\/>Les pompiers sont mont\u00e9s \u00e0 bord du navire et se sont rendus au 10e ou 11e \u00e9tage pour \u00e9teindre les flammes. Brooks et Acabou ont rapidement fait des appels Mayday. Ils sont morts avant que leurs coll\u00e8gues ne puissent les atteindre.    <\/p>\n<\/div>\n\n<div class=\"wp-block-paragraph \">\n<p>Les familles des deux hommes ont d\u00e9clar\u00e9 qu\u2019elles \u00e9taient reconnaissantes que leurs proches ne soient pas oubli\u00e9s, bien que rien ne puisse les ramener.  <\/p>\n<\/div>\n\n<div class=\"wp-block-paragraph \">\n<p>\u00ab\u00a0Nous appr\u00e9cions qu\u2019ils fassent la d\u00e9dicace de la plaque, mais ce ne sera jamais la m\u00eame chose\u00a0\u00bb, a d\u00e9clar\u00e9 Miguel Acabou, le fr\u00e8re d\u2019Augusto, \u00e0 <a href=\"https:\/\/abc7ny.com\/post\/port-newark-fire-2-firehouses-dedicated-2-fire\/15121632\/\" target=\"_blank\" rel=\"noopener\">WABC-TV<\/a>. \u00ab Ce chagrin sera toujours l\u00e0. \u00bb   <\/p>\n<\/div>\n\n<div class=\"wp-block-paragraph \">\n<p>L\u2019\u00e9pouse de Brooks a d\u00e9clar\u00e9 que bien que le soutien de la communaut\u00e9 soit excellent, elle doit toujours vivre sans la personne qu\u2019elle aime.  <\/p>\n<\/div>\n\n<div class=\"wp-block-paragraph \">\n<p>\u00ab\u00a0C\u2019est difficile d\u2019avoir 47 ans et d\u2019\u00eatre veuve\u00a0\u00bb, a d\u00e9clar\u00e9 Michele Brooks, l\u2019\u00e9pouse de Wayne, aux m\u00e9dias. \u00ab\u00a0Surtout quand cette personne \u00e9tait votre meilleure amie.\u00a0\u00bb   <\/p>\n<\/div>\n\n<div class=\"wp-block-paragraph \">\n<p>Giunta a d\u00e9clar\u00e9 que la section locale 71 pr\u00e9voit de continuer \u00e0 honorer la m\u00e9moire d\u2019Acabou et de Brooks en luttant pour s\u2019assurer que le minist\u00e8re dispose des ressources n\u00e9cessaires pour pr\u00e9venir de futurs d\u00e9c\u00e8s dans l\u2019exercice de leurs fonctions.  <\/p>\n<\/div>\n\n<div class=\"wp-block-paragraph \">\n<p>Treize mois apr\u00e8s l\u2019incendie du cargo, les bateaux de pompiers de la ville ne sont toujours pas op\u00e9rationnels. Une caserne de pompiers a \u00e9t\u00e9 ferm\u00e9e en raison de l\u2019amiante et de la moisissure, et une autre ferm\u00e9e parce que le plancher s\u2019est effondr\u00e9, incapable de contenir l\u2019appareil de lutte contre l\u2019incendie.   <\/p>\n<\/div>\n\n<div class=\"wp-block-paragraph \">\n<p>\u00ab Les pompiers et les plates-formes affect\u00e9es \u00e0 ces casernes de pompiers ont \u00e9t\u00e9 r\u00e9partis dans toute la ville partout o\u00f9 nous pouvons trouver de la place. Mais la fermeture de ces casernes de pompiers signifie des temps de r\u00e9ponse plus longs \u00e0 un grand nombre de nos urgences \u00bb, a d\u00e9clar\u00e9 Giunta. \u00ab Nous honorerons nos fr\u00e8res tomb\u00e9s au champ d\u2019honneur en continuant \u00e0 nous battre pour r\u00e9parer et rouvrir ces casernes de pompiers et \u00e0 faire pression pour obtenir un niveau ad\u00e9quat de ressources. \u00bb   <\/p>\n<\/div>\n\n\n<figure class=\"wp-block-gallery has-nested-images columns-default is-cropped wp-block-gallery-1 is-layout-flex wp-block-gallery-is-layout-flex\">\n<figure class=\"wp-block-image size-large\"><img decoding=\"async\" width=\"770\" height=\"522\" data-id=\"76885\" src=\"https:\/\/www.iaff.org\/wp-content\/uploads\/2024\/08\/firehouse-bear-brooks-jr.jpg\" alt=\"\" class=\"wp-image-76885\" srcset=\"https:\/\/www.iaff.org\/wp-content\/uploads\/2024\/08\/firehouse-bear-brooks-jr.jpg 770w, https:\/\/www.iaff.org\/wp-content\/uploads\/2024\/08\/firehouse-bear-brooks-jr-300x203.jpg 300w, https:\/\/www.iaff.org\/wp-content\/uploads\/2024\/08\/firehouse-bear-brooks-jr-768x521.jpg 768w, https:\/\/www.iaff.org\/wp-content\/uploads\/2024\/08\/firehouse-bear-brooks-jr-240x163.jpg 240w\" sizes=\"(max-width: 770px) 100vw, 770px\" \/><figcaption class=\"wp-element-caption\">Plaque d\u00e9di\u00e9e \u00e0 Wayne Brooks d\u00e9voil\u00e9e.  <br\/>Photo utilis\u00e9e avec la permission de TAPinto Newark.<\/figcaption><\/figure>\n\n\n\n<figure class=\"wp-block-image size-large\"><img decoding=\"async\" width=\"770\" height=\"514\" data-id=\"76887\" src=\"https:\/\/www.iaff.org\/wp-content\/uploads\/2024\/08\/FirehouseFamilyMourning.jpg\" alt=\"\" class=\"wp-image-76887\" srcset=\"https:\/\/www.iaff.org\/wp-content\/uploads\/2024\/08\/FirehouseFamilyMourning.jpg 770w, https:\/\/www.iaff.org\/wp-content\/uploads\/2024\/08\/FirehouseFamilyMourning-300x200.jpg 300w, https:\/\/www.iaff.org\/wp-content\/uploads\/2024\/08\/FirehouseFamilyMourning-768x513.jpg 768w, https:\/\/www.iaff.org\/wp-content\/uploads\/2024\/08\/FirehouseFamilyMourning-240x160.jpg 240w\" sizes=\"(max-width: 770px) 100vw, 770px\" \/><figcaption class=\"wp-element-caption\">La famille et les amis assistent aux d\u00e9dicaces de la plaque.<br\/>Photo utilis\u00e9e avec la permission de TAPinto Newark.<\/figcaption><\/figure>\n\n\n\n<figure class=\"wp-block-image size-large\"><img decoding=\"async\" width=\"770\" height=\"513\" data-id=\"76889\" src=\"https:\/\/www.iaff.org\/wp-content\/uploads\/2024\/08\/firehouse-plaque-acabou.jpg\" alt=\"\" class=\"wp-image-76889\" srcset=\"https:\/\/www.iaff.org\/wp-content\/uploads\/2024\/08\/firehouse-plaque-acabou.jpg 770w, https:\/\/www.iaff.org\/wp-content\/uploads\/2024\/08\/firehouse-plaque-acabou-300x200.jpg 300w, https:\/\/www.iaff.org\/wp-content\/uploads\/2024\/08\/firehouse-plaque-acabou-768x512.jpg 768w, https:\/\/www.iaff.org\/wp-content\/uploads\/2024\/08\/firehouse-plaque-acabou-240x160.jpg 240w\" sizes=\"(max-width: 770px) 100vw, 770px\" \/><figcaption class=\"wp-element-caption\">Plaque d\u00e9di\u00e9e \u00e0 Augusto Acabou d\u00e9voil\u00e9e.<br\/>Photo utilis\u00e9e avec la permission de TAPinto Newark.<\/figcaption><\/figure>\n<\/figure>\n\n<\/div><\/section>\n","protected":false},"featured_media":61221,"menu_order":0,"template":"","tags":[],"class_list":["post-80412","news","type-news","status-publish","has-post-thumbnail","hentry"],"acf":[],"publishpress_future_workflow_manual_trigger":{"enabledWorkflows":[]},"_links":{"self":[{"href":"https:\/\/www.iaff.org\/fr-ca\/wp-json\/wp\/v2\/news\/80412","targetHints":{"allow":["GET"]}}],"collection":[{"href":"https:\/\/www.iaff.org\/fr-ca\/wp-json\/wp\/v2\/news"}],"about":[{"href":"https:\/\/www.iaff.org\/fr-ca\/wp-json\/wp\/v2\/types\/news"}],"version-history":[{"count":0,"href":"https:\/\/www.iaff.org\/fr-ca\/wp-json\/wp\/v2\/news\/80412\/revisions"}],"wp:featuredmedia":[{"embeddable":true,"href":"https:\/\/www.iaff.org\/fr-ca\/wp-json\/wp\/v2\/media\/61221"}],"wp:attachment":[{"href":"https:\/\/www.iaff.org\/fr-ca\/wp-json\/wp\/v2\/media?parent=80412"}],"wp:term":[{"taxonomy":"post_tag","embeddable":true,"href":"https:\/\/www.iaff.org\/fr-ca\/wp-json\/wp\/v2\/tags?post=80412"}],"curies":[{"name":"wp","href":"https:\/\/api.w.org\/{rel}","templated":true}]}}