{"id":80375,"date":"2024-06-13T12:20:00","date_gmt":"2024-06-13T16:20:00","guid":{"rendered":"https:\/\/www.iaff.org\/news\/serie-de-la-fete-des-peres-lheritage-de-lutte-contre-les-incendies-de-la-famille-de-detroit-se-perpetue-a-travers-cinq-generations\/"},"modified":"2024-11-05T13:32:05","modified_gmt":"2024-11-05T18:32:05","slug":"serie-de-la-fete-des-peres-lheritage-de-lutte-contre-les-incendies-de-la-famille-de-detroit-se-perpetue-a-travers-cinq-generations","status":"publish","type":"news","link":"https:\/\/www.iaff.org\/fr-ca\/news\/serie-de-la-fete-des-peres-lheritage-de-lutte-contre-les-incendies-de-la-famille-de-detroit-se-perpetue-a-travers-cinq-generations\/","title":{"rendered":"S\u00e9rie de la f\u00eate des p\u00e8res&nbsp;: L\u2019h\u00e9ritage de lutte contre les incendies de la famille de Detroit se perp\u00e9tue \u00e0 travers cinq g\u00e9n\u00e9rations"},"content":{"rendered":"<section\n\t class=\"page-blocks iaff-page-blocks align wp-block-acf-page-blocks\" id=\"page-blocks_block_329bd0014f8c6c3b688ef44892e70588\">\n\t<div class=\"acf-innerblocks-container\">\n<div class=\"wp-block-paragraph \">\n<p><em>Pr\u00e9sentation de notre s\u00e9rie de la f\u00eate des P\u00e8res. Joignez-vous \u00e0 nous pour mettre en lumi\u00e8re les histoires incroyables des p\u00e8res et de leurs enfants dans les services d\u2019incendie. Rencontrez la famille Wilson, avec plus de cinq g\u00e9n\u00e9rations de services.    <\/em> <\/p>\n<\/div>\n\n<div class=\"wp-block-paragraph \">\n<p>La f\u00eate des p\u00e8res est un moment pour honorer les p\u00e8res, les grands-p\u00e8res et les figures paternelles incroyables de nos vies.  <\/p>\n<\/div>\n\n<div class=\"wp-block-paragraph \">\n<p>Pour la famille Wilson, c\u2019est le moment de rendre hommage \u00e0 une histoire familiale remplie de courage et de sacrifices , s\u2019\u00e9tendant \u00e0 travers les g\u00e9n\u00e9rations.  <\/p>\n<\/div>\n\n<div class=\"wp-block-paragraph \">\n<p>\u00ab L\u2019h\u00e9ritage de lutte contre les incendies de notre famille a commenc\u00e9 avec notre arri\u00e8re-grand-p\u00e8re, Emil C. Doll, qui s\u2019est joint au service d\u2019incendie de Detroit en 1917 et a pris sa retraite en tant que lieutenant en 1942. Son fils, John E. Doll, a servi de 1946 \u00e0 1971 \u00bb, a d\u00e9clar\u00e9 le chef du bataillon du service d\u2019incendie de Detroit, Timothy Wilson, membre de la section locale 344 de Detroit, MI. \u00ab Je me suis enr\u00f4l\u00e9 en 1992, et je suis toujours en service apr\u00e8s 32 ans. Mon fils a\u00een\u00e9 Austin a rejoint en 2017 et mon plus jeune fils, Evan, a suivi Austin six mois plus tard. <s>(&lsquo;)<\/s>  <\/p>\n<\/div>\n\n<div class=\"wp-block-paragraph \">\n<p>Harry Wilson, un capitaine des pompiers \u00e0 la retraite et le p\u00e8re de Timothy, a pass\u00e9 plus de trois d\u00e9cennies avec le minist\u00e8re.  <\/p>\n<\/div>\n\n<div class=\"wp-block-paragraph \">\n<p>\u00ab Je me suis enr\u00f4l\u00e9 en 1969 \u00e0 l\u2019\u00e2ge de 21 ans. Au cours de mon mandat, j\u2019ai \u00e9t\u00e9 t\u00e9moin des d\u00e9fis de la lutte contre les incendies dans les ann\u00e9es 70 et 80, y compris la tristement c\u00e9l\u00e8bre nuit du diable \u00bb, a d\u00e9clar\u00e9 Harry, en repensant \u00e0 son temps dans le service <a href=\"https:\/\/www.detroitnews.com\/story\/news\/local\/detroit-city\/2017\/11\/01\/angels-night-detroit-ending\/820484001\/\" target=\"_blank\" rel=\"noreferrer noopener\">d\u2019incendie<\/a>.   <\/p>\n<\/div>\n\n<div class=\"wp-block-paragraph \">\n<p>\u00c0 la fin des ann\u00e9es 1970, les farces <s>d\u2019avant<\/s> Halloween \u00e0 Detroit sont devenues destructrices, avec des centaines d\u2019incendies allum\u00e9s. En 1984, la \u00ab nuit du diable \u00bb s\u2019\u00e9tendait du 29 au 31 octobre, avec 810 incendies signal\u00e9s cette ann\u00e9e-l\u00e0.   <\/p>\n<\/div>\n\n<div class=\"wp-block-paragraph \">\n<p>\u00ab J\u2019ai pris ma retraite il y a 22 ans et j\u2019ai depuis vu mes fils suivre mes traces\u00a0\u00bb, a d\u00e9clar\u00e9 Harry.  <\/p>\n<\/div>\n\n<div class=\"wp-block-paragraph \">\n<p>Le voyage de Timothy dans le service d\u2019incendie a \u00e9t\u00e9 une progression naturelle, inspir\u00e9e par les g\u00e9n\u00e9rations pr\u00e9c\u00e9dentes. Son beau-fr\u00e8re, Kristopher Fornash, et ses fr\u00e8res, Harry P., Bryan et Michael, ont \u00e9galement rejoint le service d\u2019incendie.   <\/p>\n<\/div>\n\n<div class=\"wp-block-paragraph \">\n<p>\u00ab Je suis tr\u00e8s reconnaissant parce qu\u2019en tant qu\u2019enfant, vous n\u2019\u00eates pas s\u00fbr de ce que vous allez faire, mais apr\u00e8s \u00eatre entr\u00e9 dans le travail, j\u2019\u00e9tais tr\u00e8s reconnaissant que mon p\u00e8re ait \u00e9t\u00e9 pompier \u00bb, a d\u00e9clar\u00e9 Timothy. \u00ab Je ne serais peut-\u00eatre pas all\u00e9 dans cette direction, s\u2019il n\u2019avait pas \u00e9t\u00e9 pompier et ne m\u2019y avait pas expos\u00e9. \u00bb   <\/p>\n<\/div>\n\n<div class=\"wp-block-paragraph \">\n<p>Quant \u00e0 ses fils, Timothy dit\u00a0: \u00ab\u00a0Je voulais absolument qu\u2019ils soient dans le service d\u2019incendie, mais je ne voulais pas qu\u2019ils le fassent simplement parce que je voulais qu\u2019ils soient l\u00e0\u00a0; Je voulais qu\u2019ils s\u2019assurent qu\u2019ils savaient que c\u2019\u00e9tait ce qu\u2019ils voulaient faire. Je les ai pouss\u00e9s dans une direction, et s\u2019ils revenaient, je savais qu\u2019ils voulaient vraiment le faire.  <\/p>\n<\/div>\n\n\n<figure class=\"wp-block-pullquote\"><blockquote><p>Je suis tr\u00e8s reconnaissant parce qu\u2019en tant qu\u2019enfant, vous n\u2019\u00eates pas s\u00fbr de ce que vous allez faire, mais apr\u00e8s \u00eatre entr\u00e9 dans le travail, j\u2019\u00e9tais tr\u00e8s reconnaissant que mon p\u00e8re \u00e9tait un pompier.<\/p><cite>Timothy Wilson, chef de bataillon<\/cite><\/blockquote><\/figure>\n\n\n<div class=\"wp-block-paragraph \">\n<p><\/p>\n<\/div>\n\n<div class=\"wp-block-paragraph \">\n<p>Et choisissez qu\u2019ils l\u2019ont fait. Austin et Evan ont tous deux d\u00e9cid\u00e9 de devenir pompiers, poursuivant un long h\u00e9ritage de d\u00e9vouement et de service avec la section locale 344.   <\/p>\n<\/div>\n\n<div class=\"wp-block-paragraph \">\n<p>\u00ab \u00c9tant capable de regarder mon p\u00e8re et comment il traverse sa vie et se porte, j\u2019ai beaucoup appris et j\u2019ai pu prendre cela de lui, et l\u2019appliquer \u00e0 ma propre vie, et \u00e0 ce que je construis avec ma famille \u00bb, a d\u00e9clar\u00e9 Austin.  <\/p>\n<\/div>\n\n<div class=\"wp-block-paragraph \">\n<p>Evan dit que son voyage s\u2019est av\u00e9r\u00e9 \u00eatre l\u2019une des meilleures d\u00e9cisions qu\u2019il ait prises. \u00ab Je n\u2019aurais jamais pens\u00e9 devenir pompier, mais maintenant j\u2019adore \u00e7a \u00bb, a-t-il dit.   <\/p>\n<\/div>\n\n<div class=\"wp-block-paragraph \">\n<p>Timothy dit que sa famille a vu beaucoup de changements au fil des ans. \u00ab\u00a0\u00c0 l\u2019\u00e9poque de mon p\u00e8re, les choses ne changeaient pas autant \u00e0 Detroit. Quand il est parti en 2002, nous luttions encore contre les incendies et ne faisions que de la lutte contre les incendies, mais nous avons connu beaucoup de changements \u00bb, a d\u00e9clar\u00e9 Timothy. \u00ab Mes fils sont arriv\u00e9s apr\u00e8s les changements, alors j\u2019ai vu les deux mondes&#8230; Et maintenant, nous faisons beaucoup de courses m\u00e9dicales. Le travail de SMU est vraiment devenu pr\u00e9dominant, et la ville a fait demi-tour. Nos incendies sont en panne, donc il fallait que cela se produise.   <\/p>\n<\/div>\n\n\n<figure class=\"wp-block-pullquote\"><blockquote><p>\u00ab \u00catre au service d\u2019incendie, c\u2019est comme une fraternit\u00e9, une deuxi\u00e8me famille. Beaucoup de gars que je connais sont amis avec ma famille, et c\u2019est sp\u00e9cial de partager cela avec eux. <\/p><cite>Austin Wilson, membre de la section locale 344, pompier<\/cite><\/blockquote><\/figure>\n\n\n<div class=\"wp-block-paragraph \">\n<p><\/p>\n<\/div>\n\n<div class=\"wp-block-paragraph \">\n<p>La famille Wilson appr\u00e9cie le soutien et la solidarit\u00e9 du syndicat depuis sa cr\u00e9ation. \u00ab\u00a0Notre arri\u00e8re-grand-p\u00e8re [Emil] a commenc\u00e9 notre union ici \u00e0 Detroit et a \u00e9t\u00e9 vice-pr\u00e9sident\u00a0\u00bb, a d\u00e9clar\u00e9 Timothy. \u00ab Il y a toujours eu une histoire selon laquelle sa retraite en 1942, apr\u00e8s 25 ans, \u00e9tait parce que la ville ne voulait pas traiter avec l\u2019AIP. \u00bb   <\/p>\n<\/div>\n\n<div class=\"wp-block-paragraph \">\n<p>Passant le flambeau de g\u00e9n\u00e9ration en g\u00e9n\u00e9ration, ils font face aux victoires et aux d\u00e9fis du travail avec leurs fr\u00e8res et s\u0153urs dans le service d\u2019incendie.  <\/p>\n<\/div>\n\n<div class=\"wp-block-paragraph \">\n<p>\u00ab \u00catre au service d\u2019incendie, c\u2019est comme une fraternit\u00e9, une deuxi\u00e8me famille. Beaucoup de gars que je connais sont amis avec ma famille, et c\u2019est sp\u00e9cial de partager cela avec eux \u00bb, a d\u00e9clar\u00e9 Austin.  <\/p>\n<\/div>\n\n<div class=\"wp-block-paragraph \">\n<p>\u00ab Je suis reconnaissant \u00e0 mon beau-p\u00e8re de m\u2019avoir guid\u00e9 ici. \u00c9tant mari\u00e9e jeune, j\u2019avais besoin de s\u00e9curit\u00e9, et le service d\u2019incendie l\u2019a fournie. Je ne savais pas dans quoi je m\u2019embargotais, mais une fois que je l\u2019ai fait, j\u2019ai ador\u00e9 \u00bb, a d\u00e9clar\u00e9 Harry.  <\/p>\n<\/div>\n\n\n<figure class=\"wp-block-gallery has-nested-images columns-default is-cropped wp-block-gallery-1 is-layout-flex wp-block-gallery-is-layout-flex\">\n<figure data-wp-context=\"{&quot;imageId&quot;:&quot;69f24f48b1fa4&quot;}\" data-wp-interactive=\"core\/image\" data-wp-key=\"69f24f48b1fa4\" class=\"wp-block-image size-large wp-lightbox-container\"><img decoding=\"async\" width=\"480\" height=\"640\" data-wp-class--hide=\"state.isContentHidden\" data-wp-class--show=\"state.isContentVisible\" data-wp-init=\"callbacks.setButtonStyles\" data-wp-on--click=\"actions.showLightbox\" data-wp-on--load=\"callbacks.setButtonStyles\" data-wp-on-window--resize=\"callbacks.setButtonStyles\" data-id=\"73574\" src=\"https:\/\/www.iaff.org\/wp-content\/uploads\/2024\/06\/image0-rotated.jpeg\" alt=\"\" class=\"wp-image-73574\" srcset=\"https:\/\/www.iaff.org\/wp-content\/uploads\/2024\/06\/image0-rotated.jpeg 480w, https:\/\/www.iaff.org\/wp-content\/uploads\/2024\/06\/image0-225x300.jpeg 225w, https:\/\/www.iaff.org\/wp-content\/uploads\/2024\/06\/image0-180x240.jpeg 180w\" sizes=\"(max-width: 480px) 100vw, 480px\" \/><button\n\t\t\tclass=\"lightbox-trigger\"\n\t\t\ttype=\"button\"\n\t\t\taria-haspopup=\"dialog\"\n\t\t\taria-label=\"Enlarge\"\n\t\t\tdata-wp-init=\"callbacks.initTriggerButton\"\n\t\t\tdata-wp-on--click=\"actions.showLightbox\"\n\t\t\tdata-wp-style--right=\"state.imageButtonRight\"\n\t\t\tdata-wp-style--top=\"state.imageButtonTop\"\n\t\t>\n\t\t\t<svg xmlns=\"http:\/\/www.w3.org\/2000\/svg\" width=\"12\" height=\"12\" fill=\"none\" viewBox=\"0 0 12 12\">\n\t\t\t\t<path fill=\"#fff\" d=\"M2 0a2 2 0 0 0-2 2v2h1.5V2a.5.5 0 0 1 .5-.5h2V0H2Zm2 10.5H2a.5.5 0 0 1-.5-.5V8H0v2a2 2 0 0 0 2 2h2v-1.5ZM8 12v-1.5h2a.5.5 0 0 0 .5-.5V8H12v2a2 2 0 0 1-2 2H8Zm2-12a2 2 0 0 1 2 2v2h-1.5V2a.5.5 0 0 0-.5-.5H8V0h2Z\" \/>\n\t\t\t<\/svg>\n\t\t<\/button><figcaption class=\"wp-element-caption\">Emil C. Doll (1917-1942) photo de service de 1940.  <\/figcaption><\/figure>\n\n\n\n<figure data-wp-context=\"{&quot;imageId&quot;:&quot;69f24f48b2c39&quot;}\" data-wp-interactive=\"core\/image\" data-wp-key=\"69f24f48b2c39\" class=\"wp-block-image size-large wp-lightbox-container\"><img decoding=\"async\" width=\"1024\" height=\"768\" data-wp-class--hide=\"state.isContentHidden\" data-wp-class--show=\"state.isContentVisible\" data-wp-init=\"callbacks.setButtonStyles\" data-wp-on--click=\"actions.showLightbox\" data-wp-on--load=\"callbacks.setButtonStyles\" data-wp-on-window--resize=\"callbacks.setButtonStyles\" data-id=\"73576\" src=\"https:\/\/www.iaff.org\/wp-content\/uploads\/2024\/06\/Detroit-3-1024x768.jpeg\" alt=\"\" class=\"wp-image-73576\" srcset=\"https:\/\/www.iaff.org\/wp-content\/uploads\/2024\/06\/Detroit-3-1024x768.jpeg 1024w, https:\/\/www.iaff.org\/wp-content\/uploads\/2024\/06\/Detroit-3-300x225.jpeg 300w, https:\/\/www.iaff.org\/wp-content\/uploads\/2024\/06\/Detroit-3-768x576.jpeg 768w, https:\/\/www.iaff.org\/wp-content\/uploads\/2024\/06\/Detroit-3-240x180.jpeg 240w, https:\/\/www.iaff.org\/wp-content\/uploads\/2024\/06\/Detroit-3-1067x800.jpeg 1067w, https:\/\/www.iaff.org\/wp-content\/uploads\/2024\/06\/Detroit-3-1080x810.jpeg 1080w, https:\/\/www.iaff.org\/wp-content\/uploads\/2024\/06\/Detroit-3.jpeg 1280w\" sizes=\"(max-width: 1024px) 100vw, 1024px\" \/><button\n\t\t\tclass=\"lightbox-trigger\"\n\t\t\ttype=\"button\"\n\t\t\taria-haspopup=\"dialog\"\n\t\t\taria-label=\"Enlarge\"\n\t\t\tdata-wp-init=\"callbacks.initTriggerButton\"\n\t\t\tdata-wp-on--click=\"actions.showLightbox\"\n\t\t\tdata-wp-style--right=\"state.imageButtonRight\"\n\t\t\tdata-wp-style--top=\"state.imageButtonTop\"\n\t\t>\n\t\t\t<svg xmlns=\"http:\/\/www.w3.org\/2000\/svg\" width=\"12\" height=\"12\" fill=\"none\" viewBox=\"0 0 12 12\">\n\t\t\t\t<path fill=\"#fff\" d=\"M2 0a2 2 0 0 0-2 2v2h1.5V2a.5.5 0 0 1 .5-.5h2V0H2Zm2 10.5H2a.5.5 0 0 1-.5-.5V8H0v2a2 2 0 0 0 2 2h2v-1.5ZM8 12v-1.5h2a.5.5 0 0 0 .5-.5V8H12v2a2 2 0 0 1-2 2H8Zm2-12a2 2 0 0 1 2 2v2h-1.5V2a.5.5 0 0 0-.5-.5H8V0h2Z\" \/>\n\t\t\t<\/svg>\n\t\t<\/button><figcaption class=\"wp-element-caption\">Austin, Evan et Timothy Wilson.<\/figcaption><\/figure>\n\n\n\n<figure data-wp-context=\"{&quot;imageId&quot;:&quot;69f24f48b3ab2&quot;}\" data-wp-interactive=\"core\/image\" data-wp-key=\"69f24f48b3ab2\" class=\"wp-block-image size-large wp-lightbox-container\"><img decoding=\"async\" width=\"1024\" height=\"768\" data-wp-class--hide=\"state.isContentHidden\" data-wp-class--show=\"state.isContentVisible\" data-wp-init=\"callbacks.setButtonStyles\" data-wp-on--click=\"actions.showLightbox\" data-wp-on--load=\"callbacks.setButtonStyles\" data-wp-on-window--resize=\"callbacks.setButtonStyles\" data-id=\"73580\" src=\"https:\/\/www.iaff.org\/wp-content\/uploads\/2024\/06\/Detroit-1.jpeg\" alt=\"\" class=\"wp-image-73580\" srcset=\"https:\/\/www.iaff.org\/wp-content\/uploads\/2024\/06\/Detroit-1.jpeg 1024w, https:\/\/www.iaff.org\/wp-content\/uploads\/2024\/06\/Detroit-1-300x225.jpeg 300w, https:\/\/www.iaff.org\/wp-content\/uploads\/2024\/06\/Detroit-1-768x576.jpeg 768w, https:\/\/www.iaff.org\/wp-content\/uploads\/2024\/06\/Detroit-1-240x180.jpeg 240w\" sizes=\"(max-width: 1024px) 100vw, 1024px\" \/><button\n\t\t\tclass=\"lightbox-trigger\"\n\t\t\ttype=\"button\"\n\t\t\taria-haspopup=\"dialog\"\n\t\t\taria-label=\"Enlarge\"\n\t\t\tdata-wp-init=\"callbacks.initTriggerButton\"\n\t\t\tdata-wp-on--click=\"actions.showLightbox\"\n\t\t\tdata-wp-style--right=\"state.imageButtonRight\"\n\t\t\tdata-wp-style--top=\"state.imageButtonTop\"\n\t\t>\n\t\t\t<svg xmlns=\"http:\/\/www.w3.org\/2000\/svg\" width=\"12\" height=\"12\" fill=\"none\" viewBox=\"0 0 12 12\">\n\t\t\t\t<path fill=\"#fff\" d=\"M2 0a2 2 0 0 0-2 2v2h1.5V2a.5.5 0 0 1 .5-.5h2V0H2Zm2 10.5H2a.5.5 0 0 1-.5-.5V8H0v2a2 2 0 0 0 2 2h2v-1.5ZM8 12v-1.5h2a.5.5 0 0 0 .5-.5V8H12v2a2 2 0 0 1-2 2H8Zm2-12a2 2 0 0 1 2 2v2h-1.5V2a.5.5 0 0 0-.5-.5H8V0h2Z\" \/>\n\t\t\t<\/svg>\n\t\t<\/button><figcaption class=\"wp-element-caption\">La famille Wilson travaille ensemble.<\/figcaption><\/figure>\n<\/figure>\n\n<\/div><\/section>\n","protected":false},"featured_media":73579,"menu_order":0,"template":"","tags":[],"class_list":["post-80375","news","type-news","status-publish","has-post-thumbnail","hentry"],"acf":[],"publishpress_future_workflow_manual_trigger":{"enabledWorkflows":[]},"_links":{"self":[{"href":"https:\/\/www.iaff.org\/fr-ca\/wp-json\/wp\/v2\/news\/80375","targetHints":{"allow":["GET"]}}],"collection":[{"href":"https:\/\/www.iaff.org\/fr-ca\/wp-json\/wp\/v2\/news"}],"about":[{"href":"https:\/\/www.iaff.org\/fr-ca\/wp-json\/wp\/v2\/types\/news"}],"version-history":[{"count":0,"href":"https:\/\/www.iaff.org\/fr-ca\/wp-json\/wp\/v2\/news\/80375\/revisions"}],"wp:featuredmedia":[{"embeddable":true,"href":"https:\/\/www.iaff.org\/fr-ca\/wp-json\/wp\/v2\/media\/73579"}],"wp:attachment":[{"href":"https:\/\/www.iaff.org\/fr-ca\/wp-json\/wp\/v2\/media?parent=80375"}],"wp:term":[{"taxonomy":"post_tag","embeddable":true,"href":"https:\/\/www.iaff.org\/fr-ca\/wp-json\/wp\/v2\/tags?post=80375"}],"curies":[{"name":"wp","href":"https:\/\/api.w.org\/{rel}","templated":true}]}}