{"id":80342,"date":"2024-05-10T10:13:54","date_gmt":"2024-05-10T14:13:54","guid":{"rendered":"https:\/\/www.iaff.org\/news\/le-chef-de-bataillon-de-washington-ouvre-la-voie-a-sa-fille\/"},"modified":"2024-11-05T13:31:49","modified_gmt":"2024-11-05T18:31:49","slug":"le-chef-de-bataillon-de-washington-ouvre-la-voie-a-sa-fille","status":"publish","type":"news","link":"https:\/\/www.iaff.org\/fr-ca\/news\/le-chef-de-bataillon-de-washington-ouvre-la-voie-a-sa-fille\/","title":{"rendered":"Le chef de bataillon de Washington ouvre la voie \u00e0 sa fille"},"content":{"rendered":"<section\n\t class=\"page-blocks iaff-page-blocks align wp-block-acf-page-blocks\" id=\"page-blocks_block_620761d4dee5fddd7217bdcc16b8d6ab\">\n\t<div class=\"acf-innerblocks-container\">\n<div class=\"wp-block-paragraph \">\n<p>Lexi McGinnis est presque c\u00e9l\u00e8bre autour du service d\u2019incendie \u00e0 Seattle. Elle se souvient s\u2019\u00eatre montr\u00e9e \u00e0 un appel d\u2019urgence r\u00e9cemment et d\u2019un autre pompier disant : \u00ab H\u00e9, je te connais\u00a0! Tu es baby McGinnis\u00a0!   <\/p>\n<\/div>\n\n<div class=\"wp-block-paragraph \">\n<p>Elle est cela et plus encore. Lexi a \u00e9t\u00e9 pompier \u00e0 Renton, Washington, et membre de Renton, WA Local 864 pendant environ sept ans, poursuivant un chemin pav\u00e9 par sa m\u00e8re \u00ab\u00a0badass\u00a0\u00bb, Stephanie McGinnis, chef de bataillon \u00e0 la retraite d\u2019un an pour les pompiers du port de Seattle, et membre de la section locale 1257.   <\/p>\n<\/div>\n\n<div class=\"wp-block-paragraph \">\n<p>Lexi porte la fi\u00e8re tradition d\u2019un incendie de Seattle<s> <\/s>lutter contre la famille, et elle repr\u00e9sente un nombre croissant de jeunes femmes qui ont envisag\u00e9 la lutte contre les incendies et ont dit\u00a0: \u00ab\u00a0Je vais le faire.\u00a0\u00bb Sa m\u00e8re a \u00e9t\u00e9 la premi\u00e8re femme promue chef de bataillon dans l\u2019\u00c9tat de Washington.   <\/p>\n<\/div>\n\n<div class=\"wp-block-paragraph \">\n<p>Il y a encore relativement peu de femmes dans le service d\u2019incendie, encore moins avec maman et papa dans l\u2019entreprise. Son p\u00e8re, Merrick, s\u2019est joint aux pompiers \u00e0 la fin des ann\u00e9es 1990, suivant l\u2019exemple de Stephanie. Lexi a grandi avec le style de vie des pompiers avec les quarts de travail, les histoires, l\u2019engagement envers le service.    <\/p>\n<\/div>\n\n\n<figure class=\"wp-block-pullquote\"><blockquote><p>C\u2019\u00e9tait la chose la plus cool de tous les temps. Chaque jour, vous allez aider les gens, et vous faites de votre mieux pour am\u00e9liorer les choses. <\/p><cite>Stephanie Mcginnis, membre retrait\u00e9e de la section locale 1257<\/cite><\/blockquote><\/figure>\n\n\n<div class=\"wp-block-paragraph \">\n<p>\u00ab Quand j\u2019\u00e9tais enfant, je voyais ma m\u00e8re \u00e0 la caserne de pompiers ou lors d\u2019un appel. Je savais lequel elle \u00e9tait parce que je pouvais voir sa grande queue de cheval blonde sortir du dos de son casque \u00bb, a d\u00e9clar\u00e9 Lexi. \u00ab La d\u00e9cision de devenir pompier \u00e9tait certainement la mienne, mais je ne pense pas que je l\u2019aurais consid\u00e9r\u00e9e comme une option si je n\u2019avais pas eu des parents qui m\u2019avaient ouvert la voie. \u00bb   <\/p>\n<\/div>\n\n<div class=\"wp-block-paragraph \">\n<p>St\u00e9phanie \u00e9tait coiffeuse lorsqu\u2019un de ses clients a sugg\u00e9r\u00e9 qu\u2019elle pourrait \u00eatre pompier. Elle l\u2019a essay\u00e9, et la premi\u00e8re fois qu\u2019elle est mont\u00e9e sur un camion de pompiers, elle n\u2019a jamais regard\u00e9 en arri\u00e8re.   <\/p>\n<\/div>\n\n<div class=\"wp-block-paragraph \">\n<p>\u00ab C\u2019\u00e9tait la chose la plus cool de tous les temps. Chaque jour, vous allez aider les gens, et vous faites de votre mieux pour am\u00e9liorer les choses \u00bb, a d\u00e9clar\u00e9 Stephanie.  <\/p>\n<\/div>\n\n<div class=\"wp-block-paragraph \">\n<p>En repensant \u00e0 ses 27 ann\u00e9es dans le service d\u2019incendie, Stephanie dit que beaucoup de choses ont chang\u00e9 pour les femmes. Quand elle a commenc\u00e9,<s>l\u2019arrangement de sommeil s pour l\u2019\u00e9quipage<\/s> \u00e9tait une chambre expansive avec des lits, et une douche.   <\/p>\n<\/div>\n\n<div class=\"wp-block-paragraph \">\n<p>\u00ab Il n\u2019y avait pas beaucoup de femmes quand je venais ouvrir la voie et nous montrer des techniques comme comment porter une \u00e9chelle, comment tirer un tuyau \u00bb, a d\u00e9clar\u00e9 Stephanie. \u00ab Tout ce qui ouvre la voie est derri\u00e8re nous. C\u2019est beaucoup plus facile parce que les pompiers comme Lexi ont maintenant des mentors.   <\/p>\n<\/div>\n\n\n<figure class=\"wp-block-pullquote\"><blockquote><p>  Il est acceptable d\u2019\u00eatre des femmes et d\u2019avoir un travail physique.<\/p><cite>Lexi mcginnis, pompier, section locale 864<\/cite><\/blockquote><\/figure>\n\n\n<div class=\"wp-block-paragraph \">\n<p>Lexi a eu son premier vrai go\u00fbt pour la lutte contre les incendies \u00e0 l\u2019\u00e2ge de 17 ans au Camp Blaze, un camp de pompiers pour les jeunes femmes o\u00f9 on leur offre des exercices de premi\u00e8re main et le d\u00e9veloppement du leadership. Maintenant que trois ans dans sa carri\u00e8re professionnelle, Lexi esp\u00e8re que plus de jeunes femmes envisageront la lutte contre les incendies.   <\/p>\n<\/div>\n\n<div class=\"wp-block-paragraph \">\n<p>Avec de longues boucles blondes comme sa m\u00e8re, Lexi dit que les femmes n\u2019ont pas besoin d\u2019\u00eatre masculines pour \u00eatre de bons pompiers. \u00ab\u00a0Je n\u2019ai pas les cheveux courts et je ne suis pas super buff ou quoi que ce soit, mais j\u2019ai quand m\u00eame pu r\u00e9ussir. C\u2019est correct d\u2019\u00eatre des femmes et d\u2019avoir un travail physique \u00bb, dit Lexi.   <\/p>\n<\/div>\n\n<div class=\"wp-block-paragraph \">\n<p>L\u2019admiration de Lexi pour ses parents s\u2019\u00e9tend au-del\u00e0 de leur carri\u00e8re de pompier et \u00e0 leur retraite tout aussi active. Stephanie McGinnis a pris sa retraite en avril dernier et Merrick a pris sa retraite le lendemain. \u00ab Il \u00e9tait juste temps de sortir. \u00bb Ils ont vendu la plupart de leurs produits et ont mis le reste dans une unit\u00e9 de stockage, choisissant de voyager et de rendre visite \u00e0 des amis. Ils sont actuellement sur un long voyage de v\u00e9lo et de croisi\u00e8re \u00e0 travers l\u2019Europe.      <\/p>\n<\/div>\n\n\n<figure class=\"wp-block-gallery has-nested-images columns-default is-cropped wp-block-gallery-1 is-layout-flex wp-block-gallery-is-layout-flex\">\n<figure class=\"wp-block-image size-large\"><img decoding=\"async\" width=\"640\" height=\"512\" data-id=\"72599\" src=\"https:\/\/www.iaff.org\/wp-content\/uploads\/2024\/05\/image0.jpeg\" alt=\"\" class=\"wp-image-72599\" srcset=\"https:\/\/www.iaff.org\/wp-content\/uploads\/2024\/05\/image0.jpeg 640w, https:\/\/www.iaff.org\/wp-content\/uploads\/2024\/05\/image0-300x240.jpeg 300w, https:\/\/www.iaff.org\/wp-content\/uploads\/2024\/05\/image0-240x192.jpeg 240w\" sizes=\"(max-width: 640px) 100vw, 640px\" \/><\/figure>\n\n\n\n<figure class=\"wp-block-image size-large\"><img decoding=\"async\" width=\"450\" height=\"640\" data-id=\"72595\" src=\"https:\/\/www.iaff.org\/wp-content\/uploads\/2024\/05\/image2.jpeg\" alt=\"\" class=\"wp-image-72595\" srcset=\"https:\/\/www.iaff.org\/wp-content\/uploads\/2024\/05\/image2.jpeg 450w, https:\/\/www.iaff.org\/wp-content\/uploads\/2024\/05\/image2-211x300.jpeg 211w, https:\/\/www.iaff.org\/wp-content\/uploads\/2024\/05\/image2-169x240.jpeg 169w\" sizes=\"(max-width: 450px) 100vw, 450px\" \/><\/figure>\n<\/figure>\n\n<\/div><\/section>\n","protected":false},"featured_media":72600,"menu_order":0,"template":"","tags":[],"class_list":["post-80342","news","type-news","status-publish","has-post-thumbnail","hentry"],"acf":[],"publishpress_future_workflow_manual_trigger":{"enabledWorkflows":[]},"_links":{"self":[{"href":"https:\/\/www.iaff.org\/fr-ca\/wp-json\/wp\/v2\/news\/80342","targetHints":{"allow":["GET"]}}],"collection":[{"href":"https:\/\/www.iaff.org\/fr-ca\/wp-json\/wp\/v2\/news"}],"about":[{"href":"https:\/\/www.iaff.org\/fr-ca\/wp-json\/wp\/v2\/types\/news"}],"version-history":[{"count":0,"href":"https:\/\/www.iaff.org\/fr-ca\/wp-json\/wp\/v2\/news\/80342\/revisions"}],"wp:featuredmedia":[{"embeddable":true,"href":"https:\/\/www.iaff.org\/fr-ca\/wp-json\/wp\/v2\/media\/72600"}],"wp:attachment":[{"href":"https:\/\/www.iaff.org\/fr-ca\/wp-json\/wp\/v2\/media?parent=80342"}],"wp:term":[{"taxonomy":"post_tag","embeddable":true,"href":"https:\/\/www.iaff.org\/fr-ca\/wp-json\/wp\/v2\/tags?post=80342"}],"curies":[{"name":"wp","href":"https:\/\/api.w.org\/{rel}","templated":true}]}}